{"id":10419,"date":"2012-05-17T03:58:05","date_gmt":"2012-05-17T06:58:05","guid":{"rendered":"http:\/\/www.primerbrief.com\/?p=10419"},"modified":"2012-05-17T09:12:55","modified_gmt":"2012-05-17T12:12:55","slug":"daniel-balmaceda-en-tedxjovenriodelaplata","status":"publish","type":"post","link":"https:\/\/www.primerbrief.com\/?p=10419","title":{"rendered":"Daniel Balmaceda en TEDx Joven @ R\u00edoDeLaPlata"},"content":{"rendered":"<p><span style=\"font-size: 11pt\"><strong>(ARGENTINA) &#8211; El s\u00e1bado 19 se presentar\u00e1 en TEDxJoven@R\u00edoDeLaPlata Daniel Balmaceda, periodista, historiador y twittero estrella de PRIMER BRIEF. En esta nota se explica qu\u00e9 es TEDx y se da una alternativa para todos los que se hayan quedado afuera de las charlas.<\/strong><\/span><\/p>\n<p><a><img loading=\"lazy\" decoding=\"async\" src=\"http:\/\/www.primerbrief.com\/wp-content\/uploads\/2012\/05\/TEDxJoven@RiodelaPlata580.jpg\" alt=\"\" title=\"TEDxJoven@RiodelaPlata580\" width=\"580\" height=\"385\" class=\"alignleft size-full wp-image-10423\" srcset=\"https:\/\/www.primerbrief.com\/wp-content\/uploads\/2012\/05\/TEDxJoven@RiodelaPlata580.jpg 580w, https:\/\/www.primerbrief.com\/wp-content\/uploads\/2012\/05\/TEDxJoven@RiodelaPlata580-300x199.jpg 300w\" sizes=\"auto, (max-width: 580px) 100vw, 580px\" \/><\/a><br \/>\n<em>El s\u00e1bado, el evento ser\u00e1 en la <a href=\"http:\/\/www.ciudadculturalkonex.org\/\" onclick=\"_gaq.push(['_trackEvent', 'outbound-article', 'http:\/\/www.ciudadculturalkonex.org\/', 'Ciudad Cultural Konex']);\" target=\"_blank\">Ciudad Cultural Konex<\/a> el s\u00e1bado 19 de mayo. Y si te quedaste afuera del evento pod\u00e9s ver en vivo las charlas en <a href=\"http:\/\/www.tedxriodelaplata.org\/\" onclick=\"_gaq.push(['_trackEvent', 'outbound-article', 'http:\/\/www.tedxriodelaplata.org\/', 'este link']);\" target=\"_blank\">este link<\/a>.<\/em><\/p>\n<p><a href=\"http:\/\/www.ted.com\/\" onclick=\"_gaq.push(['_trackEvent', 'outbound-article', 'http:\/\/www.ted.com\/', 'TED']);\" target=\"_blank\">TED<\/a> es una organizaci\u00f3n sin fines de lucro dedicada a las \u201cideas que vale la pena difundir\u201d. Comenz\u00f3 hace ya 28 a\u00f1os en California como una conferencia que reun\u00eda personas de tres \u00e1mbitos diferentes: tecnolog\u00eda, entretenimiento y dise\u00f1o. Hoy su espectro es mucho m\u00e1s amplio: incluye arte, ciencia, negocios y problem\u00e1ticas globales a las que se enfrenta el mundo. El leitmotiv es cambiar actitudes y vidas. Con el mismo esp\u00edritu de difundir ideas, TED ha creado un programa llamado <a href=\"http:\/\/www.ted.com\/tedex\/\" onclick=\"_gaq.push(['_trackEvent', 'outbound-article', 'http:\/\/www.ted.com\/tedex\/', 'TEDx']);\" target=\"_blank\">TEDx<\/a>.<\/p>\n<p>TEDx es un programa de eventos locales independientemente organizados. El s\u00e1bado 19 TEDx presenta en la Argentina su programa Joven: el evento se llama <a href=\"http:\/\/www.tedxriodelaplata.org\/eventos\/tedxjovenr%C3%ADodelaplata-2012\" onclick=\"_gaq.push(['_trackEvent', 'outbound-article', 'http:\/\/www.tedxriodelaplata.org\/eventos\/tedxjovenr%C3%ADodelaplata-2012', 'TEDxJoven@R\u00edoDeLaPlata 2012']);\" target=\"_blank\">TEDxJoven@R\u00edoDeLaPlata 2012<\/a> y ser\u00e1 conducido por el periodista <a href=\"http:\/\/es.wikipedia.org\/wiki\/Mat%C3%ADas_Martin\" onclick=\"_gaq.push(['_trackEvent', 'outbound-article', 'http:\/\/es.wikipedia.org\/wiki\/Mat%C3%ADas_Martin', 'Mat\u00edas Martin']);\" target=\"_blank\">Mat\u00edas Martin<\/a>. Se combinar\u00e1n videos de charlas de TED y <a href=\"http:\/\/www.tedxriodelaplata.org\/eventos\/tedxjovenr%C3%ADodelaplata-2012?s=o\" onclick=\"_gaq.push(['_trackEvent', 'outbound-article', 'http:\/\/www.tedxriodelaplata.org\/eventos\/tedxjovenr%C3%ADodelaplata-2012?s=o', 'oradores']);\" target=\"_blank\">oradores<\/a> en vivo para disparar una conversaci\u00f3n y conexi\u00f3n profunda entre los asistentes. <\/p>\n<p><a href=\"http:\/\/www.primerbrief.com\/wp-content\/uploads\/2012\/05\/Balmaceda.jpg\" onclick=\"_gaq.push(['_trackEvent', 'outbound-article-int', 'http:\/\/www.primerbrief.com\/wp-content\/uploads\/2012\/05\/Balmaceda.jpg', '']);\" target=\"_blank\"><img loading=\"lazy\" decoding=\"async\" align=\"left\" width=\"60\" src=\"http:\/\/www.primerbrief.com\/wp-content\/uploads\/2012\/05\/Balmaceda60.jpg\" height=\"60\" style=\"margin: 5px 10px 0px 0px\" \/><\/a><a href=\"http:\/\/www.tedxriodelaplata.org\/orador\/daniel-balmaceda?e_u=\/eventos\/tedxjovenr%C3%ADodelaplata-2012&#038;m=sg\" onclick=\"_gaq.push(['_trackEvent', 'outbound-article', 'http:\/\/www.tedxriodelaplata.org\/orador\/daniel-balmaceda?e_u=\/eventos\/tedxjovenr%C3%ADodelaplata-2012&#038;m=sg', 'Daniel Balmaceda']);\" target=\"_blank\">Daniel Balmaceda<\/a>, el creador de los <a href=\"http:\/\/www.primerbrief.com\/?page_id=2410\" onclick=\"_gaq.push(['_trackEvent', 'outbound-article-int', 'http:\/\/www.primerbrief.com\/?page_id=2410', 'Tweets de Balmaceda']);\" target=\"_blank\">Tweets de Balmaceda<\/a> de PRIMER BRIEF, ser\u00e1 uno de los 15 oradores del s\u00e1bado. Daniel es periodista, miembro titular y vitalicio de la Sociedad Argentina de Historiadores y miembro de la Uni\u00f3n de C\u00f3ndores de las Am\u00e9ricas. Por si eso parec\u00eda poco, tambi\u00e9n es el autor de varios libros sobre historia del pa\u00eds y del mundo, como \u00abEspadas y Corazones\u00bb, \u00abRomances turbulentos de la historia argentina\u00bb, \u00abHistorias de corceles y de acero\u00bb, \u00abBiograf\u00eda no autorizada de 1910\u00bb e \u00abHistorias de las palabras\u00bb.<\/p>\n<div align=\"left\">&#160;<\/div>\n<div align=\"left\">&#160;<\/div>\n","protected":false},"excerpt":{"rendered":"<p>(ARGENTINA) &#8211; El s\u00e1bado 19 se presentar\u00e1 en TEDxJoven@R\u00edoDeLaPlata Daniel Balmaceda, periodista, historiador y twittero estrella de PRIMER BRIEF. En esta nota se explica qu\u00e9 es TEDx y se da una alternativa para todos los que se hayan quedado afuera de las charlas. El s\u00e1bado, el evento ser\u00e1 en la Ciudad Cultural Konex el s\u00e1bado 19 de mayo. Y si [&hellip;]<\/p>\n","protected":false},"author":3,"featured_media":10424,"comment_status":"open","ping_status":"open","sticky":false,"template":"","format":"standard","meta":{"footnotes":""},"categories":[1156],"tags":[26,1327,421,775,774],"class_list":["post-10419","post","type-post","status-publish","format-standard","has-post-thumbnail","hentry","category-eventos","tag-argentina","tag-ciudad-cultural-konex-argentina","tag-daniel-balmaceda-argentina","tag-ted","tag-tedx-rio-de-la-plata"],"_links":{"self":[{"href":"https:\/\/www.primerbrief.com\/index.php?rest_route=\/wp\/v2\/posts\/10419","targetHints":{"allow":["GET"]}}],"collection":[{"href":"https:\/\/www.primerbrief.com\/index.php?rest_route=\/wp\/v2\/posts"}],"about":[{"href":"https:\/\/www.primerbrief.com\/index.php?rest_route=\/wp\/v2\/types\/post"}],"author":[{"embeddable":true,"href":"https:\/\/www.primerbrief.com\/index.php?rest_route=\/wp\/v2\/users\/3"}],"replies":[{"embeddable":true,"href":"https:\/\/www.primerbrief.com\/index.php?rest_route=%2Fwp%2Fv2%2Fcomments&post=10419"}],"version-history":[{"count":8,"href":"https:\/\/www.primerbrief.com\/index.php?rest_route=\/wp\/v2\/posts\/10419\/revisions"}],"predecessor-version":[{"id":10457,"href":"https:\/\/www.primerbrief.com\/index.php?rest_route=\/wp\/v2\/posts\/10419\/revisions\/10457"}],"wp:featuredmedia":[{"embeddable":true,"href":"https:\/\/www.primerbrief.com\/index.php?rest_route=\/wp\/v2\/media\/10424"}],"wp:attachment":[{"href":"https:\/\/www.primerbrief.com\/index.php?rest_route=%2Fwp%2Fv2%2Fmedia&parent=10419"}],"wp:term":[{"taxonomy":"category","embeddable":true,"href":"https:\/\/www.primerbrief.com\/index.php?rest_route=%2Fwp%2Fv2%2Fcategories&post=10419"},{"taxonomy":"post_tag","embeddable":true,"href":"https:\/\/www.primerbrief.com\/index.php?rest_route=%2Fwp%2Fv2%2Ftags&post=10419"}],"curies":[{"name":"wp","href":"https:\/\/api.w.org\/{rel}","templated":true}]}}