{"id":10617,"date":"2012-05-30T04:00:32","date_gmt":"2012-05-30T07:00:32","guid":{"rendered":"http:\/\/www.primerbrief.com\/?p=10617"},"modified":"2012-05-30T00:59:23","modified_gmt":"2012-05-30T03:59:23","slug":"una-idea-que-le-gana-a-la-crisis","status":"publish","type":"post","link":"https:\/\/www.primerbrief.com\/?p=10617","title":{"rendered":"Una idea que le gana a la crisis"},"content":{"rendered":"<p><span style=\"font-size: 11pt\"><strong> (ESPA\u00d1A) &#8211; Estudiantes de publicidad reunieron a m\u00e1s de 50 de personas en la Plaza Zorrilla de Valladolid gracias a una campa\u00f1a viral con el objetivo de alegrar un poco a las personas que por all\u00ed pasaban.<\/strong><\/span><\/p>\n<p><iframe loading=\"lazy\" width=\"580\" height=\"326\" src=\"http:\/\/www.youtube.com\/embed\/2uIBiU2Gk0I\" frameborder=\"0\" allowfullscreen><\/iframe><br \/>\n<em>Mensaje en una botella.<\/em><\/p>\n<p>&nbsp;<br \/>\n<img loading=\"lazy\" decoding=\"async\" src=\"http:\/\/www.primerbrief.com\/wp-content\/uploads\/2011\/06\/staff-nadia11.jpg\" width=\"60\" height=\"60\" class=\"alignleft size-full wp-image-4110\" style=\"margin: 0px 10px 0px 0px\" \/><strong>POR <a href=\"http:\/\/www.primerbrief.com\/?tag=pancho-dondo-argentina\" onclick=\"_gaq.push(['_trackEvent', 'outbound-article-int', 'http:\/\/www.primerbrief.com\/?tag=pancho-dondo-argentina', 'NACHU FUSCO']);\" target=\"_blank\">NACHU FUSCO<\/a><\/strong><br \/>\nDe la redacci\u00f3n de PB <\/p>\n<p style=\"clear:left;\">\n<p>&nbsp;<br \/>\nNo es raro que con la crisis que se est\u00e1 viviendo en Espa\u00f1a los j\u00f3venes se pongan al hombro la situaci\u00f3n de su pa\u00eds e intenten solucionarlo. Esta vez un grupo de estudiantes de publicidad de la <a href=\"http:\/\/www.uemc.es\/es\/Paginas\/default.aspx\" onclick=\"_gaq.push(['_trackEvent', 'outbound-article', 'http:\/\/www.uemc.es\/es\/Paginas\/default.aspx', 'Universidad Europea de Miguel de Cervantes']);\" target=\"_blank\">Universidad Europea de Miguel de Cervantes<\/a> de Valladolid intentaron \u2014y lograron\u2014 con mucho esfuerzo, imaginaci\u00f3n y ayuda de las redes sociales convocar a medio centenar de personas en la Plaza Zorrilla.<\/p>\n<p>La causa, para los convocados, era completamente desconocida: se les ped\u00eda que llevaran una botella de pl\u00e1stico vac\u00eda. Una vez reunidos all\u00ed, el pasado 6 de mayo, la intriga se termin\u00f3 cuando uno de los estudiantes organizadores, Jos\u00e9 Luis Munuera, explic\u00f3 el objetivo: ser positivos y contagiar al resto.<\/p>\n<p>La consigna fue escribir en un papel un mensaje positivo, ya fuera una frase o un saludo, lo primero que se les pasara por la cabeza. El papel, una vez enrollado, se guardar\u00eda en la botella para ser entregado en mano a quienes paseaban por la calle. Todos los participantes se distingu\u00edan con un pin azul y una gran sonrisa.<\/p>\n<p>Los otros estudiantes y organizadores son Eva Rey del R\u00edo, Clara Berbel y Gemma Carrillo, quienes se encargaban de repartir los marcadores y lapiceras.<\/p>\n<p>Nadie se qued\u00f3 afuera de esta movida, desde se\u00f1ores mayores hasta chicos de jard\u00edn de infantes. Esta campa\u00f1a fue un \u00e9xito total, todos salieron felices y con mensajes de positividad. Queda en claro entonces que para ser m\u00e1s felices s\u00f3lo se necesita una buena idea.<\/p>\n<div align=\"left\">&#160;<\/div>\n<div align=\"left\">&#160;<\/div>\n","protected":false},"excerpt":{"rendered":"<p>(ESPA\u00d1A) &#8211; Estudiantes de publicidad reunieron a m\u00e1s de 50 de personas en la Plaza Zorrilla de Valladolid gracias a una campa\u00f1a viral con el objetivo de alegrar un poco a las personas que por all\u00ed pasaban. Mensaje en una botella. &nbsp; POR NACHU FUSCO De la redacci\u00f3n de PB &nbsp; No es raro que con la crisis que se [&hellip;]<\/p>\n","protected":false},"author":3,"featured_media":10618,"comment_status":"open","ping_status":"open","sticky":false,"template":"","format":"standard","meta":{"footnotes":""},"categories":[16],"tags":[1397,48,1396,1398,1395,1394],"class_list":["post-10617","post","type-post","status-publish","format-standard","has-post-thumbnail","hentry","category-estudiantes","tag-clara-berbel-espana","tag-espana","tag-eva-rey-del-rio-espana","tag-gemma-carrillo-espana","tag-jose-luis-munuera-espana","tag-universidad-europea-de-miguel-de-cervantes-espana"],"_links":{"self":[{"href":"https:\/\/www.primerbrief.com\/index.php?rest_route=\/wp\/v2\/posts\/10617","targetHints":{"allow":["GET"]}}],"collection":[{"href":"https:\/\/www.primerbrief.com\/index.php?rest_route=\/wp\/v2\/posts"}],"about":[{"href":"https:\/\/www.primerbrief.com\/index.php?rest_route=\/wp\/v2\/types\/post"}],"author":[{"embeddable":true,"href":"https:\/\/www.primerbrief.com\/index.php?rest_route=\/wp\/v2\/users\/3"}],"replies":[{"embeddable":true,"href":"https:\/\/www.primerbrief.com\/index.php?rest_route=%2Fwp%2Fv2%2Fcomments&post=10617"}],"version-history":[{"count":8,"href":"https:\/\/www.primerbrief.com\/index.php?rest_route=\/wp\/v2\/posts\/10617\/revisions"}],"predecessor-version":[{"id":10654,"href":"https:\/\/www.primerbrief.com\/index.php?rest_route=\/wp\/v2\/posts\/10617\/revisions\/10654"}],"wp:featuredmedia":[{"embeddable":true,"href":"https:\/\/www.primerbrief.com\/index.php?rest_route=\/wp\/v2\/media\/10618"}],"wp:attachment":[{"href":"https:\/\/www.primerbrief.com\/index.php?rest_route=%2Fwp%2Fv2%2Fmedia&parent=10617"}],"wp:term":[{"taxonomy":"category","embeddable":true,"href":"https:\/\/www.primerbrief.com\/index.php?rest_route=%2Fwp%2Fv2%2Fcategories&post=10617"},{"taxonomy":"post_tag","embeddable":true,"href":"https:\/\/www.primerbrief.com\/index.php?rest_route=%2Fwp%2Fv2%2Ftags&post=10617"}],"curies":[{"name":"wp","href":"https:\/\/api.w.org\/{rel}","templated":true}]}}