{"id":10747,"date":"2012-06-07T03:59:07","date_gmt":"2012-06-07T06:59:07","guid":{"rendered":"http:\/\/www.primerbrief.com\/?p=10747"},"modified":"2012-06-06T23:05:43","modified_gmt":"2012-06-07T02:05:43","slug":"se-distribuyo-la-revista-primer-brief-2","status":"publish","type":"post","link":"https:\/\/www.primerbrief.com\/?p=10747","title":{"rendered":"Se distribuy\u00f3 la revista PRIMER BRIEF #2"},"content":{"rendered":"<p><span style=\"font-size: 11pt\"><strong>(ARGENTINA) &#8211; En los primeros cinco d\u00edas de este mes m\u00e1s de 2.800 estudiantes de publicidad de la Capital Federal y el Gran Buenos Aires recibieron gratis su ejemplar de PRIMER BRIEF. Esta vez, los inmortalizados en la excelente foto de tapa de Andy Cherniavsky fueron los seis estudiantes que el 14 de mayo terminaron su pasant\u00eda de seis meses en el programa Young de Young: Alba Barrachina y Ana Duque (de Underground), Julieta Chichotky y Cynthia Leguizam\u00f3n (de la Escuelita) y David Olivera y Patricio Reali (del ISP). En la nota, el art\u00edculo editorial de esta edici\u00f3n.<\/strong><\/span><\/p>\n<p><a href=\"http:\/\/www.primerbrief.com\/wp-content\/uploads\/2012\/06\/PBR-01Abril2012-02Mayo2012-Tapas-GR.jpg\" onclick=\"_gaq.push(['_trackEvent', 'outbound-article-int', 'http:\/\/www.primerbrief.com\/wp-content\/uploads\/2012\/06\/PBR-01Abril2012-02Mayo2012-Tapas-GR.jpg', '']);\" ><img loading=\"lazy\" decoding=\"async\" src=\"http:\/\/www.primerbrief.com\/wp-content\/uploads\/2012\/06\/PBR-01Abril2012-02Mayo2012-Tapas-580px.jpg\" alt=\"\" title=\"PBR-#01Abril2012-#02Mayo2012-Tapas-580px\" width=\"580\" height=\"397\" class=\"alignleft size-full wp-image-10750\" srcset=\"https:\/\/www.primerbrief.com\/wp-content\/uploads\/2012\/06\/PBR-01Abril2012-02Mayo2012-Tapas-580px.jpg 580w, https:\/\/www.primerbrief.com\/wp-content\/uploads\/2012\/06\/PBR-01Abril2012-02Mayo2012-Tapas-580px-300x205.jpg 300w\" sizes=\"auto, (max-width: 580px) 100vw, 580px\" \/><\/a><br \/>\n<em>Las tapas de los dos n\u00fameros de la revista publicados hasta el momento: las producciones de las fotos son siempre de <a href=\"http:\/\/www.andych.com.ar\" onclick=\"_gaq.push(['_trackEvent', 'outbound-article', 'http:\/\/www.andych.com.ar', 'Andy Cherniavsky']);\" target=\"_blank\">Andy Cherniavsky<\/a>, y en esta edici\u00f3n, sobre una idea de Young &#038; Rubicam, el make up estuvo a cargo de Javier Luna Crook y Cecilia Ribera para <a href=\"https:\/\/www.facebook.com\/pages\/PINK-Unicorn\/163309687131350\" onclick=\"_gaq.push(['_trackEvent', 'outbound-article', 'https:\/\/www.facebook.com\/pages\/PINK-Unicorn\/163309687131350', 'Pink Unicorn']);\" target=\"_blank\">Pink Unicorn<\/a>; los peinados, de Hern\u00e1n Abruzzesi para <a href=\"http:\/\/www.peluqueriaglow.com.ar\/\" onclick=\"_gaq.push(['_trackEvent', 'outbound-article', 'http:\/\/www.peluqueriaglow.com.ar\/', 'Glow Estudio']);\" target=\"_blank\">Glow Estudio<\/a>; la producci\u00f3n, de Manuela Chiarante y Mariela Luj\u00e1n Tranquilo para <a href=\"http:\/\/www.institutoinse.com.ar\/\" onclick=\"_gaq.push(['_trackEvent', 'outbound-article', 'http:\/\/www.institutoinse.com.ar\/', 'INSE']);\" target=\"_blank\">INSE<\/a>; y el retoque fotogr\u00e1fico, de Alejandro Cohen y Ana Luz Sanz para <a href=\"http:\/\/www.alaireproducciones.com.ar\/\" onclick=\"_gaq.push(['_trackEvent', 'outbound-article', 'http:\/\/www.alaireproducciones.com.ar\/', 'Al Aire Producciones']);\" target=\"_blank\">Al Aire Producciones<\/a>.<\/em><\/p>\n<p>&nbsp;<br \/>\n<strong>EDITORIAL<\/strong><br \/>\n<span style=\"font-size: 11pt\"><strong>\u00bfCHAU BRAINSTORMINGS?<\/strong><\/span><\/p>\n<p>En casi cualquier aula del mundo en la que se ense\u00f1e creatividad, la palabra <em>brainstorming<\/em> es una de las religiones intocables. La <em>tormenta de ideas<\/em> naci\u00f3 como concepto y como pr\u00e1ctica cuando Alex Osborn (la O de BBDO) public\u00f3, en 1948, el libro <em>Your creative power<\/em> (<em>Tu poder creativo<\/em>), que en los Estados Unidos de comienzos de los a\u00f1os 50 se convirti\u00f3 en un impredecible <em>best seller<\/em>. En poco tiempo el brainstorming fue un rito sagrado en todas las agencias de publicidad. Y lo sigue siendo.<\/p>\n<p>\u00bfEn qu\u00e9 consiste? Tu profe de creatividad probablemente te lo explique sobre tres conceptos b\u00e1sicos: trabajar en grupo, decir libremente lo primero que a cada uno le venga a la mente y cancelar por completo el juicio cr\u00edtico sobre las ideas de los dem\u00e1s. Sin embargo, a m\u00e1s de 60 a\u00f1os de la publicaci\u00f3n de sus postulados, muy pocos publicitarios se atrevieron a enfrentar la pregunta clave: \u00bffunciona?<\/p>\n<p>El periodista Jonah Lehrer, en su reci\u00e9n publicado libro <em>Imagine: How creativity works<\/em> (<em>Imagin\u00e1: C\u00f3mo funciona la creatividad<\/em>), sostiene que no. Pero no lo afirma como una simple opini\u00f3n personal, sino sobre la base de varias de pruebas emp\u00edricas, la primera de las cuales data de 1958. Varios experimentos universitarios compararon el rendimiento de grupos puestos a trabajar con la consigna del <em>brainstorming<\/em> versus otros que trabajaron primero de modo individual para, reci\u00e9n despu\u00e9s, pasar al debate y la cr\u00edtica. Los resultados fueron siempre contundentes a favor del segundo grupo. \u00abQuiz\u00e1s el debate sea menos placentero \u2014sostiene Charlan Nemeth, profesora de psicolog\u00eda de la Universidad de Berkeley\u2014. Pero siempre ser\u00e1 m\u00e1s productivo. La verdadera creatividad requiere algunos sacrificios\u00bb.<\/p>\n<p>\u00bfC\u00f3mo vas a sugerir que trabaje tu equipo cuando un profe les encargue el pr\u00f3ximo trabajo pr\u00e1ctico grupal?<\/p>\n<p>&nbsp;<br \/>\n<span style=\"font-size: 11pt\"><strong>LA REVISTA #2, COMPLETA<\/strong><\/span><\/p>\n<div><object style=\"width:580px;height:408px\" ><param name=\"movie\" value=\"http:\/\/static.issuu.com\/webembed\/viewers\/style1\/v2\/IssuuReader.swf?mode=mini&amp;printButtonEnabled=false&amp;backgroundColor=%23222222&amp;documentId=120528160755-5774a491966f4238a2911cd41e052693\" \/><param name=\"allowfullscreen\" value=\"true\"\/><param name=\"menu\" value=\"false\"\/><param name=\"wmode\" value=\"transparent\"\/><embed src=\"http:\/\/static.issuu.com\/webembed\/viewers\/style1\/v2\/IssuuReader.swf\" type=\"application\/x-shockwave-flash\" allowfullscreen=\"true\" menu=\"false\" wmode=\"transparent\" style=\"width:580px;height:408px\" flashvars=\"mode=mini&amp;printButtonEnabled=false&amp;backgroundColor=%23222222&amp;documentId=120528160755-5774a491966f4238a2911cd41e052693\" \/><\/object><\/div>\n<div align=\"left\">&#160;<\/div>\n<div align=\"left\">&#160;<\/div>\n","protected":false},"excerpt":{"rendered":"<p>(ARGENTINA) &#8211; En los primeros cinco d\u00edas de este mes m\u00e1s de 2.800 estudiantes de publicidad de la Capital Federal y el Gran Buenos Aires recibieron gratis su ejemplar de PRIMER BRIEF. Esta vez, los inmortalizados en la excelente foto de tapa de Andy Cherniavsky fueron los seis estudiantes que el 14 de mayo terminaron su pasant\u00eda de seis meses [&hellip;]<\/p>\n","protected":false},"author":3,"featured_media":10748,"comment_status":"open","ping_status":"open","sticky":false,"template":"","format":"standard","meta":{"footnotes":""},"categories":[3],"tags":[26,1415,1319],"class_list":["post-10747","post","type-post","status-publish","format-standard","has-post-thumbnail","hentry","category-institucional","tag-argentina","tag-lanzamientos","tag-primer-brief-revista"],"_links":{"self":[{"href":"https:\/\/www.primerbrief.com\/index.php?rest_route=\/wp\/v2\/posts\/10747","targetHints":{"allow":["GET"]}}],"collection":[{"href":"https:\/\/www.primerbrief.com\/index.php?rest_route=\/wp\/v2\/posts"}],"about":[{"href":"https:\/\/www.primerbrief.com\/index.php?rest_route=\/wp\/v2\/types\/post"}],"author":[{"embeddable":true,"href":"https:\/\/www.primerbrief.com\/index.php?rest_route=\/wp\/v2\/users\/3"}],"replies":[{"embeddable":true,"href":"https:\/\/www.primerbrief.com\/index.php?rest_route=%2Fwp%2Fv2%2Fcomments&post=10747"}],"version-history":[{"count":2,"href":"https:\/\/www.primerbrief.com\/index.php?rest_route=\/wp\/v2\/posts\/10747\/revisions"}],"predecessor-version":[{"id":10753,"href":"https:\/\/www.primerbrief.com\/index.php?rest_route=\/wp\/v2\/posts\/10747\/revisions\/10753"}],"wp:featuredmedia":[{"embeddable":true,"href":"https:\/\/www.primerbrief.com\/index.php?rest_route=\/wp\/v2\/media\/10748"}],"wp:attachment":[{"href":"https:\/\/www.primerbrief.com\/index.php?rest_route=%2Fwp%2Fv2%2Fmedia&parent=10747"}],"wp:term":[{"taxonomy":"category","embeddable":true,"href":"https:\/\/www.primerbrief.com\/index.php?rest_route=%2Fwp%2Fv2%2Fcategories&post=10747"},{"taxonomy":"post_tag","embeddable":true,"href":"https:\/\/www.primerbrief.com\/index.php?rest_route=%2Fwp%2Fv2%2Ftags&post=10747"}],"curies":[{"name":"wp","href":"https:\/\/api.w.org\/{rel}","templated":true}]}}