{"id":10900,"date":"2012-06-19T03:59:46","date_gmt":"2012-06-19T06:59:46","guid":{"rendered":"http:\/\/www.primerbrief.com\/?p=10900"},"modified":"2012-06-19T06:11:53","modified_gmt":"2012-06-19T09:11:53","slug":"llega-el-bepi-2012","status":"publish","type":"post","link":"https:\/\/www.primerbrief.com\/?p=10900","title":{"rendered":"Un concurso que no pod\u00e9s perderte"},"content":{"rendered":"<p><span style=\"font-size: 11pt\"><strong>(ARGENTINA) &#8211; Este a\u00f1o, de la mano del rebautizado Festival de la Publicidad Independiente, FePI (antes era el Festival Publicitario del Interior), vuelve a llegar una gran oportunidad para los estudiantes de publicidad y afines: llega la cuarta edici\u00f3n del BePI, el concurso para futuros profesionales. Te queda un mes y medio para anotarte.<\/strong><\/span><\/p>\n<p><a><img loading=\"lazy\" decoding=\"async\" src=\"http:\/\/www.primerbrief.com\/wp-content\/uploads\/2012\/06\/bepi580.jpg\" alt=\"\" title=\"bepi580\" width=\"580\" height=\"300\" class=\"alignleft size-full wp-image-10903\" srcset=\"https:\/\/www.primerbrief.com\/wp-content\/uploads\/2012\/06\/bepi580.jpg 580w, https:\/\/www.primerbrief.com\/wp-content\/uploads\/2012\/06\/bepi580-300x155.jpg 300w\" sizes=\"auto, (max-width: 580px) 100vw, 580px\" \/><\/a><br \/>\n<em>Las inscripciones cierran el mi\u00e9rcoles 8 de agosto.<\/em><\/p>\n<p>&nbsp;<br \/>\nEl <a href=\"http:\/\/fepi.com.ar\/#\" onclick=\"_gaq.push(['_trackEvent', 'outbound-article', 'http:\/\/fepi.com.ar\/#', 'Festival de la Publicidad Independiente']);\" target=\"_blank\">Festival de la Publicidad Independiente<\/a> fue creado en la ciudad de Rosario en el a\u00f1o 2007. Luego pas\u00f3 por C\u00f3rdoba (2008), Mar del Plata (2009), Mendoza (2010) y Tucum\u00e1n (2011), siempre con la caracter\u00edstica principal de premiar exclusivamente a la producci\u00f3n independiente originada fuera de la Capital Federal. El FePl es esencialmente un festival de ideas y distingue la creatividad, la eficiencia y la innovaci\u00f3n de las mejores acciones comunicacionales y entrega el premio Inodoro Pereyra, inspirado en la imagen cedida personalmente por el inolvidable Roberto \u201cNegro\u201d Fontanarrosa de su personaje m\u00e1s famoso (que en la pieza aparece junto a su inseparable Mendieta).<\/p>\n<p>Este a\u00f1o el FePI vuelve a llegar acompa\u00f1ado por una oportunidad imperdible para los estudiantes de publicidad, dise\u00f1o, creatividad, marketing y comunicaci\u00f3n y carreras a fines de todos los pa\u00edses de Latinoam\u00e9rica: el certamen BePl, que fue creado en 2009 para que los futuros profesionales pudieran mostrar su talento y su capacidad creativa a un jurado integrado por profesionales publicitarios, dise\u00f1adores, docentes, periodistas y creativos.<\/p>\n<p>Los participantes deber\u00e1n responder todos al mismo brief y crear una campa\u00f1a. El caso de esta edici\u00f3n ser\u00e1 <a href=\"http:\/\/proyectoagua.org\/\" onclick=\"_gaq.push(['_trackEvent', 'outbound-article', 'http:\/\/proyectoagua.org\/', 'Proyecto Agua']);\" target=\"_blank\">Proyecto Agua<\/a>, una iniciativa de un grupo de personas que busca concientizar y ofrecer una soluci\u00f3n concreta al problema del agua no segura. Con esta campa\u00f1a se pretende movilizar a otros para que difundan e implementen la soluci\u00f3n dentro de su propia comunidad. <\/p>\n<p>Todos los materiales enviados, adem\u00e1s de competir, ser\u00e1n exhibidos en la Muestra de Gr\u00e1fica del FePl 2012, en el complejo Pueblo L\u00edmite de la ciudad de Villa Gesell (provincia de Buenos Aires, Argentina), los d\u00edas 26, 27 y 28 de septiembre pr\u00f3ximos.<\/p>\n<p>Los interesados deben ingresar al sito del FePI, registrarse en el <a href=\"http:\/\/app.fepi.com.ar\/participantes\/index.php\" onclick=\"_gaq.push(['_trackEvent', 'outbound-article', 'http:\/\/app.fepi.com.ar\/participantes\/index.php', 'sistema de inscripci\u00f3n on-line']);\" target=\"_blank\">sistema de inscripci\u00f3n on-line<\/a> como estudiantes y completar los datos de la dupla participante. Hay tiempo hasta el 8 de agosto.<\/p>\n<div align=\"left\">&#160;<\/div>\n<div align=\"left\">&#160;<\/div>\n","protected":false},"excerpt":{"rendered":"<p>(ARGENTINA) &#8211; Este a\u00f1o, de la mano del rebautizado Festival de la Publicidad Independiente, FePI (antes era el Festival Publicitario del Interior), vuelve a llegar una gran oportunidad para los estudiantes de publicidad y afines: llega la cuarta edici\u00f3n del BePI, el concurso para futuros profesionales. Te queda un mes y medio para anotarte. Las inscripciones cierran el mi\u00e9rcoles 8 [&hellip;]<\/p>\n","protected":false},"author":3,"featured_media":10901,"comment_status":"open","ping_status":"open","sticky":false,"template":"","format":"standard","meta":{"footnotes":""},"categories":[1156],"tags":[26,1431,1437],"class_list":["post-10900","post","type-post","status-publish","format-standard","has-post-thumbnail","hentry","category-eventos","tag-argentina","tag-bepi-argentina","tag-festival-de-la-publicidad-independiente-fepi"],"_links":{"self":[{"href":"https:\/\/www.primerbrief.com\/index.php?rest_route=\/wp\/v2\/posts\/10900","targetHints":{"allow":["GET"]}}],"collection":[{"href":"https:\/\/www.primerbrief.com\/index.php?rest_route=\/wp\/v2\/posts"}],"about":[{"href":"https:\/\/www.primerbrief.com\/index.php?rest_route=\/wp\/v2\/types\/post"}],"author":[{"embeddable":true,"href":"https:\/\/www.primerbrief.com\/index.php?rest_route=\/wp\/v2\/users\/3"}],"replies":[{"embeddable":true,"href":"https:\/\/www.primerbrief.com\/index.php?rest_route=%2Fwp%2Fv2%2Fcomments&post=10900"}],"version-history":[{"count":8,"href":"https:\/\/www.primerbrief.com\/index.php?rest_route=\/wp\/v2\/posts\/10900\/revisions"}],"predecessor-version":[{"id":10931,"href":"https:\/\/www.primerbrief.com\/index.php?rest_route=\/wp\/v2\/posts\/10900\/revisions\/10931"}],"wp:featuredmedia":[{"embeddable":true,"href":"https:\/\/www.primerbrief.com\/index.php?rest_route=\/wp\/v2\/media\/10901"}],"wp:attachment":[{"href":"https:\/\/www.primerbrief.com\/index.php?rest_route=%2Fwp%2Fv2%2Fmedia&parent=10900"}],"wp:term":[{"taxonomy":"category","embeddable":true,"href":"https:\/\/www.primerbrief.com\/index.php?rest_route=%2Fwp%2Fv2%2Fcategories&post=10900"},{"taxonomy":"post_tag","embeddable":true,"href":"https:\/\/www.primerbrief.com\/index.php?rest_route=%2Fwp%2Fv2%2Ftags&post=10900"}],"curies":[{"name":"wp","href":"https:\/\/api.w.org\/{rel}","templated":true}]}}