{"id":10917,"date":"2012-06-18T10:22:44","date_gmt":"2012-06-18T13:22:44","guid":{"rendered":"http:\/\/www.primerbrief.com\/?p=10917"},"modified":"2013-05-26T11:57:13","modified_gmt":"2013-05-26T14:57:13","slug":"primer-brief-lanzo-su-revista-3-y-ya-esta-en-cannes-para-cubrir-el-festival","status":"publish","type":"post","link":"https:\/\/www.primerbrief.com\/?p=10917","title":{"rendered":"PRIMER BRIEF lanz\u00f3 su revista #3 y ya est\u00e1 en Cannes para cubrir el Festival"},"content":{"rendered":"<p><span style=\"font-size: 11pt\"><strong>(INTERNACIONAL &#8211; Enviado especial a Cannes, Francia) &#8211; Como resultado de un enorme esfuerzo, la revista n\u00famero 3 de PRIMER BRIEF adelant\u00f3 su salida de imprenta para llegar a tiempo de ser distribuida antes del Festival de Cannes, que arranc\u00f3 ayer en Francia: el viernes las escuelas y universidades donde PB se reparte recibieron sus ejemplares y hoy PB ya est\u00e1 en Cannes, con su director Pancho Dondo como enviado especial. Desde hoy, la intenci\u00f3n es cubrir todo lo relacionado con el mundo de los estudiantes y el llamado Campeonato Mundial de la Publicidad; en especial, la performance de Las Rodr\u00edguez como Young Media Lions argentinas, las estudiantes de La Fundaci\u00f3n y profesionales de Carat que son tapa de la revista.<\/strong><\/span><\/p>\n<p><a href=\"http:\/\/www.primerbrief.com\/wp-content\/uploads\/2012\/06\/ARG-PB3EnCannes-GR.gif\" onclick=\"_gaq.push(['_trackEvent', 'outbound-article-int', 'http:\/\/www.primerbrief.com\/wp-content\/uploads\/2012\/06\/ARG-PB3EnCannes-GR.gif', '']);\" ><img loading=\"lazy\" decoding=\"async\" src=\"http:\/\/www.primerbrief.com\/wp-content\/uploads\/2012\/06\/ARG-PB3EnCannes-580px.gif\" alt=\"\" title=\"ARG-PB#3EnCannes-580px\" width=\"580\" height=\"326\" class=\"alignleft size-full wp-image-10920\" srcset=\"https:\/\/www.primerbrief.com\/wp-content\/uploads\/2012\/06\/ARG-PB3EnCannes-580px.gif 580w, https:\/\/www.primerbrief.com\/wp-content\/uploads\/2012\/06\/ARG-PB3EnCannes-580px-300x168.gif 300w\" sizes=\"auto, (max-width: 580px) 100vw, 580px\" \/><\/a><br \/>\n<em>En cuatro im\u00e1genes consecutivas, la presencia de PB en Cannes: 1) el director Pancho Dondo y la revista #3 frente al Palais des Festivals, sede del evento; 2) la estanter\u00eda de todos los medios especializados que se reparten en el Festival, con el lugar reservado para PB a la derecha; 3) un lector de PB frente al Mediterr\u00e1neo; 4) PB presente en la sala de prensa del evento.<\/em><\/p>\n<p>&nbsp;<br \/>\n<img loading=\"lazy\" decoding=\"async\" src=\"http:\/\/www.primerbrief.com\/wp-content\/uploads\/2011\/06\/staff-pancho1.jpg\" width=\"60\" height=\"60\" class=\"alignleft size-full wp-image-4110\" style=\"margin: 0px 10px 0px 0px\" \/><strong>POR <a href=\"http:\/\/www.primerbrief.com\/?tag=pancho-dondo-argentina\" onclick=\"_gaq.push(['_trackEvent', 'outbound-article-int', 'http:\/\/www.primerbrief.com\/?tag=pancho-dondo-argentina', 'PANCHO DONDO']);\" target=\"_blank\">PANCHO DONDO<\/a><\/strong><br \/>\nDirector de PB<br \/>\n<em>(Fotos: PD)<\/em><\/p>\n<p style=\"clear:left;\">\n<p>&nbsp;<br \/>\nHac\u00eda falta mucha velocidad: hab\u00edamos publicado y distribuido el n\u00famero 2 de PRIMER BRIEF en papel a comienzos de junio, cuando de pronto surgi\u00f3 la posibilidad de que PB, a menos de un a\u00f1o de su nacimiento como medio, llegara con su tercera edici\u00f3n al Campeonato Mundial de la Publicidad: el Festival Internacional de Cannes.<\/p>\n<p>La corrida incluy\u00f3 todas las gestiones para que nuestra eterna Andy Cherniavsky pudiera tomar las fotos de Agustina y Melisa Rodr\u00edguez (las estudiantes de La Fundaci\u00f3n y profesionales de Carat que est\u00e1n en Cannes como Young Media Lions argentinas) para nuestra portada; el acuerdo con el Festival para volver a publicar su aviso dirigido a j\u00f3venes publicitarios de todo Iberoam\u00e9rica en nuestra contratapa (acuerdo que permiti\u00f3 que PB figurara entre los <a href=\"http:\/\/www.canneslions.com\/press\/media_supporters.cfm\" onclick=\"_gaq.push(['_trackEvent', 'outbound-article', 'http:\/\/www.canneslions.com\/press\/media_supporters.cfm', 'media supporters']);\" target=\"_blank\">media supporters<\/a> del Festival; las acreditaciones de prensa que permitieran acceder a la cobertura; y sobre todo completar el contenido y los auspicios de una nueva edici\u00f3n de la revista en tiempo r\u00e9cord: gracias, justamente, por eso, a nuestros sponsors <a href=\"http:\/\/www.unimoron.edu.ar\" onclick=\"_gaq.push(['_trackEvent', 'outbound-article', 'http:\/\/www.unimoron.edu.ar', 'Universidad de Mor\u00f3n']);\" target=\"_blank\">Universidad de Mor\u00f3n<\/a>, <a href=\"http:\/\/www.escuelaindustria.com\" onclick=\"_gaq.push(['_trackEvent', 'outbound-article', 'http:\/\/www.escuelaindustria.com', 'Escuela Industria']);\" target=\"_blank\">Escuela Industria<\/a>, <a href=\"http:\/\/www.lafundacion.edu.ar\" onclick=\"_gaq.push(['_trackEvent', 'outbound-article', 'http:\/\/www.lafundacion.edu.ar', 'La Fundaci\u00f3n']);\" target=\"_blank\">La Fundaci\u00f3n<\/a>, <a href=\"http:\/\/www.aaap.org.ar\/isp\/\" onclick=\"_gaq.push(['_trackEvent', 'outbound-article', 'http:\/\/www.aaap.org.ar\/isp\/', 'Instituto Superior de Publicidad']);\" target=\"_blank\">Instituto Superior de Publicidad<\/a> y <a href=\"http:\/\/www.miamiadschool.com.ar\/\" onclick=\"_gaq.push(['_trackEvent', 'outbound-article', 'http:\/\/www.miamiadschool.com.ar\/', 'Miami Ad School']);\" target=\"_blank\">Miami Ad School<\/a>, que dieron una mano fundamental para que PRIMER BRIEF hoy est\u00e9 escribiendo esto desde Cannes.<\/p>\n<p>Asimismo, la <a href=\"http:\/\/www.canneslions.com\/under_30s\/the_academies.cfm#29-129-550\" onclick=\"_gaq.push(['_trackEvent', 'outbound-article', 'http:\/\/www.canneslions.com\/under_30s\/the_academies.cfm#29-129-550', 'Roger Hatchuel Academy']);\" target=\"_blank\">Roger Hatchuel Academy<\/a>, el espacio de formaci\u00f3n que el festival tiene reservado a los estudiantes de todo el mundo, ser\u00e1 una de las protagonistas de la cobertura.<\/p>\n<p>&nbsp;<br \/>\n<span style=\"font-size: 11pt\"><strong>LA EDICI\u00d3N N\u00daMERO 3 COMPLETA<\/strong><\/span><br \/>\n<iframe src=\"http:\/\/docs.google.com\/gview?url=http:\/\/www.primerbrief.com\/wp-content\/uploads\/2012\/06\/PBR3.pdf&#038;embedded=true\" style=\"width:580px; height:450px;\" frameborder=\"0\"><\/iframe><\/p>\n<div align=\"left\">&#160;<\/div>\n<div align=\"left\">&#160;<\/div>\n","protected":false},"excerpt":{"rendered":"<p>(INTERNACIONAL &#8211; Enviado especial a Cannes, Francia) &#8211; Como resultado de un enorme esfuerzo, la revista n\u00famero 3 de PRIMER BRIEF adelant\u00f3 su salida de imprenta para llegar a tiempo de ser distribuida antes del Festival de Cannes, que arranc\u00f3 ayer en Francia: el viernes las escuelas y universidades donde PB se reparte recibieron sus ejemplares y hoy PB ya [&hellip;]<\/p>\n","protected":false},"author":3,"featured_media":10918,"comment_status":"open","ping_status":"open","sticky":false,"template":"","format":"standard","meta":{"footnotes":""},"categories":[3],"tags":[1438,1436,1435,27,216,295],"class_list":["post-10917","post","type-post","status-publish","format-standard","has-post-thumbnail","hentry","category-institucional","tag-cannes-2012","tag-festival-internacional-de-la-publicidad-de-cannes","tag-francia","tag-internacional","tag-pancho-dondo-argentina","tag-primer-brief"],"_links":{"self":[{"href":"https:\/\/www.primerbrief.com\/index.php?rest_route=\/wp\/v2\/posts\/10917","targetHints":{"allow":["GET"]}}],"collection":[{"href":"https:\/\/www.primerbrief.com\/index.php?rest_route=\/wp\/v2\/posts"}],"about":[{"href":"https:\/\/www.primerbrief.com\/index.php?rest_route=\/wp\/v2\/types\/post"}],"author":[{"embeddable":true,"href":"https:\/\/www.primerbrief.com\/index.php?rest_route=\/wp\/v2\/users\/3"}],"replies":[{"embeddable":true,"href":"https:\/\/www.primerbrief.com\/index.php?rest_route=%2Fwp%2Fv2%2Fcomments&post=10917"}],"version-history":[{"count":7,"href":"https:\/\/www.primerbrief.com\/index.php?rest_route=\/wp\/v2\/posts\/10917\/revisions"}],"predecessor-version":[{"id":18364,"href":"https:\/\/www.primerbrief.com\/index.php?rest_route=\/wp\/v2\/posts\/10917\/revisions\/18364"}],"wp:featuredmedia":[{"embeddable":true,"href":"https:\/\/www.primerbrief.com\/index.php?rest_route=\/wp\/v2\/media\/10918"}],"wp:attachment":[{"href":"https:\/\/www.primerbrief.com\/index.php?rest_route=%2Fwp%2Fv2%2Fmedia&parent=10917"}],"wp:term":[{"taxonomy":"category","embeddable":true,"href":"https:\/\/www.primerbrief.com\/index.php?rest_route=%2Fwp%2Fv2%2Fcategories&post=10917"},{"taxonomy":"post_tag","embeddable":true,"href":"https:\/\/www.primerbrief.com\/index.php?rest_route=%2Fwp%2Fv2%2Ftags&post=10917"}],"curies":[{"name":"wp","href":"https:\/\/api.w.org\/{rel}","templated":true}]}}