{"id":11510,"date":"2012-07-25T04:00:40","date_gmt":"2012-07-25T07:00:40","guid":{"rendered":"http:\/\/www.primerbrief.com\/?p=11510"},"modified":"2012-07-25T01:01:10","modified_gmt":"2012-07-25T04:01:10","slug":"la-historia-de-la-publicidad-argentina-condensada-en-un-encuentro","status":"publish","type":"post","link":"https:\/\/www.primerbrief.com\/?p=11510","title":{"rendered":"La historia de la publicidad argentina condensada en un encuentro"},"content":{"rendered":"<p><span style=\"font-size: 11pt\"><strong>(ARGENTINA) \u2013 El jueves de la semana pasada, por iniciativa de PRIMER BRIEF, uno de los fot\u00f3grafos m\u00e1s profundamente ligados a la publicidad argentina, Edgardo Filloy, se encontr\u00f3 en la redacci\u00f3n de este medio en el barrio porte\u00f1o de Almagro con Juliana Ratto, la hija del gran David, y le hizo un regalo sorpresa. \u00abUn encuentro emocionante\u00bb, seg\u00fan ella misma confesar\u00eda al d\u00eda siguiente en Facebook.<\/strong><\/span><\/p>\n<p><a href=\"http:\/\/www.primerbrief.com\/wp-content\/uploads\/2012\/07\/ARG-EdgardoFilloyConJulianaRattoEnPB-FotoDanielaRamos-GR.jpg\" onclick=\"_gaq.push(['_trackEvent', 'outbound-article-int', 'http:\/\/www.primerbrief.com\/wp-content\/uploads\/2012\/07\/ARG-EdgardoFilloyConJulianaRattoEnPB-FotoDanielaRamos-GR.jpg', '']);\" ><img loading=\"lazy\" decoding=\"async\" src=\"http:\/\/www.primerbrief.com\/wp-content\/uploads\/2012\/07\/ARG-EdgardoFilloyConJulianaRattoEnPB-FotoDanielaRamos-580px.jpg\" alt=\"\" title=\"ARG-EdgardoFilloyConJulianaRattoEnPB-FotoDanielaRamos-580px\" width=\"580\" height=\"354\" class=\"alignleft size-full wp-image-11524\" srcset=\"https:\/\/www.primerbrief.com\/wp-content\/uploads\/2012\/07\/ARG-EdgardoFilloyConJulianaRattoEnPB-FotoDanielaRamos-580px.jpg 580w, https:\/\/www.primerbrief.com\/wp-content\/uploads\/2012\/07\/ARG-EdgardoFilloyConJulianaRattoEnPB-FotoDanielaRamos-580px-300x183.jpg 300w\" sizes=\"auto, (max-width: 580px) 100vw, 580px\" \/><\/a><br \/>\n<em>El momento clave del encuentro: cuando Edgardo Filloy le regal\u00f3 a Juliana Ratto la foto que \u00e9l mismo le hab\u00eda tomado a su padre en 1984, constancia de autenticidad incluida. (Fotos del encuentro: <a href=\"http:\/\/www.primerbrief.com\/?tag=daniela-ramos-argentina\" onclick=\"_gaq.push(['_trackEvent', 'outbound-article-int', 'http:\/\/www.primerbrief.com\/?tag=daniela-ramos-argentina', 'Daniela Ramos']);\" target=\"_blank\">Daniela Ramos<\/a>)<\/em><\/p>\n<p>&nbsp;<br \/>\n\u00abAyer, jueves 19 de julio, Pancho Dondo me invita a PB a encontrarme con &#8216;alguien&#8217; que me quer\u00eda entregar algo a m\u00ed especialmente \u2014escribi\u00f3 el viernes 20 Juliana Ratto en su grupo de Facebook, <a href=\"http:\/\/www.facebook.com\/groups\/misanecdotascondavidratto\/\" onclick=\"_gaq.push(['_trackEvent', 'outbound-article', 'http:\/\/www.facebook.com\/groups\/misanecdotascondavidratto\/', 'Mis an\u00e9cdotas con David Ratto']);\" target=\"_blank\">Mis an\u00e9cdotas con David Ratto<\/a>, creado por ella misma para reunir a tanta gente que, entre 1948 y 2004, los a\u00f1os activos de David, trabaj\u00f3 con su viejo\u2014. Ah\u00ed me encontr\u00e9 con Edgardo Filloy. Un encuentro emocionante realmente. A pura historia y an\u00e9cdota viva. Edgardo saca de pronto un sobre y me lo entrega&#8230; y ah\u00ed estaba \u00e9l: <a href=\"http:\/\/es.wikipedia.org\/wiki\/David_Ratto\" onclick=\"_gaq.push(['_trackEvent', 'outbound-article', 'http:\/\/es.wikipedia.org\/wiki\/David_Ratto', 'mi viejo']);\" target=\"_blank\">mi viejo<\/a>. Una foto del a\u00f1o 84. Mi emoci\u00f3n fue incontenible y disfraz\u00e1ndola como pude en un abrazo fuerte le dije que no hab\u00eda podido hacerme mejor regalo. Gracias una y otra vez\u00bb.<\/p>\n<p>&nbsp;<br \/>\n<span style=\"font-size: 11pt\"><strong>LA FOTO<\/strong><\/span><\/p>\n<p><a href=\"http:\/\/www.primerbrief.com\/wp-content\/uploads\/2012\/07\/ARG-DavidRattoPorEdgardoFilloy-1984-GR.jpg\" onclick=\"_gaq.push(['_trackEvent', 'outbound-article-int', 'http:\/\/www.primerbrief.com\/wp-content\/uploads\/2012\/07\/ARG-DavidRattoPorEdgardoFilloy-1984-GR.jpg', '']);\" ><img loading=\"lazy\" decoding=\"async\" src=\"http:\/\/www.primerbrief.com\/wp-content\/uploads\/2012\/07\/ARG-DavidRattoPorEdgardoFilloy-1984-580px.jpg\" alt=\"\" title=\"ARG-DavidRattoPorEdgardoFilloy-1984-580px\" width=\"580\" height=\"768\" class=\"alignleft size-full wp-image-11526\" srcset=\"https:\/\/www.primerbrief.com\/wp-content\/uploads\/2012\/07\/ARG-DavidRattoPorEdgardoFilloy-1984-580px.jpg 580w, https:\/\/www.primerbrief.com\/wp-content\/uploads\/2012\/07\/ARG-DavidRattoPorEdgardoFilloy-1984-580px-226x300.jpg 226w\" sizes=\"auto, (max-width: 580px) 100vw, 580px\" \/><\/a><br \/>\n<em>\u00abTomarle un retrato a tu viejo no era f\u00e1cil \u2014record\u00f3 Filloy al entregarle el retrato a Juliana\u2014. \u00c9l siempre ten\u00eda problemas con ese grano que ten\u00eda en el lado izquierdo del labio. Por eso me acuerdo muy bien que lo que le propuse aquel d\u00eda fue que simplemente se mordiera el labio, a ver c\u00f3mo quedaba. Y as\u00ed sali\u00f3, en un gesto que me parece que, por otra parte, era muy t\u00edpico en \u00e9l\u00bb.<\/em><\/p>\n<p>&nbsp;<br \/>\n<span style=\"font-size: 11pt\"><strong>\u00bfY QUI\u00c9N ES FILLOY?<\/strong><\/span><\/p>\n<p>Estudi\u00f3 Ciencias Sociales, pero se dedic\u00f3 a la fotograf\u00eda. Se dedica a la imagen desde hace m\u00e1s de medio siglo, pero le encanta escribir, y lo hace muy bien. Fue fot\u00f3grafo publicitario desde la d\u00e9cada de 1950 hasta comienzos del siglo XXI. Trabaj\u00f3 para decenas de agencias y cientos de marcas. Adem\u00e1s de Ratto, retrat\u00f3 a publicitarios como Ricardo de Luca, Federico Ortiz, Joaqu\u00edn G\u00f3mez Bas y Alberto Scopesi. Tiene 72 a\u00f1os y la mayor parte de su carrera transcurri\u00f3 mucho antes de la fotograf\u00eda digital, pero lo primero que hace al presentarse ante un desconocido es sacar del bolsillo un disco externo de 1TB y anunciar: \u00abAqu\u00ed est\u00e1 encerrada toda mi vida\u00bb.<\/p>\n<p>Otras fotos de su nexo con la historia de la publicidad argentina que enorgullecen a Filloy son estas dos:<\/p>\n<p><a href=\"http:\/\/www.primerbrief.com\/wp-content\/uploads\/2012\/07\/FotosEdgardoFilloy-OgilvyYLaPaisanada-GR.jpg\" onclick=\"_gaq.push(['_trackEvent', 'outbound-article-int', 'http:\/\/www.primerbrief.com\/wp-content\/uploads\/2012\/07\/FotosEdgardoFilloy-OgilvyYLaPaisanada-GR.jpg', '']);\" ><img loading=\"lazy\" decoding=\"async\" src=\"http:\/\/www.primerbrief.com\/wp-content\/uploads\/2012\/07\/FotosEdgardoFilloy-OgilvyYLaPaisanada-299x199px.jpg\" alt=\"\" title=\"FotosEdgardoFilloy-OgilvyYLaPaisanada-299x199px\" width=\"299\" height=\"199\" class=\"alignleft size-full wp-image-11518\" \/><\/a><a href=\"http:\/\/www.primerbrief.com\/wp-content\/uploads\/2012\/07\/FotosEdgardoFilloy-AgenciaDR-GR.jpg\" onclick=\"_gaq.push(['_trackEvent', 'outbound-article-int', 'http:\/\/www.primerbrief.com\/wp-content\/uploads\/2012\/07\/FotosEdgardoFilloy-AgenciaDR-GR.jpg', '']);\" ><img loading=\"lazy\" decoding=\"async\" src=\"http:\/\/www.primerbrief.com\/wp-content\/uploads\/2012\/07\/FotosEdgardoFilloy-AgenciaDR-261x199px.jpg\" alt=\"\" title=\"FotosEdgardoFilloy-AgenciaDR-261x199px\" width=\"261\" height=\"199\" class=\"alignleft size-full wp-image-11520\" \/><\/a><br \/>\n<em>A la izquierda, David Ogilvy en San Antonio de Areco, 1971 (para esa foto, realizada cuando el publicitario ingl\u00e9s viaj\u00f3 a la Argentina a concretar la fusi\u00f3n de Ortiz, Scopesi, Ratto con Ogilvy &#038; Mather, quien contact\u00f3 a Filloy para \u00abcontratarlo\u00bb fue el mismo David). A la derecha, el flamante edificio de David Ratto SA en Cinco Esquinas, Libertad y Juncal, con todo su staff asomado a los dos balcones, en 1979.<\/em><\/p>\n<p>&nbsp;<br \/>\n<span style=\"font-size: 11pt\"><strong>OTRAS IM\u00c1GENES DEL ENCUENTRO<\/strong><\/span><\/p>\n<p><a href=\"http:\/\/www.primerbrief.com\/wp-content\/uploads\/2012\/07\/ARG-EdgardoFilloyConJulianaRattoYPanchoDondoEnPB-FotoDanielaRamos-GR.jpg\" onclick=\"_gaq.push(['_trackEvent', 'outbound-article-int', 'http:\/\/www.primerbrief.com\/wp-content\/uploads\/2012\/07\/ARG-EdgardoFilloyConJulianaRattoYPanchoDondoEnPB-FotoDanielaRamos-GR.jpg', '']);\" ><img loading=\"lazy\" decoding=\"async\" src=\"http:\/\/www.primerbrief.com\/wp-content\/uploads\/2012\/07\/ARG-EdgardoFilloyConJulianaRattoYPanchoDondoEnPB-FotoDanielaRamos-580px.jpg\" alt=\"\" title=\"ARG-EdgardoFilloyConJulianaRattoYPanchoDondoEnPB-FotoDanielaRamos-580px\" width=\"580\" height=\"198\" class=\"alignleft size-full wp-image-11528\" srcset=\"https:\/\/www.primerbrief.com\/wp-content\/uploads\/2012\/07\/ARG-EdgardoFilloyConJulianaRattoYPanchoDondoEnPB-FotoDanielaRamos-580px.jpg 580w, https:\/\/www.primerbrief.com\/wp-content\/uploads\/2012\/07\/ARG-EdgardoFilloyConJulianaRattoYPanchoDondoEnPB-FotoDanielaRamos-580px-300x102.jpg 300w\" sizes=\"auto, (max-width: 580px) 100vw, 580px\" \/><\/a><br \/>\n<em>A la izquierda, el momento en que Filloy, agradecido, le dedica a Pancho Dondo una copia de su foto de David Ogilvy en Areco; a la derecha, una vista general de la reuni\u00f3n en PRIMER BRIEF.<\/em><\/p>\n<div align=\"left\">&#160;<\/div>\n<div align=\"left\">&#160;<\/div>\n","protected":false},"excerpt":{"rendered":"<p>(ARGENTINA) \u2013 El jueves de la semana pasada, por iniciativa de PRIMER BRIEF, uno de los fot\u00f3grafos m\u00e1s profundamente ligados a la publicidad argentina, Edgardo Filloy, se encontr\u00f3 en la redacci\u00f3n de este medio en el barrio porte\u00f1o de Almagro con Juliana Ratto, la hija del gran David, y le hizo un regalo sorpresa. \u00abUn encuentro emocionante\u00bb, seg\u00fan ella misma [&hellip;]<\/p>\n","protected":false},"author":3,"featured_media":11522,"comment_status":"open","ping_status":"open","sticky":false,"template":"","format":"standard","meta":{"footnotes":""},"categories":[49],"tags":[26,1515,1423,531,1516,533,1517,216],"class_list":["post-11510","post","type-post","status-publish","format-standard","has-post-thumbnail","hentry","category-fotografia","tag-argentina","tag-daniela-ramos-argentina","tag-david-ogilvy-inglaterra","tag-david-ratto-argentina","tag-edgardo-filloy-argentina","tag-juliana-ratto-argentina","tag-ogilvy-mather","tag-pancho-dondo-argentina"],"_links":{"self":[{"href":"https:\/\/www.primerbrief.com\/index.php?rest_route=\/wp\/v2\/posts\/11510","targetHints":{"allow":["GET"]}}],"collection":[{"href":"https:\/\/www.primerbrief.com\/index.php?rest_route=\/wp\/v2\/posts"}],"about":[{"href":"https:\/\/www.primerbrief.com\/index.php?rest_route=\/wp\/v2\/types\/post"}],"author":[{"embeddable":true,"href":"https:\/\/www.primerbrief.com\/index.php?rest_route=\/wp\/v2\/users\/3"}],"replies":[{"embeddable":true,"href":"https:\/\/www.primerbrief.com\/index.php?rest_route=%2Fwp%2Fv2%2Fcomments&post=11510"}],"version-history":[{"count":8,"href":"https:\/\/www.primerbrief.com\/index.php?rest_route=\/wp\/v2\/posts\/11510\/revisions"}],"predecessor-version":[{"id":11539,"href":"https:\/\/www.primerbrief.com\/index.php?rest_route=\/wp\/v2\/posts\/11510\/revisions\/11539"}],"wp:featuredmedia":[{"embeddable":true,"href":"https:\/\/www.primerbrief.com\/index.php?rest_route=\/wp\/v2\/media\/11522"}],"wp:attachment":[{"href":"https:\/\/www.primerbrief.com\/index.php?rest_route=%2Fwp%2Fv2%2Fmedia&parent=11510"}],"wp:term":[{"taxonomy":"category","embeddable":true,"href":"https:\/\/www.primerbrief.com\/index.php?rest_route=%2Fwp%2Fv2%2Fcategories&post=11510"},{"taxonomy":"post_tag","embeddable":true,"href":"https:\/\/www.primerbrief.com\/index.php?rest_route=%2Fwp%2Fv2%2Ftags&post=11510"}],"curies":[{"name":"wp","href":"https:\/\/api.w.org\/{rel}","templated":true}]}}