{"id":11610,"date":"2012-07-27T03:59:58","date_gmt":"2012-07-27T06:59:58","guid":{"rendered":"http:\/\/www.primerbrief.com\/?p=11610"},"modified":"2012-07-26T19:56:20","modified_gmt":"2012-07-26T22:56:20","slug":"de-las-aulas-de-colombia-directo-a-la-roger-hatchuel-academy","status":"publish","type":"post","link":"https:\/\/www.primerbrief.com\/?p=11610","title":{"rendered":"De las aulas de Colombia directo a la Roger Hatchuel Academy"},"content":{"rendered":"<p><span style=\"font-size: 11pt\"><strong>(COLOMBIA) \u2013 Dos estudiantes de publicidad de <a href=\"http:\/\/www.ulibertadores.edu.co\/\" onclick=\"_gaq.push(['_trackEvent', 'outbound-article', 'http:\/\/www.ulibertadores.edu.co\/', 'Fundaci\u00f3n Universitaria Los Libertadores']);\" target=\"_blank\">Fundaci\u00f3n Universitaria Los Libertadores<\/a>, Paola L\u00f3pez y Giovanni Rozo, se ganaron su pase a las clases de la RHA en el marco del Festival Internacional de Publicidad Cannes Lions 2012. En su blog <a href=\"http:\/\/168horasviviendocannes.blogspot.com.ar\/\" onclick=\"_gaq.push(['_trackEvent', 'outbound-article', 'http:\/\/168horasviviendocannes.blogspot.com.ar\/', '\u201c168 horas viviendo Cannes\u201d']);\" target=\"_blank\">\u201c168 horas viviendo Cannes\u201d<\/a> cuentan toda su experiencia, a la que describen como \u201c<em>la semana m\u00e1s incre\u00edble de nuestras vidas<\/em>\u201d.<\/strong><\/span><\/p>\n<p><a href=\"http:\/\/www.primerbrief.com\/wp-content\/uploads\/2012\/07\/GiovanniRozoPaolaLopez-GR.jpg\" onclick=\"_gaq.push(['_trackEvent', 'outbound-article-int', 'http:\/\/www.primerbrief.com\/wp-content\/uploads\/2012\/07\/GiovanniRozoPaolaLopez-GR.jpg', '']);\" ><img loading=\"lazy\" decoding=\"async\" src=\"http:\/\/www.primerbrief.com\/wp-content\/uploads\/2012\/07\/GiovanniRozoPaolaLopez-580.jpg\" alt=\"\" title=\"GiovanniRozoPaolaLopez-580\" width=\"580\" height=\"179\" class=\"alignleft size-full wp-image-11623\" srcset=\"https:\/\/www.primerbrief.com\/wp-content\/uploads\/2012\/07\/GiovanniRozoPaolaLopez-580.jpg 580w, https:\/\/www.primerbrief.com\/wp-content\/uploads\/2012\/07\/GiovanniRozoPaolaLopez-580-300x92.jpg 300w\" sizes=\"auto, (max-width: 580px) 100vw, 580px\" \/><\/a><br \/>\n<em>Paola y Giovanni en la entrega de diplomas con Clive Challis, director de la RHA.<\/em><\/p>\n<p>&nbsp;<br \/>\n<img loading=\"lazy\" decoding=\"async\" src=\"http:\/\/www.primerbrief.com\/wp-content\/uploads\/2012\/07\/staff-dani1-100x100px.jpg\" width=\"100\" height=\"100\" class=\"alignleft size-full wp-image-11511\" style=\"margin: 0px 10px 0px 0px\" \/><strong>POR <a href=\"http:\/\/www.primerbrief.com\/?tag=daniela-ramos-argentina\" onclick=\"_gaq.push(['_trackEvent', 'outbound-article-int', 'http:\/\/www.primerbrief.com\/?tag=daniela-ramos-argentina', 'DANIELA RAMOS']);\" target=\"_blank\">DANIELA RAMOS<\/a><\/strong><br \/>\nDe la redacci\u00f3n de PB<br \/>\n<em>(Fotos: Pancho Dondo)<\/em><\/p>\n<p style=\"clear:left;\">\n<p>&nbsp;<br \/>\nPara los estudiantes de publicidad hay un lugar que puede definirse como la \u201cmeca\u201d, con el que sue\u00f1an cada a\u00f1o, cada semana, cada d\u00eda, con cada brief que reciben y con cada trabajo que presentan: el <a href=\"http:\/\/www.canneslions.com\/\" onclick=\"_gaq.push(['_trackEvent', 'outbound-article', 'http:\/\/www.canneslions.com\/', 'Festival Internacional de Publicidad Cannes Lions']);\" target=\"_blank\">Festival Internacional de Publicidad Cannes Lions<\/a>. No son muchos los estudiantes que tienen la oportunidad de asistir y, quienes lo logran, lo viven como un momento \u00fanico, de esos que te marcan para siempre.<\/p>\n<p>Desde Colombia, Paola L\u00f3pez y Giovanni Rozo, estudiantes de publicidad de la Universidad Los Libertadores, no s\u00f3lo pudieron ir al reconocido Festival, sino que tambi\u00e9n fueron parte del privilegiado grupo de estudiantes que asisti\u00f3 en esta edici\u00f3n a las prestigiosas clases de la <a href=\"http:\/\/www.canneslions.com\/\/under_30s\/the_academies.cfm?section_id=129\" onclick=\"_gaq.push(['_trackEvent', 'outbound-article', 'http:\/\/www.canneslions.com\/\/under_30s\/the_academies.cfm?section_id=129', 'Roger Hatchuel Academy']);\" target=\"_blank\">Roger Hatchuel Academy<\/a>, donde los profesores no son otros que los publicistas m\u00e1s reconocidos y aclamados del medio.<\/p>\n<p>Todo empez\u00f3 cuatro meses atr\u00e1s, cuando se inscribieron al concurso de <a href=\"http:\/\/www.slidedepot.com\/\" onclick=\"_gaq.push(['_trackEvent', 'outbound-article', 'http:\/\/www.slidedepot.com\/', 'Slide Depot']);\" target=\"_blank\">Slide Depot<\/a> (representante exclusivo del Festival Internacional de Publicidad Cannes Lions en Colombia) que anualmente premia la creatividad colombiana: <a href=\"http:\/\/younglionscolombia.com\/sitio\/\" onclick=\"_gaq.push(['_trackEvent', 'outbound-article', 'http:\/\/younglionscolombia.com\/sitio\/', 'Slide Prix Young Lions']);\" target=\"_blank\">Slide Prix Young Lions<\/a>. En este concurso las duplas participantes compiten bajo un mismo brief (proporcionado por una entidad de responsabilidad social) y tienen  un tiempo determinado para filmar y editar un comercial de 60 segundos. Todos los participantes tienen que construir sus videos bajo las mismas condiciones de tiempo y utilizando el mismo hardware, software, los mismos programas y material de im\u00e1genes (suministrado sin ning\u00fan costo por Slide Depot). Este a\u00f1o, el tema elegido fue \u201cla prevenci\u00f3n de los embarazos prematuros\u201d, con el respaldo de la <a href=\"http:\/\/equidad.presidencia.gov.co\/Paginas\/ACPEM.aspx\" onclick=\"_gaq.push(['_trackEvent', 'outbound-article', 'http:\/\/equidad.presidencia.gov.co\/Paginas\/ACPEM.aspx', 'Alta Consejeria Presidencial para la Equidad de la Mujer']);\" target=\"_blank\">Alta Consejeria Presidencial para la Equidad de la Mujer<\/a>, <a href=\"http:\/\/www.deceroasiempre.gov.co\/SitePages\/default.aspx\" onclick=\"_gaq.push(['_trackEvent', 'outbound-article', 'http:\/\/www.deceroasiempre.gov.co\/SitePages\/default.aspx', 'de Cero a Siempre']);\" target=\"_blank\">de Cero a Siempre<\/a> (Atenci\u00f3n Integral a la Primera Infancia) y <a href=\"http:\/\/sostenibilidadfamiliabolivar.com\/htms\/nuestras-companias-fundacion-bolivar-davivienda.html\" onclick=\"_gaq.push(['_trackEvent', 'outbound-article', 'http:\/\/sostenibilidadfamiliabolivar.com\/htms\/nuestras-companias-fundacion-bolivar-davivienda.html', 'Fundaci\u00f3n Bolivar Davivienda']);\" target=\"_blank\">Fundaci\u00f3n Bolivar Davivienda<\/a>.<\/p>\n<p>El 23 de febrero Paola y Giovanni recibieron la gran noticia: eran los ganadores de la inscripci\u00f3n al concurso. Al cabo de un mes recibieron el brief para el que deb\u00edan hacer el comercial \u00a1en s\u00f3lo 48 horas! As\u00ed, dos d\u00edas despu\u00e9s, fueron a entregar su trabajo cansados hasta la m\u00e9dula, pr\u00e1cticamente sin horas de sue\u00f1o pero, ante todo, hambrientos, no de comida sino de ilusi\u00f3n, de pasi\u00f3n, de ganas y con la esperanza de ver cumplido su sue\u00f1o: ser los representantes de Colombia en la Roger Hatchuel Academy.<\/p>\n<p>Otro mes pas\u00f3, lleno de nervios, dudas, incertidumbres pero, sobre todo, lleno de expectativas. 25 de abril era la fecha so\u00f1ada y tan esperada. Todo lo que sent\u00edan, todas las emociones que se ven\u00edan guardando desde hac\u00eda dos meses salieron a flote en el momento de la ceremonia en que anunciaron: \u00abY el ganador es la dupla conformada por Nydia Paola L\u00f3pez y Giovanni Rozo\u00bb. Ese preciso instante fue el que los cambi\u00f3 para siempre, marcando un antes y un despu\u00e9s en sus vidas.<\/p>\n<p><iframe loading=\"lazy\" width=\"580\" height=\"326\" src=\"http:\/\/www.youtube.com\/embed\/hcnlifmODg0\" frameborder=\"0\" allowfullscreen><\/iframe><br \/>\n<em>Pieza ganadora Slide Prix Estudiantes 2012.<\/em><\/p>\n<div align=\"left\">&#160;<\/div>\n<div align=\"left\">&#160;<\/div>\n<p>La espera continu\u00f3, luego, entre preparativos para el tan ansiado y merecido viaje. Llegar a Cannes fue, en sus palabras, \u201c<em>emocionante, incre\u00edble: un sue\u00f1o<\/em>\u201d. Es que estar en la c\u00faspide del mundo publicitario no es cosa de todos los d\u00edas, se respira creatividad; Cannes inspira.<\/p>\n<p>En la primera clase en la RHA, Clive Challis (director del curso de Publicidad en la escuela <a href=\"http:\/\/www.csm.arts.ac.uk\/\" onclick=\"_gaq.push(['_trackEvent', 'outbound-article', 'http:\/\/www.csm.arts.ac.uk\/', 'Central Saint Martins']);\" target=\"_blank\">Central Saint Martins<\/a> en Londres) y Rick Boyko (director de la carrera de Publicidad en <a href=\"http:\/\/www.brandcenter.vcu.edu\/\" onclick=\"_gaq.push(['_trackEvent', 'outbound-article', 'http:\/\/www.brandcenter.vcu.edu\/', 'VCU Brandcenter']);\" target=\"_blank\">VCU Brandcenter<\/a> y decano de la RHA) les dieron la bienvenida. Jonathan Mildenhall (vicepresidente global de estrategia y creatividad de Coca Cola) y Cindy Gallop (la exc\u00e9ntrica fundadora de <a href=\"http:\/\/ifwerantheworld.com\/\" onclick=\"_gaq.push(['_trackEvent', 'outbound-article', 'http:\/\/ifwerantheworld.com\/', 'If we ran the world']);\" target=\"_blank\">If we ran the world<\/a>) fueron los siguientes exponentes del d\u00eda, que los inspiraron con sus charlas y los dejaron con a\u00fan m\u00e1s expectativas para los 6 d\u00edas de clases restantes.<\/p>\n<p>Como si fuera poco, esa misma tarde tuvieron el placer de conocer a Juan Carlos Ortiz, presidente de DDB Latina y ganador del primer Le\u00f3n de Oro para Colombia.<\/p>\n<p>Otra de las celebridades publicitarias con la que pudieron compartir un momento fue Mauricio Sabogal (presidente de Mercados Internacionales de <a href=\"http:\/\/www.umww.com\/global\" onclick=\"_gaq.push(['_trackEvent', 'outbound-article', 'http:\/\/www.umww.com\/global', 'UM']);\" target=\"_blank\">UM<\/a>, <a href=\"http:\/\/www.initiative.com\/\" onclick=\"_gaq.push(['_trackEvent', 'outbound-article', 'http:\/\/www.initiative.com\/', 'Initiative']);\" target=\"_blank\">Initiative<\/a> y <a href=\"http:\/\/www.mediabrandsww.com\/\" onclick=\"_gaq.push(['_trackEvent', 'outbound-article', 'http:\/\/www.mediabrandsww.com\/', 'Media Brands']);\" target=\"_blank\">Media Brands<\/a>). Con \u00e9l pudieron conversar un rato y contarle su historia, que para llegar a Cannes la \u00fanica inversi\u00f3n que hicieron fue su pasi\u00f3n por la publicidad.<\/p>\n<p>A la RHA asiste gente de todos lados del mundo; as\u00ed se encontraron con estudiantes de m\u00e1s de 20 pa\u00edses. A ellos les presentaron un video hecho por el gobierno colombiano que muestra algunos de los atractivos de su pa\u00eds natal. Y, como para cerrar la presentaci\u00f3n a sus compa\u00f1eros, les obsequiaron souvenirs hechos por mano colombianas; mostrando de alguna forma el ADN de su pa\u00eds: personas honestas, amables y trabajadoras.<\/p>\n<p><a href=\"http:\/\/www.primerbrief.com\/wp-content\/uploads\/2012\/07\/Souvenir-GR.jpg\" onclick=\"_gaq.push(['_trackEvent', 'outbound-article-int', 'http:\/\/www.primerbrief.com\/wp-content\/uploads\/2012\/07\/Souvenir-GR.jpg', '']);\" ><img loading=\"lazy\" decoding=\"async\" src=\"http:\/\/www.primerbrief.com\/wp-content\/uploads\/2012\/07\/Souvenir-580.jpg\" alt=\"\" title=\"Souvenir-580\" width=\"580\" height=\"511\" class=\"alignleft size-full wp-image-11625\" srcset=\"https:\/\/www.primerbrief.com\/wp-content\/uploads\/2012\/07\/Souvenir-580.jpg 580w, https:\/\/www.primerbrief.com\/wp-content\/uploads\/2012\/07\/Souvenir-580-300x264.jpg 300w\" sizes=\"auto, (max-width: 580px) 100vw, 580px\" \/><\/a><br \/>\n<em>El souvenir que entregaron: unas bolsitas de arpillera, selladas con el logo de la RHA, el agregado de HECHO EN COLOMBIA y la banderita bordada en un costado. Adentro hab\u00eda unos granos de caf\u00e9 de Colombia, algunos caramelos de caf\u00e9 y dos pulseritas de madera, artesan\u00edas colombianas.<\/em><\/p>\n<div align=\"left\">&#160;<\/div>\n<div align=\"left\">&#160;<\/div>\n<p>Los chicos cierran su relato describiendo su semana en Cannes como la m\u00e1s corta pero incre\u00edble de sus vidas. Una semana en que recibieron clases de infinita calidad de la mano de los m\u00e1s grandes. Una semana en que fueron testigos del momento en que Colombia recibi\u00f3 el primer <a href=\"http:\/\/www.youtube.com\/watch?v=syPeOHBZCeA&#038;\" onclick=\"_gaq.push(['_trackEvent', 'outbound-article', 'http:\/\/www.youtube.com\/watch?v=syPeOHBZCeA&#038;', 'Le\u00f3n de Titanium para Iberoam\u00e9rica']);\" target=\"_blank\">Le\u00f3n de Titanium para Iberoam\u00e9rica<\/a>. Una semana en que vivieron la creatividad y la publicidad como nunca se lo hubieran imaginado. <\/p>\n<p>Dan por terminada su experiencia con una frase que eriza la piel: \u201c<em>No hay nada imposible, todo es cuesti\u00f3n de prop\u00f3sito y pasi\u00f3n porque las oportunidades siempre est\u00e1n ah\u00ed. So\u00f1ar fue lo \u00fanico que necesitamos para triunfar<\/em>\u201d.<\/p>\n<div align=\"left\">&#160;<\/div>\n<div align=\"left\">&#160;<\/div>\n","protected":false},"excerpt":{"rendered":"<p>(COLOMBIA) \u2013 Dos estudiantes de publicidad de Fundaci\u00f3n Universitaria Los Libertadores, Paola L\u00f3pez y Giovanni Rozo, se ganaron su pase a las clases de la RHA en el marco del Festival Internacional de Publicidad Cannes Lions 2012. En su blog \u201c168 horas viviendo Cannes\u201d cuentan toda su experiencia, a la que describen como \u201cla semana m\u00e1s incre\u00edble de nuestras vidas\u201d. [&hellip;]<\/p>\n","protected":false},"author":3,"featured_media":11634,"comment_status":"open","ping_status":"open","sticky":false,"template":"","format":"standard","meta":{"footnotes":""},"categories":[16],"tags":[1547,88,1515,1548,1400,1549,1544,1543,361,1545,1546,1099],"class_list":["post-11610","post","type-post","status-publish","format-standard","has-post-thumbnail","hentry","category-estudiantes","tag-alta-consejeria-presidencial-para-la-equidad-de-la-mujer-colombia","tag-colombia","tag-daniela-ramos-argentina","tag-de-cero-a-siempre-colombia","tag-festival-internacional-de-publicidad-de-cannes","tag-fundacion-bolivar-davivienda-colombia","tag-giovanni-rozo-colombia","tag-nydia-paola-lopez-colombia","tag-roger-hatchuel-academy","tag-slide-depot-colombia","tag-slide-prix-young-lions-colombia","tag-universidad-los-libertadores-colombia"],"_links":{"self":[{"href":"https:\/\/www.primerbrief.com\/index.php?rest_route=\/wp\/v2\/posts\/11610","targetHints":{"allow":["GET"]}}],"collection":[{"href":"https:\/\/www.primerbrief.com\/index.php?rest_route=\/wp\/v2\/posts"}],"about":[{"href":"https:\/\/www.primerbrief.com\/index.php?rest_route=\/wp\/v2\/types\/post"}],"author":[{"embeddable":true,"href":"https:\/\/www.primerbrief.com\/index.php?rest_route=\/wp\/v2\/users\/3"}],"replies":[{"embeddable":true,"href":"https:\/\/www.primerbrief.com\/index.php?rest_route=%2Fwp%2Fv2%2Fcomments&post=11610"}],"version-history":[{"count":22,"href":"https:\/\/www.primerbrief.com\/index.php?rest_route=\/wp\/v2\/posts\/11610\/revisions"}],"predecessor-version":[{"id":11637,"href":"https:\/\/www.primerbrief.com\/index.php?rest_route=\/wp\/v2\/posts\/11610\/revisions\/11637"}],"wp:featuredmedia":[{"embeddable":true,"href":"https:\/\/www.primerbrief.com\/index.php?rest_route=\/wp\/v2\/media\/11634"}],"wp:attachment":[{"href":"https:\/\/www.primerbrief.com\/index.php?rest_route=%2Fwp%2Fv2%2Fmedia&parent=11610"}],"wp:term":[{"taxonomy":"category","embeddable":true,"href":"https:\/\/www.primerbrief.com\/index.php?rest_route=%2Fwp%2Fv2%2Fcategories&post=11610"},{"taxonomy":"post_tag","embeddable":true,"href":"https:\/\/www.primerbrief.com\/index.php?rest_route=%2Fwp%2Fv2%2Ftags&post=11610"}],"curies":[{"name":"wp","href":"https:\/\/api.w.org\/{rel}","templated":true}]}}