{"id":11864,"date":"2012-08-07T03:59:19","date_gmt":"2012-08-07T06:59:19","guid":{"rendered":"http:\/\/www.primerbrief.com\/?p=11864"},"modified":"2012-08-07T17:01:04","modified_gmt":"2012-08-07T20:01:04","slug":"los-entretelones-del-taller-de-grey-uruguay-en-el-circulo","status":"publish","type":"post","link":"https:\/\/www.primerbrief.com\/?p=11864","title":{"rendered":"Los entretelones del taller de Grey Uruguay en el C\u00edrculo"},"content":{"rendered":"<p><span style=\"font-size: 11pt\"><strong>(URUGUAY) &#8211; Hace dos semanas, en el marco de los talleres que brinda el C\u00edrculo Uruguayo de Publicidad, 30 estudiantes tuvieron la posibilidad de trabajar con los publicitarios de Grey.<\/strong><\/span><\/p>\n<p><a href=\"http:\/\/www.primerbrief.com\/wp-content\/uploads\/2012\/08\/TallerGreyProfes-GR.jpg\" onclick=\"_gaq.push(['_trackEvent', 'outbound-article-int', 'http:\/\/www.primerbrief.com\/wp-content\/uploads\/2012\/08\/TallerGreyProfes-GR.jpg', '']);\" ><img loading=\"lazy\" decoding=\"async\" src=\"http:\/\/www.primerbrief.com\/wp-content\/uploads\/2012\/08\/TallerGreyProfes-580.jpg\" alt=\"\" title=\"TallerGreyProfes-580\" width=\"580\" height=\"435\" class=\"alignleft size-full wp-image-11866\" srcset=\"https:\/\/www.primerbrief.com\/wp-content\/uploads\/2012\/08\/TallerGreyProfes-580.jpg 580w, https:\/\/www.primerbrief.com\/wp-content\/uploads\/2012\/08\/TallerGreyProfes-580-300x225.jpg 300w\" sizes=\"auto, (max-width: 580px) 100vw, 580px\" \/><\/a><br \/>\n<em>Los \u00abprofes\u00bb de Grey Uruguay, de izquierda a derecha: Math\u00edas Morales (asistente de producci\u00f3n), Herman Hugo (creativo), Bruno Lagomarsino (director de arte) y Fabi\u00e1n Barros (director general creativo)<\/em><br \/>\n<em>(Fotos: cortes\u00eda C\u00edrculo Uruguayo de la Publicidad)<\/em><\/p>\n<p>&nbsp;<br \/>\nEl taller que <a href=\"http:\/\/www.grey.com.uy\/\" onclick=\"_gaq.push(['_trackEvent', 'outbound-article', 'http:\/\/www.grey.com.uy\/', 'Grey Uruguay']);\" target=\"_blank\">Grey Uruguay<\/a> dio en la sede del <a href=\"http:\/\/www.circulopublicidad.com\/home\/\" onclick=\"_gaq.push(['_trackEvent', 'outbound-article', 'http:\/\/www.circulopublicidad.com\/home\/', 'C\u00edrculo Uruguayo de la Publicidad']);\" target=\"_blank\">C\u00edrculo Uruguayo de la Publicidad<\/a> estuvo a cargo de Fabi\u00e1n Barros (director general creativo), Bruno Lagomarsino (director de arte), Herman Hugo (creativo) y Math\u00edas Morales (asistente de producci\u00f3n). <\/p>\n<p>Durante los primeros 90 minutos, los creativos de Grey hicieron una presentaci\u00f3n con videos, gr\u00e1ficas y datos estad\u00edsticos sobre la categor\u00eda de vinos VCP (Vinos de Calidad Preferente) en Uruguay y sobre el lugar que ocupa Don Pascual en ese contexto. <\/p>\n<p>Una vez finalizada la presentaci\u00f3n, los estudiantes recibieron el <em>brief<\/em>, que ped\u00eda crear piezas de comunicaci\u00f3n para Don Pascual Edici\u00f3n numerada partiendo del <em>claim<\/em>, relacionado con <a href=\"http:\/\/www.grey.com.uy\/index.php\/2012\/06\/08\/6-529-botellas-unicas-y-diferentes-para-un-vino-unico-y-diferente\/\" onclick=\"_gaq.push(['_trackEvent', 'outbound-article', 'http:\/\/www.grey.com.uy\/index.php\/2012\/06\/08\/6-529-botellas-unicas-y-diferentes-para-un-vino-unico-y-diferente\/', 'el \u00faltimo trabajo que realiz\u00f3 Grey para la marca de vinos']);\" target=\"_blank\">el \u00faltimo trabajo que realiz\u00f3 Grey para la marca de vinos<\/a>: 6.529 botellas \u00fanicas y diferentes para un vino \u00fanico y diferente. Las piezas pod\u00edan ser desde gr\u00e1fica y v\u00eda p\u00fablica hasta POP, pasando por digital, TV, radio y BTL y activaciones. <\/p>\n<p>Durante un hora y media los chicos tuvieron que pensar un concepto e ideas para desarrollar las piezas de comunicaci\u00f3n y, finalmente, tuvieron que presentar lo que hab\u00edan pensado al resto de la clase.  <\/p>\n<p><a href=\"http:\/\/www.primerbrief.com\/wp-content\/uploads\/2012\/08\/TallerGrey-GR.jpg\" onclick=\"_gaq.push(['_trackEvent', 'outbound-article-int', 'http:\/\/www.primerbrief.com\/wp-content\/uploads\/2012\/08\/TallerGrey-GR.jpg', '']);\" ><img loading=\"lazy\" decoding=\"async\" src=\"http:\/\/www.primerbrief.com\/wp-content\/uploads\/2012\/08\/TallerGrey-580.jpg\" alt=\"\" title=\"TallerGrey-580\" width=\"580\" height=\"144\" class=\"alignleft size-full wp-image-11869\" srcset=\"https:\/\/www.primerbrief.com\/wp-content\/uploads\/2012\/08\/TallerGrey-580.jpg 580w, https:\/\/www.primerbrief.com\/wp-content\/uploads\/2012\/08\/TallerGrey-580-300x74.jpg 300w\" sizes=\"auto, (max-width: 580px) 100vw, 580px\" \/><\/a><br \/>\n<em>Los estudiantes presentando sus ideas a la clase y al equipo de Grey Uruguay<\/em><\/p>\n<p>Despu\u00e9s de haber presentado todas las duplas, los \u00abprofes\u00bb eligieron a los ganadores en base a los conceptos, las ideas y la presentaci\u00f3n. As\u00ed, en el primer puesto quedaron Marcos Fag\u00fandez (Facultad de Arquitectura) y Esteban M\u00e1rquez (Universidad ORT). La dupla parti\u00f3 de una pregunta <em>\u00bfQu\u00e9 es ser \u00fanico?<\/em> Y asociaron el concepto de \u00ab\u00fanico\u00bb a recuerdos y momentos y a la posibilidad de compartir una situaci\u00f3n. En cuanto al v\u00ednculo con el aspecto num\u00e9rico del producto, ellos decidieron salirse de las fechas conmemorativas como eje de trabajo para concentrarse en los momentos. Bajo el concepto \u00abSegu\u00ed creando momentos\u00bb, los chicos plantearon una serie de ideas en las que los consumidores eligen y les dan sentido a los n\u00fameros vincul\u00e1ndolos a distintos momentos. <\/p>\n<p>Marcos y Esteban, los ganadores del primer puesto, <a href=\"http:\/\/www.circulopublicidad.com\/nota\/346_Ganadores-del-Taller-Creativo-Grey\/\" onclick=\"_gaq.push(['_trackEvent', 'outbound-article', 'http:\/\/www.circulopublicidad.com\/nota\/346_Ganadores-del-Taller-Creativo-Grey\/', 'hablaron con el Circulo Uruguayo de la Publicidad']);\" target=\"_blank\">hablaron con el Circulo Uruguayo de la Publicidad<\/a> y, entre otras cosas, dijeron sobre el taller: \u00ab<em>Nos pareci\u00f3 muy importante toda la clase. Es importante que podamos saber c\u00f3mo es el proceso en que las agencias llegan a las ideas finales<\/em>\u00ab. Adem\u00e1s, se refirieron a los creativos de Grey que participaron del taller como \u00ab<em>excelentes profesionales que quieren lo que hacen. No aceptan un no y buscan siempre la mejor opci\u00f3n<\/em>\u00ab.<\/p>\n<p>Las merecedoras del segundo puesto fueron Stefan\u00eda Delgado y Camila Torterolo. Ellas decidieron presentar una acci\u00f3n puntual y acotada que comienza en el punto de venta y termina en v\u00eda p\u00fablica. En ella se asocia un n\u00famero a una persona de manera que cada vez que un consumidor compra una botella se le asigna su nombre y se genera una cuenta regresiva en un panel digital en la v\u00eda p\u00fablica en el  que adem\u00e1s de los n\u00fameros aparecen los nombres e im\u00e1genes de los compradores.<\/p>\n<p>Finalmente, tuvo una menci\u00f3n especial Juan Mart\u00edn Botero. \u00c9l trabaj\u00f3 solo e hizo una excelente presentaci\u00f3n en la que asoci\u00f3 los n\u00fameros a los caracteres de sus consumidores. Tambi\u00e9n estableci\u00f3 asociaciones de n\u00fameros y caracteres a trav\u00e9s de elementos comunes como las colecciones de objetos. La consigna fue: \u00abDon Pascual Edici\u00f3n numerada. Colecci\u00f3n de momentos\u00bb.<\/p>\n<p>Pero esto a\u00fan no termin\u00f3. Existe la posibilidad de que la dupla ganadora presente su idea al cliente, la gente de Don Pascual, y, qui\u00e9n sabe, quiz\u00e1s incluso pueda ver la luz.<\/p>\n<div style=\" background-color:#F4F4F4; width:560px; float:left; padding:10px; margin-top:20px; margin-bottom:20px; border-top:solid 10px #CCCCCC; border-bottom:solid 10px #CCCCCC; line-height:16px; font-size:12px\">\n<img decoding=\"async\" style=\"width:560px; border-top:solid 0px; border-right:solid 0px; border-bottom:solid 0px; border-left:solid 0px; margin-bottom:10px; float:left\" src=\"http:\/\/www.primerbrief.com\/wp-content\/uploads\/2011\/07\/PB-RecuadroMasInfo.jpg\" \/><br \/>\nFABI\u00c1N BARROS, DGC DE GREY, DIO SU DEVOLUCI\u00d3N LUEGO DEL TALLER CREATIVO<br \/>\n<span style=\"font-size: 11pt\"><strong>ANOCHECER DE UN D\u00cdA AGITADO<\/strong><\/span><\/p>\n<p>Escribo estas l\u00edneas unas horas despu\u00e9s de terminar el Taller de Grey para el C\u00edrculo Uruguayo de la Publicidad.<\/p>\n<p>Han sido casi seis horas de trabajo, concentraci\u00f3n, risas, festejos y sobre todo de esa energ\u00eda contagiosa que s\u00f3lo los estudiantes son capaces de brindar.<\/p>\n<p>Estoy muy contento. Por muchas cosas. Primero que nada por la concurrencia. Una treintena de futuros profesionales llenaron la sala del C\u00edrculo y nos ayudaron a darle calor a una fr\u00eda ma\u00f1ana de s\u00e1bado. <\/p>\n<p>Segundo por la participaci\u00f3n. Todos se engancharon con la propuesta del taller y nos ayudaron a llevarlo adelante con aportes m\u00e1s que interesantes.<\/p>\n<p>Tercero, por los resultados. Las ideas presentadas, y sobre todo el razonamiento estrat\u00e9gico de muchos de los grupos fue impecable y nos ayud\u00f3 a abrir puertas a nuestras propias reflexiones.<\/p>\n<p>Nos hab\u00edamos propuesto hacer un taller que pudiese servir a los estudiantes como instancia formativa. Quer\u00edamos que esa ma\u00f1ana de s\u00e1bado fuese interesante y relevante para ellos. Y creemos haber logrado el objetivo. <\/p>\n<p>Decidimos hablar de una categor\u00eda de producto sobre la cual hemos venido trabajando desde hace muchos a\u00f1os: la categor\u00eda de los vinos VCP. Y planteamos un ejercicio vinculado a un producto de la marca Don Pascual con la posibilidad de que la dupla ganadora pudiese presentar la idea al cliente.<\/p>\n<p>No era un ejercicio f\u00e1cil (\u00a1lo sabemos por experiencia!) y los que participamos desde la agencia nos quedamos gratamente sorprendidos por la productividad y el compromiso con que los estudiantes enfocaron la tarea.<\/p>\n<p>Muy interesante la instancia de presentaci\u00f3n de las ideas, y sobre todo las interacciones que pudimos tener con los distintos integrantes de los grupos.<\/p>\n<p>A los ganadores, nuestras felicitaciones. A los que no ganaron, nuestras felicitaciones tambi\u00e9n. Porque m\u00e1s all\u00e1 del resultado (los resultados siempre son opinables), creemos que lo interesante de un taller es la posibilidad de recibir conocimiento, procesarlo hasta convertirlo en ideas y exponerse a presentarlo ante los dem\u00e1s.<\/p>\n<p>Como nos pasa a todos los que trabajamos en esta profesi\u00f3n. Y como seguramente les va a pasar en breve a muchos de los participantes del taller.<\/p>\n<p>Gracias al C\u00edrculo por la invitaci\u00f3n, a los compa\u00f1eros de Grey por el trabajo y sobre todo a los estudiantes por demostrarnos que las nuevas generaciones se vienen con todo.<\/p>\n<p>Hoy duermo m\u00e1s tranquilo. Abrazos y hasta la pr\u00f3xima.<\/p>\n<\/div>\n<div align=\"left\">&#160;<\/div>\n<div align=\"left\">&#160;<\/div>\n","protected":false},"excerpt":{"rendered":"<p>(URUGUAY) &#8211; Hace dos semanas, en el marco de los talleres que brinda el C\u00edrculo Uruguayo de Publicidad, 30 estudiantes tuvieron la posibilidad de trabajar con los publicitarios de Grey. Los \u00abprofes\u00bb de Grey Uruguay, de izquierda a derecha: Math\u00edas Morales (asistente de producci\u00f3n), Herman Hugo (creativo), Bruno Lagomarsino (director de arte) y Fabi\u00e1n Barros (director general creativo) (Fotos: cortes\u00eda [&hellip;]<\/p>\n","protected":false},"author":3,"featured_media":11878,"comment_status":"open","ping_status":"open","sticky":false,"template":"","format":"standard","meta":{"footnotes":""},"categories":[16],"tags":[1643,1649,224,1647,1642,1657,1551,1644,1650,1646,1645,1648,488,31],"class_list":["post-11864","post","type-post","status-publish","format-standard","has-post-thumbnail","hentry","category-estudiantes","tag-bruno-lagomarsino-uruguay","tag-camila-torterolo-uruguay","tag-circulo-uruguayo-de-la-publicidad","tag-esteban-marquez-uruguay","tag-fabian-barros-uruguay","tag-facultad-de-arquitectura-uruguay","tag-grey-uruguay","tag-herman-hugo-uruguay","tag-juan-martin-botero-uruguay","tag-marcos-fagundez-uruguay","tag-mathias-morales-uruguay","tag-stefania-delgado-uruguay","tag-universidad-ort-uruguay","tag-uruguay"],"_links":{"self":[{"href":"https:\/\/www.primerbrief.com\/index.php?rest_route=\/wp\/v2\/posts\/11864","targetHints":{"allow":["GET"]}}],"collection":[{"href":"https:\/\/www.primerbrief.com\/index.php?rest_route=\/wp\/v2\/posts"}],"about":[{"href":"https:\/\/www.primerbrief.com\/index.php?rest_route=\/wp\/v2\/types\/post"}],"author":[{"embeddable":true,"href":"https:\/\/www.primerbrief.com\/index.php?rest_route=\/wp\/v2\/users\/3"}],"replies":[{"embeddable":true,"href":"https:\/\/www.primerbrief.com\/index.php?rest_route=%2Fwp%2Fv2%2Fcomments&post=11864"}],"version-history":[{"count":18,"href":"https:\/\/www.primerbrief.com\/index.php?rest_route=\/wp\/v2\/posts\/11864\/revisions"}],"predecessor-version":[{"id":11884,"href":"https:\/\/www.primerbrief.com\/index.php?rest_route=\/wp\/v2\/posts\/11864\/revisions\/11884"}],"wp:featuredmedia":[{"embeddable":true,"href":"https:\/\/www.primerbrief.com\/index.php?rest_route=\/wp\/v2\/media\/11878"}],"wp:attachment":[{"href":"https:\/\/www.primerbrief.com\/index.php?rest_route=%2Fwp%2Fv2%2Fmedia&parent=11864"}],"wp:term":[{"taxonomy":"category","embeddable":true,"href":"https:\/\/www.primerbrief.com\/index.php?rest_route=%2Fwp%2Fv2%2Fcategories&post=11864"},{"taxonomy":"post_tag","embeddable":true,"href":"https:\/\/www.primerbrief.com\/index.php?rest_route=%2Fwp%2Fv2%2Ftags&post=11864"}],"curies":[{"name":"wp","href":"https:\/\/api.w.org\/{rel}","templated":true}]}}