{"id":11978,"date":"2012-08-14T03:59:45","date_gmt":"2012-08-14T06:59:45","guid":{"rendered":"http:\/\/www.primerbrief.com\/?p=11978"},"modified":"2012-08-14T01:21:08","modified_gmt":"2012-08-14T04:21:08","slug":"el-white-pencil-de-dad-busca-aprovechar-el-poder-sin-limites-del-pensamiento-creativo-para-cambiar-el-mundo","status":"publish","type":"post","link":"https:\/\/www.primerbrief.com\/?p=11978","title":{"rendered":"El White Pencil de D&#038;AD busca aprovechar el pensamiento creativo para cambiar el mundo"},"content":{"rendered":"<p><span style=\"font-size: 11pt\"><strong>(INTERNACIONAL) &#8211; Para conmemorar su 50\u00b0 aniversario, D&#038;AD cre\u00f3 el White Pencil, premio que reconocer\u00e1 el poder de la comunicaci\u00f3n creativa para producir cambios positivos. En la primera edici\u00f3n de esta suerte de premio de bien p\u00fablico, quienes participen lo har\u00e1n con Peace One Day, la organizaci\u00f3n liderada por el cineasta Jeremy Gilley. Las inscripciones al concurso empiezan el 3 de septiembre y finalizan el 24 de octubre.<\/strong><\/span><br \/>\n<a href=\"http:\/\/www.primerbrief.com\/wp-content\/uploads\/2012\/08\/white-pencil-GR.jpg\" onclick=\"_gaq.push(['_trackEvent', 'outbound-article-int', 'http:\/\/www.primerbrief.com\/wp-content\/uploads\/2012\/08\/white-pencil-GR.jpg', '']);\" ><img loading=\"lazy\" decoding=\"async\" src=\"http:\/\/www.primerbrief.com\/wp-content\/uploads\/2012\/08\/white-pencil-580.jpg\" alt=\"\" title=\"white-pencil-580\" width=\"580\" height=\"492\" class=\"alignleft size-full wp-image-11980\" srcset=\"https:\/\/www.primerbrief.com\/wp-content\/uploads\/2012\/08\/white-pencil-580.jpg 580w, https:\/\/www.primerbrief.com\/wp-content\/uploads\/2012\/08\/white-pencil-580-300x254.jpg 300w\" sizes=\"auto, (max-width: 580px) 100vw, 580px\" \/><\/a><br \/>\n<em>El concurso est\u00e1 abierto a cualquier persona interesada mayor de 18 a\u00f1os, incluso estudiantes<\/em><\/p>\n<p>&nbsp;<br \/>\nEl <a href=\"http:\/\/www.dandad.org\/dandad\/white-pencil\/the-white-pencil-brief\" onclick=\"_gaq.push(['_trackEvent', 'outbound-article', 'http:\/\/www.dandad.org\/dandad\/white-pencil\/the-white-pencil-brief', 'White Pencil de D&#038;AD']);\" target=\"_blank\"  <\/a>White Pencil de D&#038;AD<\/a> es una iniciativa internacional que busca aprovechar el poder de la creatividad para hacer una diferencia real en el mundo que nos rodea; as\u00ed como tambi\u00e9n propone que publicistas y dise\u00f1adores tomen conciencia de sus habilidades como comunicadores para ayudar y dar fuerza a trav\u00e9s de las campa\u00f1as.<\/p>\n<p><a href=\"http:\/\/peaceoneday.org\/\" onclick=\"_gaq.push(['_trackEvent', 'outbound-article', 'http:\/\/peaceoneday.org\/', 'Peace One Day']);\" target=\"_blank\"  <\/a>Peace One Day<\/a>, que estableci\u00f3 el 21 de septiembre como el D\u00eda de la Paz, es la organizaci\u00f3n elegida para la primera edici\u00f3n del White Pencil. Actualmente, POD est\u00e1 trabajando para instituir el D\u00eda de la Paz a nivel mundial y comprometer a todos los sectores de la sociedad en la adhesi\u00f3n a este d\u00eda, ya que para ser verdaderamente eficaz, debe ser entendido y observado anualmente por una gran proporci\u00f3n de la poblaci\u00f3n. El desaf\u00edo es ayudar a la organizaci\u00f3n a alcanzar a 3 mil millones de personas con el mensaje de instaurar el d\u00eda de la Paz el 21 de septiembre de 2012.<\/p>\n<p>Un dato interesante a tener en cuenta es que los trabajos que se presenten tienen que haber sido publicados, aun cuando fuera a peque\u00f1a escala, antes del 21 de septiembre. De este modo, no s\u00f3lo el ganador, sino todos los participantes ayudar\u00e1n a generar conciencia y apoyo para la causa.  <\/p>\n<p>Solo se entregar\u00e1 un D&#038;AD White Pencil y se le otorgar\u00e1 a una idea altamente inspiradora y original, bien ejecutada y relevante para su contexto, la que mejor despierte conciencia o cambie el comportamiento planteado por la causa.<\/p>\n<div align=\"left\">&#160;<\/div>\n<div align=\"left\">&#160;<\/div>\n","protected":false},"excerpt":{"rendered":"<p>(INTERNACIONAL) &#8211; Para conmemorar su 50\u00b0 aniversario, D&#038;AD cre\u00f3 el White Pencil, premio que reconocer\u00e1 el poder de la comunicaci\u00f3n creativa para producir cambios positivos. En la primera edici\u00f3n de esta suerte de premio de bien p\u00fablico, quienes participen lo har\u00e1n con Peace One Day, la organizaci\u00f3n liderada por el cineasta Jeremy Gilley. Las inscripciones al concurso empiezan el 3 [&hellip;]<\/p>\n","protected":false},"author":3,"featured_media":11984,"comment_status":"open","ping_status":"open","sticky":false,"template":"","format":"standard","meta":{"footnotes":""},"categories":[145],"tags":[1686,27,1689,1688,1687],"class_list":["post-11978","post","type-post","status-publish","format-standard","has-post-thumbnail","hentry","category-premios","tag-dad-inglaterra","tag-internacional","tag-jeremy-gilley-inglaterra","tag-peace-one-day-inglaterra","tag-white-pencil-dad"],"_links":{"self":[{"href":"https:\/\/www.primerbrief.com\/index.php?rest_route=\/wp\/v2\/posts\/11978","targetHints":{"allow":["GET"]}}],"collection":[{"href":"https:\/\/www.primerbrief.com\/index.php?rest_route=\/wp\/v2\/posts"}],"about":[{"href":"https:\/\/www.primerbrief.com\/index.php?rest_route=\/wp\/v2\/types\/post"}],"author":[{"embeddable":true,"href":"https:\/\/www.primerbrief.com\/index.php?rest_route=\/wp\/v2\/users\/3"}],"replies":[{"embeddable":true,"href":"https:\/\/www.primerbrief.com\/index.php?rest_route=%2Fwp%2Fv2%2Fcomments&post=11978"}],"version-history":[{"count":6,"href":"https:\/\/www.primerbrief.com\/index.php?rest_route=\/wp\/v2\/posts\/11978\/revisions"}],"predecessor-version":[{"id":11991,"href":"https:\/\/www.primerbrief.com\/index.php?rest_route=\/wp\/v2\/posts\/11978\/revisions\/11991"}],"wp:featuredmedia":[{"embeddable":true,"href":"https:\/\/www.primerbrief.com\/index.php?rest_route=\/wp\/v2\/media\/11984"}],"wp:attachment":[{"href":"https:\/\/www.primerbrief.com\/index.php?rest_route=%2Fwp%2Fv2%2Fmedia&parent=11978"}],"wp:term":[{"taxonomy":"category","embeddable":true,"href":"https:\/\/www.primerbrief.com\/index.php?rest_route=%2Fwp%2Fv2%2Fcategories&post=11978"},{"taxonomy":"post_tag","embeddable":true,"href":"https:\/\/www.primerbrief.com\/index.php?rest_route=%2Fwp%2Fv2%2Ftags&post=11978"}],"curies":[{"name":"wp","href":"https:\/\/api.w.org\/{rel}","templated":true}]}}