{"id":12177,"date":"2012-08-28T03:59:09","date_gmt":"2012-08-28T06:59:09","guid":{"rendered":"http:\/\/www.primerbrief.com\/?p=12177"},"modified":"2012-08-28T15:27:37","modified_gmt":"2012-08-28T18:27:37","slug":"la-estetica-segun-una-estudiante-de-publicidad-y-una-vendedora-callejera","status":"publish","type":"post","link":"https:\/\/www.primerbrief.com\/?p=12177","title":{"rendered":"La est\u00e9tica seg\u00fan una estudiante de publicidad y una vendedora callejera"},"content":{"rendered":"<p><span style=\"font-size: 11pt\"><strong>(COLOMBIA) &#8211; Una colombiana, Isabel Fonseca, produjo con ayuda de la productora Action In Media un breve video en el que entrevist\u00f3 a dos personas de mirada y realidad bien diferentes para hacerles la misma pregunta: \u00bfqu\u00e9 es y para qu\u00e9 sirve la est\u00e9tica? Miralo en la nota.<\/strong><\/span><\/p>\n<p><iframe loading=\"lazy\" width=\"580\" height=\"326\" src=\"http:\/\/www.youtube.com\/embed\/jwa0IAcB-UQ\" frameborder=\"0\" allowfullscreen><\/iframe><br \/>\n<em>Las entrevistadas son Andrea Camacho, estudiante de publicidad, y do\u00f1a Pilar, vendedora callejera de jugos. Vale la pena comparar lo que dicen una y otra y tener en cuenta sus realidades: Andrea se basa m\u00e1s bien en lo que piensa sobre el tema a partir de lo que le ense\u00f1aron en la universidad, mientras Pilar reflexiona sobre lo que hace en base a una est\u00e9tica m\u00e1s bien utilitaria.<\/em><\/p>\n<div align=\"left\">&#160;<\/div>\n<div align=\"left\">&#160;<\/div>\n","protected":false},"excerpt":{"rendered":"<p>(COLOMBIA) &#8211; Una colombiana, Isabel Fonseca, produjo con ayuda de la productora Action In Media un breve video en el que entrevist\u00f3 a dos personas de mirada y realidad bien diferentes para hacerles la misma pregunta: \u00bfqu\u00e9 es y para qu\u00e9 sirve la est\u00e9tica? Miralo en la nota. Las entrevistadas son Andrea Camacho, estudiante de publicidad, y do\u00f1a Pilar, vendedora [&hellip;]<\/p>\n","protected":false},"author":3,"featured_media":12188,"comment_status":"open","ping_status":"open","sticky":false,"template":"","format":"standard","meta":{"footnotes":""},"categories":[1044],"tags":[1709,1710,88,1708],"class_list":["post-12177","post","type-post","status-publish","format-standard","has-post-thumbnail","hentry","category-investigaciones","tag-action-in-media-colombia","tag-andrea-camacho-colombia","tag-colombia","tag-isabel-fonseca-colombia"],"_links":{"self":[{"href":"https:\/\/www.primerbrief.com\/index.php?rest_route=\/wp\/v2\/posts\/12177","targetHints":{"allow":["GET"]}}],"collection":[{"href":"https:\/\/www.primerbrief.com\/index.php?rest_route=\/wp\/v2\/posts"}],"about":[{"href":"https:\/\/www.primerbrief.com\/index.php?rest_route=\/wp\/v2\/types\/post"}],"author":[{"embeddable":true,"href":"https:\/\/www.primerbrief.com\/index.php?rest_route=\/wp\/v2\/users\/3"}],"replies":[{"embeddable":true,"href":"https:\/\/www.primerbrief.com\/index.php?rest_route=%2Fwp%2Fv2%2Fcomments&post=12177"}],"version-history":[{"count":6,"href":"https:\/\/www.primerbrief.com\/index.php?rest_route=\/wp\/v2\/posts\/12177\/revisions"}],"predecessor-version":[{"id":12213,"href":"https:\/\/www.primerbrief.com\/index.php?rest_route=\/wp\/v2\/posts\/12177\/revisions\/12213"}],"wp:featuredmedia":[{"embeddable":true,"href":"https:\/\/www.primerbrief.com\/index.php?rest_route=\/wp\/v2\/media\/12188"}],"wp:attachment":[{"href":"https:\/\/www.primerbrief.com\/index.php?rest_route=%2Fwp%2Fv2%2Fmedia&parent=12177"}],"wp:term":[{"taxonomy":"category","embeddable":true,"href":"https:\/\/www.primerbrief.com\/index.php?rest_route=%2Fwp%2Fv2%2Fcategories&post=12177"},{"taxonomy":"post_tag","embeddable":true,"href":"https:\/\/www.primerbrief.com\/index.php?rest_route=%2Fwp%2Fv2%2Ftags&post=12177"}],"curies":[{"name":"wp","href":"https:\/\/api.w.org\/{rel}","templated":true}]}}