{"id":12203,"date":"2012-08-28T08:44:45","date_gmt":"2012-08-28T11:44:45","guid":{"rendered":"http:\/\/www.primerbrief.com\/?p=12203"},"modified":"2012-08-29T07:32:26","modified_gmt":"2012-08-29T10:32:26","slug":"primer-brief-cumple-un-ano-y-lo-celebra-bailando","status":"publish","type":"post","link":"https:\/\/www.primerbrief.com\/?p=12203","title":{"rendered":"PRIMER BRIEF cumple un a\u00f1o y lo celebra bailando"},"content":{"rendered":"<p><span style=\"font-size: 11pt\"><strong>(ARGENTINA) &#8211; El pr\u00f3ximo mi\u00e9rcoles 5 de septiembre se cumplir\u00e1 un a\u00f1o de la primera publicaci\u00f3n de una nota en este portal. Un a\u00f1o de informaci\u00f3n, de testimonios, de historias, de sorpresas, de viajes, de concursos y, sobre todo, de <a href=\"http:\/\/www.primerbrief.com\/?page_id=2223\" onclick=\"_gaq.push(['_trackEvent', 'outbound-article-int', 'http:\/\/www.primerbrief.com\/?page_id=2223', 'ENCUENTROS PB']);\" target=\"_blank\">ENCUENTROS PB<\/a>: almuerzos, noches, visitas a colegios y <a href=\"http:\/\/issuu.com\/primerbrief\" onclick=\"_gaq.push(['_trackEvent', 'outbound-article', 'http:\/\/issuu.com\/primerbrief', '12.000 revistas']);\" target=\"_blank\">12.000 revistas<\/a> distribuidas. Para celebrarlo, el viernes 7 por la noche PB recibir\u00e1 a todos sus lectores en Opium Garden, en Palermo, con entrada gratis de 1 a 2.30 am.<\/strong><\/span><\/p>\n<p><a href=\"http:\/\/www.primerbrief.com\/wp-content\/uploads\/2012\/08\/fiestapb-1aniversario-580-expandido.jpg\" onclick=\"_gaq.push(['_trackEvent', 'outbound-article-int', 'http:\/\/www.primerbrief.com\/wp-content\/uploads\/2012\/08\/fiestapb-1aniversario-580-expandido.jpg', '']);\" ><img loading=\"lazy\" decoding=\"async\" src=\"http:\/\/www.primerbrief.com\/wp-content\/uploads\/2012\/08\/fiestapb-1aniversario-580px.jpg\" alt=\"\" title=\"fiestapb-1aniversario-580px\" width=\"580\" height=\"580\" class=\"alignleft size-full wp-image-12208\" srcset=\"https:\/\/www.primerbrief.com\/wp-content\/uploads\/2012\/08\/fiestapb-1aniversario-580px.jpg 580w, https:\/\/www.primerbrief.com\/wp-content\/uploads\/2012\/08\/fiestapb-1aniversario-580px-150x150.jpg 150w, https:\/\/www.primerbrief.com\/wp-content\/uploads\/2012\/08\/fiestapb-1aniversario-580px-300x300.jpg 300w\" sizes=\"auto, (max-width: 580px) 100vw, 580px\" \/><\/a><br \/>\n<em>A partir de las 2:31 se cobra una entrada de $60 que incluye un trago de speed y vodka: lo que consumas despu\u00e9s deber\u00e1s pagarlo.<\/em><\/p>\n<p>&nbsp;<br \/>\n<img loading=\"lazy\" decoding=\"async\" src=\"http:\/\/www.primerbrief.com\/wp-content\/uploads\/2011\/06\/staff-pancho1.jpg\" width=\"60\" height=\"60\" class=\"alignleft size-full wp-image-4110\" style=\"margin: 0px 10px 0px 0px\" \/><strong>POR <a href=\"http:\/\/www.primerbrief.com\/?tag=pancho-dondo-argentina\" onclick=\"_gaq.push(['_trackEvent', 'outbound-article-int', 'http:\/\/www.primerbrief.com\/?tag=pancho-dondo-argentina', 'PANCHO DONDO']);\" target=\"_blank\">PANCHO DONDO<\/a><\/strong><br \/>\nDirector de PB<br \/>\n<em>(Im\u00e1genes: Ezequiel Banchero y Archivo PB)<\/em><\/p>\n<p style=\"clear:left;\">\n<p>&nbsp;<br \/>\nTodav\u00eda no cumplimos un a\u00f1o: faltan ocho d\u00edas para eso porque <a href=\"http:\/\/www.primerbrief.com\/?p=2186\" onclick=\"_gaq.push(['_trackEvent', 'outbound-article-int', 'http:\/\/www.primerbrief.com\/?p=2186', 'la primera nota']);\" target=\"_blank\">la primera nota<\/a> se public\u00f3 el lunes 5 de septiembre de 2011. Pero ya nos morimos de ganas de empezar los festejos, porque PRIMER BRIEF es un proyecto que siempre tiene ganas de llegar antes: as\u00ed como fue el primer diario period\u00edstico online dedicado exclusivamente a los estudiantes de publicidad de todo Iberoam\u00e9rica, pronto organiz\u00f3 los primeros almuerzos exclusivos de agencias y anunciantes (<a href=\"http:\/\/www.primerbrief.com\/?p=4792\" onclick=\"_gaq.push(['_trackEvent', 'outbound-article-int', 'http:\/\/www.primerbrief.com\/?p=4792', 'Leo Burnett y Garbarino']);\" target=\"_blank\">Leo Burnett y Garbarino<\/a>, <a href=\"http:\/\/www.primerbrief.com\/?p=5234\" onclick=\"_gaq.push(['_trackEvent', 'outbound-article-int', 'http:\/\/www.primerbrief.com\/?p=5234', 'Madre y Banco Hipotecario']);\" target=\"_blank\">Madre y Banco Hipotecario<\/a>, <a href=\"http:\/\/www.primerbrief.com\/?p=10258\" onclick=\"_gaq.push(['_trackEvent', 'outbound-article-int', 'http:\/\/www.primerbrief.com\/?p=10258', 'Young &#038; Rubicam y Banco Galicia']);\" target=\"_blank\">Young &#038; Rubicam y Banco Galicia<\/a>, <a href=\"http:\/\/www.primerbrief.com\/?p=11418\" onclick=\"_gaq.push(['_trackEvent', 'outbound-article-int', 'http:\/\/www.primerbrief.com\/?p=11418', 'Furia y Alpargatas']);\" target=\"_blank\">Furia y Alpargatas<\/a> con esos mismos estudiantes y en abril de este a\u00f1o <a href=\"http:\/\/www.primerbrief.com\/?p=10056\" onclick=\"_gaq.push(['_trackEvent', 'outbound-article-int', 'http:\/\/www.primerbrief.com\/?p=10056', 'se convirti\u00f3']);\" target=\"_blank\">se convirti\u00f3<\/a> en <a href=\"http:\/\/issuu.com\/primerbrief\" onclick=\"_gaq.push(['_trackEvent', 'outbound-article', 'http:\/\/issuu.com\/primerbrief', 'la primera revista']);\" target=\"_blank\">la primera revista<\/a> en llegar mensualmente a los estudiantes de publicidad de Buenos Aires y alrededores.<\/p>\n<p>Y por si eso fuera poco, tambi\u00e9n generamos noches de encuentros de estudiantes con <a href=\"http:\/\/www.primerbrief.com\/?p=4900\" onclick=\"_gaq.push(['_trackEvent', 'outbound-article-int', 'http:\/\/www.primerbrief.com\/?p=4900', 'Young &#038; Rubicam y Quadro']);\" target=\"_blank\">Young &#038; Rubicam y Quadro<\/a>, <a href=\"http:\/\/www.primerbrief.com\/?p=5586\" onclick=\"_gaq.push(['_trackEvent', 'outbound-article-int', 'http:\/\/www.primerbrief.com\/?p=5586', 'Complot Barcelona']);\" target=\"_blank\">Complot Barcelona<\/a>, <a href=\"http:\/\/www.primerbrief.com\/?p=6696\" onclick=\"_gaq.push(['_trackEvent', 'outbound-article-int', 'http:\/\/www.primerbrief.com\/?p=6696', 'Del Campo Nazca Saatchi &#038; Saatchi y Quilmes']);\" target=\"_blank\">Del Campo Nazca Saatchi &#038; Saatchi y Quilmes<\/a>, <a href=\"http:\/\/www.primerbrief.com\/?p=10365\" onclick=\"_gaq.push(['_trackEvent', 'outbound-article-int', 'http:\/\/www.primerbrief.com\/?p=10365', 'Meeting Point y Arcor']);\" target=\"_blank\">Meeting Point y Arcor<\/a>.<\/p>\n<p>\u00bfY d\u00f3nde y c\u00f3mo ser\u00e1 el festejo? Miralo en la tarjeta de invitaci\u00f3n de arriba, que pod\u00e9s cliquear para ver mejor: en Opium Garden, Juan B. Justo 1675 (Palermo), con entrada gratis de 1 a 2.30 am, la noche del viernes 7\/9. Confirm\u00e1 asistencia en <a href=\"http:\/\/www.facebook.com\/events\/356242221117962\" onclick=\"_gaq.push(['_trackEvent', 'outbound-article', 'http:\/\/www.facebook.com\/events\/356242221117962', 'el evento mismo en Facebook']);\" target=\"_blank\">el evento mismo en Facebook<\/a>. \u00a1Te esperamos!<\/p>\n<div align=\"left\">&#160;<\/div>\n<div align=\"left\">&#160;<\/div>\n","protected":false},"excerpt":{"rendered":"<p>(ARGENTINA) &#8211; El pr\u00f3ximo mi\u00e9rcoles 5 de septiembre se cumplir\u00e1 un a\u00f1o de la primera publicaci\u00f3n de una nota en este portal. Un a\u00f1o de informaci\u00f3n, de testimonios, de historias, de sorpresas, de viajes, de concursos y, sobre todo, de ENCUENTROS PB: almuerzos, noches, visitas a colegios y 12.000 revistas distribuidas. Para celebrarlo, el viernes 7 por la noche PB [&hellip;]<\/p>\n","protected":false},"author":3,"featured_media":12205,"comment_status":"open","ping_status":"open","sticky":false,"template":"","format":"standard","meta":{"footnotes":""},"categories":[3],"tags":[1711,26,216],"class_list":["post-12203","post","type-post","status-publish","format-standard","has-post-thumbnail","hentry","category-institucional","tag-aniversario-pb","tag-argentina","tag-pancho-dondo-argentina"],"_links":{"self":[{"href":"https:\/\/www.primerbrief.com\/index.php?rest_route=\/wp\/v2\/posts\/12203","targetHints":{"allow":["GET"]}}],"collection":[{"href":"https:\/\/www.primerbrief.com\/index.php?rest_route=\/wp\/v2\/posts"}],"about":[{"href":"https:\/\/www.primerbrief.com\/index.php?rest_route=\/wp\/v2\/types\/post"}],"author":[{"embeddable":true,"href":"https:\/\/www.primerbrief.com\/index.php?rest_route=\/wp\/v2\/users\/3"}],"replies":[{"embeddable":true,"href":"https:\/\/www.primerbrief.com\/index.php?rest_route=%2Fwp%2Fv2%2Fcomments&post=12203"}],"version-history":[{"count":4,"href":"https:\/\/www.primerbrief.com\/index.php?rest_route=\/wp\/v2\/posts\/12203\/revisions"}],"predecessor-version":[{"id":12222,"href":"https:\/\/www.primerbrief.com\/index.php?rest_route=\/wp\/v2\/posts\/12203\/revisions\/12222"}],"wp:featuredmedia":[{"embeddable":true,"href":"https:\/\/www.primerbrief.com\/index.php?rest_route=\/wp\/v2\/media\/12205"}],"wp:attachment":[{"href":"https:\/\/www.primerbrief.com\/index.php?rest_route=%2Fwp%2Fv2%2Fmedia&parent=12203"}],"wp:term":[{"taxonomy":"category","embeddable":true,"href":"https:\/\/www.primerbrief.com\/index.php?rest_route=%2Fwp%2Fv2%2Fcategories&post=12203"},{"taxonomy":"post_tag","embeddable":true,"href":"https:\/\/www.primerbrief.com\/index.php?rest_route=%2Fwp%2Fv2%2Ftags&post=12203"}],"curies":[{"name":"wp","href":"https:\/\/api.w.org\/{rel}","templated":true}]}}