{"id":12219,"date":"2012-08-30T03:59:06","date_gmt":"2012-08-30T06:59:06","guid":{"rendered":"http:\/\/www.primerbrief.com\/?p=12219"},"modified":"2012-08-29T23:06:39","modified_gmt":"2012-08-30T02:06:39","slug":"llega-la-segunda-entrevista-cruzada-de-el-circulo-y-el-pais","status":"publish","type":"post","link":"https:\/\/www.primerbrief.com\/?p=12219","title":{"rendered":"Tras Mor\u00e9 e Invernizzi, hoy llega la segunda Entrevista Cruzada"},"content":{"rendered":"<p><span style=\"font-size: 11pt;\"><strong>(URUGUAY) &#8211; El ciclo inaugurado el jueves pasado por Claudio Invernizzi y \u00c1lvaro Mor\u00e9 contin\u00faa hoy a las 19 en el Teatro del Centro con dos nombres que har\u00e1n que la charla sea imperdible: Felipe <em>Pipe<\/em> Stein (director de Notable Publicidad) entrevistar\u00e1 a Elbio Acu\u00f1a (fundador de Punto Ogilvy y vicepresidente de la primera comisi\u00f3n del Circulo Uruguayo de la Publicidad)&#8230; \u00a1y viceversa!<\/strong><\/span><\/p>\n<p><a href=\"http:\/\/www.primerbrief.com\/wp-content\/uploads\/2012\/08\/fotoentrevistascrusadas.jpg\" onclick=\"_gaq.push(['_trackEvent', 'outbound-article-int', 'http:\/\/www.primerbrief.com\/wp-content\/uploads\/2012\/08\/fotoentrevistascrusadas.jpg', '']);\" ><img loading=\"lazy\" decoding=\"async\" src=\"http:\/\/www.primerbrief.com\/wp-content\/uploads\/2012\/08\/fotoentrevistascrusadas.jpg\" alt=\"\" title=\"fotoentrevistascrusadas\" width=\"580\" height=\"414\" class=\"alignleft size-full wp-image-12226\" srcset=\"https:\/\/www.primerbrief.com\/wp-content\/uploads\/2012\/08\/fotoentrevistascrusadas.jpg 580w, https:\/\/www.primerbrief.com\/wp-content\/uploads\/2012\/08\/fotoentrevistascrusadas-300x214.jpg 300w\" sizes=\"auto, (max-width: 580px) 100vw, 580px\" \/><\/a><br \/>\n<em>En el Teatro del Centro, la semana pasada, sobraron las an\u00e9cdotas de estos dos gigantes de la industria publicitaria uruguaya: Mor\u00e9 (izquierda) e Invernizzi (derecha). (Foto: Prensa CUP)<\/em><\/p>\n<p>&nbsp;<br \/>\nEl jueves 23 comenz\u00f3 el ciclo \u00abEntrevistas Cruzadas\u00bb, organizado por el C\u00edrculo Uruguayo de la Publicidad, con el auspicio del suplemento El Empresario, del diario El Pa\u00eds. En la primera de las tres presentaciones se entrevistaron mutuamente Claudio Invernizzi y \u00c1lvaro Mor\u00e9.<\/p>\n<p>Tuvo lugar en Teatro del Centro, colmado por varias generaciones de publicitarios, donde se mezclaron presidentes de agencias y varios de los creativos m\u00e1s j\u00f3venes: all\u00ed, el jueves, se pudo disfrutar de una charla intimista, honesta y espont\u00e1nea entre dos de los m\u00e1ximos referentes del mercado uruguayo.<\/p>\n<p>Habiendo trabajado juntos en tres agencias, los temas abordados fueron sus primeros a\u00f1os en Capurro Publicidad, c\u00f3mo fueron madurando la idea de crear su propia agencia, Diciembre, la asociaci\u00f3n con Grey y, por supuesto, sus visiones sobre temas de actualidad, como las nuevas tecnolog\u00edas y formas de comunicaci\u00f3n.<\/p>\n<p>An\u00e9cdotas personales sobre sus carreras sobraron, ya que llevan m\u00e1s de 25 a\u00f1os de \u00e9xito y constante crecimiento; hubo tambi\u00e9n algunos detalles in\u00e9ditos sobre asociaciones internacionales que no fueron o c\u00f3mo llegaron a tener, en una agencia con menos de seis meses de vida, ocho campa\u00f1as simult\u00e1neas en el aire.<\/p>\n<p>Hoy es el turno de Pipe Stein y Elbio Acu\u00f1a: ellos (igual que Invernizzi y Mor\u00e9) se entrevistar\u00e1n el uno al otro, en Entrevistas Cruzadas. Dos potencias que prometen mucho.<\/p>\n<div style=\"background-color: #f4f4f4; width: 560px; float: left; padding: 10px; margin-top: 20px; margin-bottom: 20px; border-top: solid 10px #CCCCCC; border-bottom: solid 10px #CCCCCC; line-height: 16px; font-size: 12px;\"><img decoding=\"async\" style=\"width: 560px; margin-bottom: 10px; float: left; border: solid 0px;\" src=\"http:\/\/www.primerbrief.com\/wp-content\/uploads\/2011\/07\/PB-RecuadroMasInfo.jpg\" alt=\"\" \/><br \/>\n<img loading=\"lazy\" decoding=\"async\" class=\"alignleft size-full wp-image-12220\" src=\"http:\/\/www.primerbrief.com\/wp-content\/uploads\/2012\/08\/entrevistascruzadasjueves30.jpg\" width=\"560\" height=\"446\" srcset=\"https:\/\/www.primerbrief.com\/wp-content\/uploads\/2012\/08\/entrevistascruzadasjueves30.jpg 560w, https:\/\/www.primerbrief.com\/wp-content\/uploads\/2012\/08\/entrevistascruzadasjueves30-300x238.jpg 300w\" sizes=\"auto, (max-width: 560px) 100vw, 560px\" \/><br \/>\n&nbsp;<br \/>\nJueves 30 de agosto.<br \/>\n19hs.<br \/>\nTeatro del Centro: Plaza Cagancha 1168, Montevideo.<br \/>\nEntrada para socios: $50.<br \/>\nEntrada para no socios: $250.<br \/>\nBono para el ciclo completo (no socios): $650.<br \/>\nCupos limitados.<\/p>\n<p><em>Entrevistas Cruzadas<\/em> es una co-producci\u00f3n entre el diario <a href=\"http:\/\/www.elpais.com.uy\/\" onclick=\"_gaq.push(['_trackEvent', 'outbound-article', 'http:\/\/www.elpais.com.uy\/', 'El Pa\u00eds']);\"  target=\"_blank\">El Pa\u00eds<\/a> para su suplemento El Empresario y el <a href=\"http:\/\/www.circulopublicidad.com\/home\/\" onclick=\"_gaq.push(['_trackEvent', 'outbound-article', 'http:\/\/www.circulopublicidad.com\/home\/', 'C\u00edrculo Uruguayo de la Publicidad']);\"  target=\"_blank\">C\u00edrculo Uruguayo de la Publicidad<\/a>.\n<\/div>\n<div align=\"left\"><\/div>\n<div align=\"left\"><\/div>\n","protected":false},"excerpt":{"rendered":"<p>(URUGUAY) &#8211; El ciclo inaugurado el jueves pasado por Claudio Invernizzi y \u00c1lvaro Mor\u00e9 contin\u00faa hoy a las 19 en el Teatro del Centro con dos nombres que har\u00e1n que la charla sea imperdible: Felipe Pipe Stein (director de Notable Publicidad) entrevistar\u00e1 a Elbio Acu\u00f1a (fundador de Punto Ogilvy y vicepresidente de la primera comisi\u00f3n del Circulo Uruguayo de la [&hellip;]<\/p>\n","protected":false},"author":1,"featured_media":12228,"comment_status":"open","ping_status":"open","sticky":false,"template":"","format":"standard","meta":{"footnotes":""},"categories":[5],"tags":[1702,224,1701,1700,1713,1712,31],"class_list":["post-12219","post","type-post","status-publish","format-standard","has-post-thumbnail","hentry","category-lugares-de-estudio","tag-alvaro-more-uruguay","tag-circulo-uruguayo-de-la-publicidad","tag-claudio-invernizzi-uruguay","tag-diario-el-pais-uruguay","tag-elbio-acuna-uruguay","tag-pipe-stein-uruguay","tag-uruguay"],"_links":{"self":[{"href":"https:\/\/www.primerbrief.com\/index.php?rest_route=\/wp\/v2\/posts\/12219","targetHints":{"allow":["GET"]}}],"collection":[{"href":"https:\/\/www.primerbrief.com\/index.php?rest_route=\/wp\/v2\/posts"}],"about":[{"href":"https:\/\/www.primerbrief.com\/index.php?rest_route=\/wp\/v2\/types\/post"}],"author":[{"embeddable":true,"href":"https:\/\/www.primerbrief.com\/index.php?rest_route=\/wp\/v2\/users\/1"}],"replies":[{"embeddable":true,"href":"https:\/\/www.primerbrief.com\/index.php?rest_route=%2Fwp%2Fv2%2Fcomments&post=12219"}],"version-history":[{"count":14,"href":"https:\/\/www.primerbrief.com\/index.php?rest_route=\/wp\/v2\/posts\/12219\/revisions"}],"predecessor-version":[{"id":12232,"href":"https:\/\/www.primerbrief.com\/index.php?rest_route=\/wp\/v2\/posts\/12219\/revisions\/12232"}],"wp:featuredmedia":[{"embeddable":true,"href":"https:\/\/www.primerbrief.com\/index.php?rest_route=\/wp\/v2\/media\/12228"}],"wp:attachment":[{"href":"https:\/\/www.primerbrief.com\/index.php?rest_route=%2Fwp%2Fv2%2Fmedia&parent=12219"}],"wp:term":[{"taxonomy":"category","embeddable":true,"href":"https:\/\/www.primerbrief.com\/index.php?rest_route=%2Fwp%2Fv2%2Fcategories&post=12219"},{"taxonomy":"post_tag","embeddable":true,"href":"https:\/\/www.primerbrief.com\/index.php?rest_route=%2Fwp%2Fv2%2Ftags&post=12219"}],"curies":[{"name":"wp","href":"https:\/\/api.w.org\/{rel}","templated":true}]}}