{"id":12268,"date":"2012-08-31T04:00:54","date_gmt":"2012-08-31T07:00:54","guid":{"rendered":"http:\/\/www.primerbrief.com\/?p=12268"},"modified":"2012-08-31T01:05:35","modified_gmt":"2012-08-31T04:05:35","slug":"clase-abierta-de-los-profes-del-segundo-trimestre-de-la-mas","status":"publish","type":"post","link":"https:\/\/www.primerbrief.com\/?p=12268","title":{"rendered":"Clase abierta de los profes del segundo trimestre de la MAS"},"content":{"rendered":"<p><span style=\"font-size: 11pt\"><strong>(ARGENTINA) &#8211; El pr\u00f3ximo jueves 6, a las 7 de la tarde, en la sede porte\u00f1a de la Miami Ad School los profes del segundo trimestre de cursada dar\u00e1n una clase abierta, libre y gratuita para todos los interesados, en la que \u00abexpondr\u00e1n los contenidos de sus materias, trazar\u00e1n los lineamientos generales de los cursos y responder\u00e1n a las preguntas que surjan del auditorio\u00bb.<\/strong><\/span><\/p>\n<p><img loading=\"lazy\" decoding=\"async\" src=\"http:\/\/www.primerbrief.com\/wp-content\/uploads\/2012\/08\/ARG-MiamiAdSchoolEnMunich1735-580px.jpg\" alt=\"\" title=\"ARG-MiamiAdSchoolEnMunich1735-580px\" width=\"580\" height=\"278\" class=\"alignleft size-full wp-image-12271\" srcset=\"https:\/\/www.primerbrief.com\/wp-content\/uploads\/2012\/08\/ARG-MiamiAdSchoolEnMunich1735-580px.jpg 580w, https:\/\/www.primerbrief.com\/wp-content\/uploads\/2012\/08\/ARG-MiamiAdSchoolEnMunich1735-580px-300x143.jpg 300w\" sizes=\"auto, (max-width: 580px) 100vw, 580px\" \/><br \/>\n<em>La sede de Miami Ad School en Buenos Aires es una antigua productora reciclada, ubicada en el pasaje Munich del barrio de Belgrano.<\/em><\/p>\n<p>&nbsp;<br \/>\nCon una clase abierta en su auditorio, <a href=\"http:\/\/miamiadschool.com.ar\" onclick=\"_gaq.push(['_trackEvent', 'outbound-article', 'http:\/\/miamiadschool.com.ar', 'Miami Ad School Buenos Aires']);\" target=\"_blank\">Miami Ad School Buenos Aires<\/a> lanza el jueves que viene el segundo trimestre de cursada, que se desarrollar\u00e1 entre octubre y diciembre, para las carreras de Redactor y Director de Arte. <\/p>\n<p>En la clase abierta, que ser\u00e1 el jueves 6 de septiembre a las 7 de la tarde, participar\u00e1n los docentes a cargo de cursos: los profesores \u00abexpondr\u00e1n los contenidos de sus materias, trazar\u00e1n los lineamientos generales de los cursos y responder\u00e1n a las preguntas que surjan del auditorio\u00bb.<\/p>\n<p>&nbsp;<br \/>\n<span style=\"font-size: 11pt\"><strong>DOCENTES Y MATERIAS<\/strong><\/span> <\/p>\n<p><a href=\"http:\/\/www.linkedin.com\/in\/silviopanizza\" onclick=\"_gaq.push(['_trackEvent', 'outbound-article', 'http:\/\/www.linkedin.com\/in\/silviopanizza', 'Silvio Panizza']);\" target=\"_blank\">Silvio Panizza<\/a> &#8211; <strong>POR TODOS LOS MEDIOS<\/strong>.<br \/>\nLas ideas se abren paso. Son como el agua: fluyen y toman la forma del espacio que ocupan. \u00bfDe qu\u00e9 est\u00e1n hechas? \u00bfHacia d\u00f3nde van? \u00bfDe d\u00f3nde vienen? Las palabras y las cosas, Borges y Les Luthiers, Cronopios y Famas, Biblias y calefones. Las ideas se abren paso por todos los medios. Y vamos a tratar de guiarlas: vamos a generar t\u00e9cnicas de generar, pensar modos de pensar, hacer formas de hacer. A ver qu\u00e9 hacen.<\/p>\n<p><a href=\"http:\/\/www.linkedin.com\/pub\/sabina-schapiro\/50\/444\/9b3\" onclick=\"_gaq.push(['_trackEvent', 'outbound-article', 'http:\/\/www.linkedin.com\/pub\/sabina-schapiro\/50\/444\/9b3', 'Sabina Shapiro']);\" target=\"_blank\">Sabina Shapiro<\/a> y <a href=\"http:\/\/www.linkedin.com\/pub\/adri%C3%A1n-felcman\/32\/684\/a9a\" onclick=\"_gaq.push(['_trackEvent', 'outbound-article', 'http:\/\/www.linkedin.com\/pub\/adri%C3%A1n-felcman\/32\/684\/a9a', 'Adri\u00e1n Felcman']);\" target=\"_blank\">Adri\u00e1n Felcman<\/a> &#8211; <strong>PENSAR ESTRAT\u00c9GICAMENTE<\/strong>.<br \/>\nCuando las estrategias son creativas, crear ideas originales es m\u00e1s simple. En este curso los creativos aprender\u00e1n a descubrir \u201cinsights\u201d para estrategias y briefs m\u00e1s inspiradores. Tambi\u00e9n aprender\u00e1n a usar la estrategia para defender las mejores ideas.<\/p>\n<p><a href=\"http:\/\/www.linkedin.com\/in\/estebanglas\" onclick=\"_gaq.push(['_trackEvent', 'outbound-article', 'http:\/\/www.linkedin.com\/in\/estebanglas', 'Esteban Panzeri']);\" target=\"_blank\">Esteban Panzeri<\/a> &#8211; <strong>LA EXPERIENCIA DEL USUARIO<\/strong>.<br \/>\nLa ciencia de la organizaci\u00f3n de la informaci\u00f3n para creativos. Explorar\u00e1n la experiencia del usuario en cada momento de la campa\u00f1a de la marca y aprender\u00e1n a crear la estructura para que encuentren la informaci\u00f3n que est\u00e1n buscando. <\/p>\n<p><strong>Agust\u00edn Filippini &#8211; UN VIAJE TIPOGR\u00c1FICO<\/strong>.<br \/>\nAprender contenidos sobre la tipograf\u00eda, su historia y evoluci\u00f3n. Desarrollar habilidades b\u00e1sicas para la identificaci\u00f3n y el manejo de tipograf\u00edas. Poder crear dise\u00f1os usando tipos de letras,  aprovechando su capacidad de comunicaci\u00f3n. <\/p>\n<p>Para presenciar la clase abierta en el lugar o para presenciarla por internet, anotate <a href=\"http:\/\/www.facebook.com\/miamiadschoolbuenosaires\/app_197602066931325?utm_source=MASBA+POP+1&#038;utm_campaign=5c3b6ecc00-Clase+Abierta&#038;utm_medium=email\" onclick=\"_gaq.push(['_trackEvent', 'outbound-article', 'http:\/\/www.facebook.com\/miamiadschoolbuenosaires\/app_197602066931325?utm_source=MASBA+POP+1&#038;utm_campaign=5c3b6ecc00-Clase+Abierta&#038;utm_medium=email', 'en este link']);\" target=\"_blank\">en este link<\/a>. <\/p>\n<div align=\"left\">&#160;<\/div>\n<div align=\"left\">&#160;<\/div>\n","protected":false},"excerpt":{"rendered":"<p>(ARGENTINA) &#8211; El pr\u00f3ximo jueves 6, a las 7 de la tarde, en la sede porte\u00f1a de la Miami Ad School los profes del segundo trimestre de cursada dar\u00e1n una clase abierta, libre y gratuita para todos los interesados, en la que \u00abexpondr\u00e1n los contenidos de sus materias, trazar\u00e1n los lineamientos generales de los cursos y responder\u00e1n a las preguntas [&hellip;]<\/p>\n","protected":false},"author":3,"featured_media":12270,"comment_status":"open","ping_status":"open","sticky":false,"template":"","format":"standard","meta":{"footnotes":""},"categories":[5],"tags":[1717,1718,26,1716,1223,1418,1715,101],"class_list":["post-12268","post","type-post","status-publish","format-standard","has-post-thumbnail","hentry","category-lugares-de-estudio","tag-adrian-felcman-argentina","tag-agustin-filippini-argentina","tag-argentina","tag-esteban-panzeri-argentina","tag-miami-ad-school","tag-miami-ad-school-buenos-aires-argentina","tag-sabina-shapiro-argentina","tag-silvio-panizza-argentina"],"_links":{"self":[{"href":"https:\/\/www.primerbrief.com\/index.php?rest_route=\/wp\/v2\/posts\/12268","targetHints":{"allow":["GET"]}}],"collection":[{"href":"https:\/\/www.primerbrief.com\/index.php?rest_route=\/wp\/v2\/posts"}],"about":[{"href":"https:\/\/www.primerbrief.com\/index.php?rest_route=\/wp\/v2\/types\/post"}],"author":[{"embeddable":true,"href":"https:\/\/www.primerbrief.com\/index.php?rest_route=\/wp\/v2\/users\/3"}],"replies":[{"embeddable":true,"href":"https:\/\/www.primerbrief.com\/index.php?rest_route=%2Fwp%2Fv2%2Fcomments&post=12268"}],"version-history":[{"count":3,"href":"https:\/\/www.primerbrief.com\/index.php?rest_route=\/wp\/v2\/posts\/12268\/revisions"}],"predecessor-version":[{"id":12273,"href":"https:\/\/www.primerbrief.com\/index.php?rest_route=\/wp\/v2\/posts\/12268\/revisions\/12273"}],"wp:featuredmedia":[{"embeddable":true,"href":"https:\/\/www.primerbrief.com\/index.php?rest_route=\/wp\/v2\/media\/12270"}],"wp:attachment":[{"href":"https:\/\/www.primerbrief.com\/index.php?rest_route=%2Fwp%2Fv2%2Fmedia&parent=12268"}],"wp:term":[{"taxonomy":"category","embeddable":true,"href":"https:\/\/www.primerbrief.com\/index.php?rest_route=%2Fwp%2Fv2%2Fcategories&post=12268"},{"taxonomy":"post_tag","embeddable":true,"href":"https:\/\/www.primerbrief.com\/index.php?rest_route=%2Fwp%2Fv2%2Ftags&post=12268"}],"curies":[{"name":"wp","href":"https:\/\/api.w.org\/{rel}","templated":true}]}}