{"id":12426,"date":"2012-09-25T03:59:16","date_gmt":"2012-09-25T06:59:16","guid":{"rendered":"http:\/\/www.primerbrief.com\/?p=12426"},"modified":"2012-09-24T23:17:46","modified_gmt":"2012-09-25T02:17:46","slug":"hablan-los-ganadores-del-evento-24-horas-de-la-ort-cada-uno-puso-su-granito-de-arena","status":"publish","type":"post","link":"https:\/\/www.primerbrief.com\/?p=12426","title":{"rendered":"Hablan los ganadores del evento \u00ab24 Horas\u00bb de la ORT: \u00abCada uno puso su granito de arena\u00bb"},"content":{"rendered":"<p><span style=\"font-size: 11pt;\"><strong>(URUGUAY) &#8211; A fin de agosto se realiz\u00f3, en la Universidad ORT de Montevideo, la ya tradicional actividad <em>24 Horas<\/em>, esta vez con el t\u00edtulo \u00ab24 horas por el respeto a la diversidad\u00bb. El equipo ganador estuvo liderado por el creativo Massimiliano di Murro (docente en ORT, ex vicepresidente del C\u00edrculo Uruguayo de la Publicidad y actual asesor independiente en comunicaci\u00f3n) e integrado por Noelia Matkovich, Franca Idiarte, Alex Zavala, Mart\u00edn Biurrun y Florencia Fabini. PB dialog\u00f3 con dos de ellos y con uno de los jurados del concurso.<\/strong><\/span><\/p>\n<p><a href=\"http:\/\/www.primerbrief.com\/wp-content\/uploads\/2012\/09\/24-horas-ort-uruguay-equipoganador-y-autoridades-1366px.jpg\" onclick=\"_gaq.push(['_trackEvent', 'outbound-article-int', 'http:\/\/www.primerbrief.com\/wp-content\/uploads\/2012\/09\/24-horas-ort-uruguay-equipoganador-y-autoridades-1366px.jpg', '']);\" ><img loading=\"lazy\" decoding=\"async\" src=\"http:\/\/www.primerbrief.com\/wp-content\/uploads\/2012\/09\/24-horas-ort-uruguay-equipoganador-y-autoridades-580px.jpg\" alt=\"\" title=\"24-horas-ort-uruguay-equipoganador-y-autoridades-580px\" width=\"580\" height=\"387\" class=\"alignleft size-full wp-image-12780\" srcset=\"https:\/\/www.primerbrief.com\/wp-content\/uploads\/2012\/09\/24-horas-ort-uruguay-equipoganador-y-autoridades-580px.jpg 580w, https:\/\/www.primerbrief.com\/wp-content\/uploads\/2012\/09\/24-horas-ort-uruguay-equipoganador-y-autoridades-580px-300x200.jpg 300w\" sizes=\"auto, (max-width: 580px) 100vw, 580px\" \/><\/a><br \/>\n<em>Foto del equipo ganador: de izquierda a derecha, Marcelo Alfonzo (rector de Universia Uruguay), Miguel Olivencia (director de Comunicaci\u00f3n Publicitaria), Monserrat Ramos (coordinadora acad\u00e9mica de la licenciatura en Publicidad), Alicia Esquivel (doctora, integrante de la Comisi\u00f3n Honoraria contra el Racismo, la Xenofobia y Toda otra Forma de Discriminaci\u00f3n, Ministerio de Educaci\u00f3n y Cultura del Uruguay) y el equipo ganador, integrado por Franca Idiarte, Alex Zavala, Mart\u00edn Biurrun, Massimiliano di Murro (l\u00edder), Noelia Matkovich y Florencia Fabini. (Fotos: Facebook Evento)<\/em><\/p>\n<p>&nbsp;<br \/>\nEl evento <em>24 Horas<\/em> se cre\u00f3 en el a\u00f1o 2005 y, a partir de entonces, se ha venido realizando anualmente, salvo en los a\u00f1os 2008 y 2011. Cada vez que se edita, el objetivo es que estudiantes de publicidad y de dise\u00f1o se unan en equipos de trabajo con el objetivo de generar una campa\u00f1a de bien p\u00fablico.<\/p>\n<p>El concurso creativo implic\u00f3 que este a\u00f1o estudiantes de publicidad crearan una campa\u00f1a contra el racismo, la xenofobia y otras formas de discriminaci\u00f3n.<\/p>\n<p>Participaron cerca de 50 personas, divididas en cinco grupos, cada uno liderado por un profesional: Massimiliano di Murro, Manuel Amor\u00edn, Samuel Liberman, Juan Teba y Maria Eugenia Ameneiros.<\/p>\n<p>El viernes 31 de agosto a las 16.00 horas fue la apertura de la jornada, en <a href=\"http:\/\/www.ort.edu.uy\/\" onclick=\"_gaq.push(['_trackEvent', 'outbound-article', 'http:\/\/www.ort.edu.uy\/', 'La Escuela de Comunicaci\u00f3n de la Universidad ORT Uruguay']);\" target=\"_blank\">La Escuela de Comunicaci\u00f3n de la Universidad ORT Uruguay<\/a>. All\u00ed se dividi\u00f3 a los participantes en grupos y se les entreg\u00f3 la propuesta sobre la que trabajaron hasta el mediod\u00eda del s\u00e1bado, cuando presentaron sus campa\u00f1as al jurado, que estuvo compuesto por Monserrat Ramos, Marcelo Alfonzo, Miguel Olivencia y Alicia Esquivel (ver foto superior).<\/p>\n<p>\u00abLa verdad que fue muy lindo e interesante ya que todos participamos, cada uno a su forma, aportando su granito de arena para la idea final \u2014coment\u00f3 Mart\u00edn Biurrum, integrante del equipo ganador\u2014. Primero nos integramos como grupo, nos presentamos, luego comenzamos a expresar ideas y tratamos de investigar la discriminaci\u00f3n que sin darnos cuenta llevamos todos dentro. De esa forma no nos censuramos y nos ayud\u00f3 a entender los puntos que ten\u00edamos que atacar. Fuimos a la ra\u00edz del problema. As\u00ed pensamos en que el aspecto legal, la importancia de la ley contra la discriminaci\u00f3n y la posibilidad de denunciar ten\u00edan que estar en la campa\u00f1a\u00bb. Mart\u00edn agreg\u00f3 que, luego  de decidir las palabras relativas a la discriminaci\u00f3n, fundamentales  para causar un efecto fuerte en la audiencia, pensaron no pensar la igualdad como \u00abtodos exactamente iguales\u00bb, sino como \u00ablo positivo y el respeto por la diferencia\u00bb.<\/p>\n<p>Otra integrante del equipo, Franca Idiarte Montiel, cont\u00f3 c\u00f3mo vivi\u00f3 ella esta experiencia: \u00abPersonalmente fue toda una experiencia nueva para m\u00ed. Era la m\u00e1s joven del grupo y conoc\u00eda a uno solo de los integrantes. Sin embargo, fue super agradable la convivencia durante esas 24 horas junto a todo el equipo, incluyendo a nuestro lider, Massimiliano\u00bb. Franca hizo menci\u00f3n al trabajo en conjunto y destac\u00f3 muchas de sus fortalezas; cree, adem\u00e1s, que lo que los destac\u00f3 como equipo fue el saber complementarse entre ellos: cada uno aportaba su granito de arena para poder crear, en conjunto, la campa\u00f1a. Algunos con m\u00e1s visi\u00f3n de dise\u00f1o y otros de imaginaci\u00f3n, un verdadero equipo.<\/p>\n<p>Monserrat Ramos, como jurado, destac\u00f3 que, independientemente de que siempre hay un trabajo que cumple mejor con los objetivos planteados, los cinco equipos aportaron y arrojaron luz acerca de c\u00f3mo poner el tema en la agenda p\u00fablica: \u00abTodos los estudiantes se involucraron absolutamente y dieron lo mejor. Pero el elemento que inclin\u00f3 la balanza hacia el ganador fue que era el trabajo que integraba mejor a todos los tipos de discriminaci\u00f3n y este era el objetivo primordial, no dejar ning\u00fan tipo de discriminaci\u00f3n afuera y no hacer \u00e9nfasis en uno sobre el otro\u00bb. Montserrat tambi\u00e9n coment\u00f3 que este equipo tuvo la ventaja de utilizar un recurso que, seg\u00fan consider\u00f3 el jurado, logra captar la atenci\u00f3n m\u00e1s r\u00e1pidamente a todos los p\u00fablicos porque ese era el objetivo: generar una campa\u00f1a que incluyera todos los tipos de discriminaci\u00f3n y que todo el p\u00fablico pudiera comprender r\u00e1pidamente.<\/p>\n<p><div id='gallery-1' class='gallery galleryid-12426 gallery-columns-4 gallery-size-theme-gallerysize'><dl class='gallery-item'>\n\t\t\t<dt class='gallery-icon landscape'>\n\t\t\t\t<a href=\"https:\/\/www.primerbrief.com\/wp-content\/uploads\/2012\/09\/24-horas-ort-uruguay-equipoblanco-1366px.jpg\" onclick=\"_gaq.push(['_trackEvent', 'outbound-article-int', 'https:\/\/www.primerbrief.com\/wp-content\/uploads\/2012\/09\/24-horas-ort-uruguay-equipoblanco-1366px.jpg', '']);\" ><img loading=\"lazy\" decoding=\"async\" width=\"120\" height=\"100\" src=\"https:\/\/www.primerbrief.com\/wp-content\/uploads\/2012\/09\/24-horas-ort-uruguay-equipoblanco-1366px-120x100.jpg\" class=\"attachment-theme-gallerysize size-theme-gallerysize\" alt=\"\" \/><\/a>\n\t\t\t<\/dt><\/dl><dl class='gallery-item'>\n\t\t\t<dt class='gallery-icon landscape'>\n\t\t\t\t<a href=\"https:\/\/www.primerbrief.com\/wp-content\/uploads\/2012\/09\/24-horas-ort-uruguay-equipoazul-960px.jpg\" onclick=\"_gaq.push(['_trackEvent', 'outbound-article-int', 'https:\/\/www.primerbrief.com\/wp-content\/uploads\/2012\/09\/24-horas-ort-uruguay-equipoazul-960px.jpg', '']);\" ><img loading=\"lazy\" decoding=\"async\" width=\"120\" height=\"100\" src=\"https:\/\/www.primerbrief.com\/wp-content\/uploads\/2012\/09\/24-horas-ort-uruguay-equipoazul-960px-120x100.jpg\" class=\"attachment-theme-gallerysize size-theme-gallerysize\" alt=\"\" \/><\/a>\n\t\t\t<\/dt><\/dl><dl class='gallery-item'>\n\t\t\t<dt class='gallery-icon landscape'>\n\t\t\t\t<a href=\"https:\/\/www.primerbrief.com\/wp-content\/uploads\/2012\/09\/24-horas-ort-uruguay-equiponaranja-960px.jpg\" onclick=\"_gaq.push(['_trackEvent', 'outbound-article-int', 'https:\/\/www.primerbrief.com\/wp-content\/uploads\/2012\/09\/24-horas-ort-uruguay-equiponaranja-960px.jpg', '']);\" ><img loading=\"lazy\" decoding=\"async\" width=\"120\" height=\"100\" src=\"https:\/\/www.primerbrief.com\/wp-content\/uploads\/2012\/09\/24-horas-ort-uruguay-equiponaranja-960px-120x100.jpg\" class=\"attachment-theme-gallerysize size-theme-gallerysize\" alt=\"\" \/><\/a>\n\t\t\t<\/dt><\/dl><dl class='gallery-item'>\n\t\t\t<dt class='gallery-icon landscape'>\n\t\t\t\t<a href=\"https:\/\/www.primerbrief.com\/wp-content\/uploads\/2012\/09\/24-horas-ort-uruguay-todoslosequipos-1366px.jpg\" onclick=\"_gaq.push(['_trackEvent', 'outbound-article-int', 'https:\/\/www.primerbrief.com\/wp-content\/uploads\/2012\/09\/24-horas-ort-uruguay-todoslosequipos-1366px.jpg', '']);\" ><img loading=\"lazy\" decoding=\"async\" width=\"120\" height=\"100\" src=\"https:\/\/www.primerbrief.com\/wp-content\/uploads\/2012\/09\/24-horas-ort-uruguay-todoslosequipos-1366px-120x100.jpg\" class=\"attachment-theme-gallerysize size-theme-gallerysize\" alt=\"\" \/><\/a>\n\t\t\t<\/dt><\/dl><br style=\"clear: both\" \/>\n\t\t<\/div>\n<br \/>\n<em>Los chicos concursantes del evento<\/em>.<\/p>\n<p>&nbsp;<br \/>\nLa campa\u00f1a ganadora ser\u00e1 difundida en los medios y todos los trabajos realizados durante la jornada pasaron a ser propiedad exclusiva de uso de Universidad ORT Uruguay y de la Comisi\u00f3n Honoraria contra el Racismo, la Xenofobia y Toda otra Forma de Discriminaci\u00f3n del Ministerio de Educaci\u00f3n y Cultura, cediendo el autor todos los derechos de usufructo del mismo para uso acad\u00e9mico o difusi\u00f3n p\u00fablica. Los participantes conservan, en todos los casos, el derecho de autor intelectual de la obra.<\/p>\n<p>Monserrat Ramos contaba que, para el futuro, tienen planificado incorporar a los estudiantes de periodismo para que, antes del evento, realicen la investigaci\u00f3n pertinente respecto al objeto de campa\u00f1a que se plantear\u00e1 en cada ocasi\u00f3n. Asimismo, tambi\u00e9n piensan en sumar a los estudiantes de audiovisual para que, dentro de sus posibilidades, participen de la producci\u00f3n de las piezas y del registro de la actividad.<\/p>\n<div align=\"left\">&#160;<\/div>\n<div align=\"left\">&#160;<\/div>\n","protected":false},"excerpt":{"rendered":"<p>(URUGUAY) &#8211; A fin de agosto se realiz\u00f3, en la Universidad ORT de Montevideo, la ya tradicional actividad 24 Horas, esta vez con el t\u00edtulo \u00ab24 horas por el respeto a la diversidad\u00bb. El equipo ganador estuvo liderado por el creativo Massimiliano di Murro (docente en ORT, ex vicepresidente del C\u00edrculo Uruguayo de la Publicidad y actual asesor independiente en [&hellip;]<\/p>\n","protected":false},"author":1,"featured_media":12874,"comment_status":"open","ping_status":"open","sticky":false,"template":"","format":"standard","meta":{"footnotes":""},"categories":[145],"tags":[1789,1792,1788,1790,1808,1801,1791,488,31],"class_list":["post-12426","post","type-post","status-publish","format-standard","has-post-thumbnail","hentry","category-premios","tag-alex-zavala-uruguay","tag-florencia-fabini-uruguay","tag-franca-idiarte-uruguay","tag-martin-biurrun-uruguay","tag-massimiliano-di-murro-uruguay","tag-monserrat-ramos-uruguay","tag-noelia-matkovich-uruguay","tag-universidad-ort-uruguay","tag-uruguay"],"_links":{"self":[{"href":"https:\/\/www.primerbrief.com\/index.php?rest_route=\/wp\/v2\/posts\/12426","targetHints":{"allow":["GET"]}}],"collection":[{"href":"https:\/\/www.primerbrief.com\/index.php?rest_route=\/wp\/v2\/posts"}],"about":[{"href":"https:\/\/www.primerbrief.com\/index.php?rest_route=\/wp\/v2\/types\/post"}],"author":[{"embeddable":true,"href":"https:\/\/www.primerbrief.com\/index.php?rest_route=\/wp\/v2\/users\/1"}],"replies":[{"embeddable":true,"href":"https:\/\/www.primerbrief.com\/index.php?rest_route=%2Fwp%2Fv2%2Fcomments&post=12426"}],"version-history":[{"count":27,"href":"https:\/\/www.primerbrief.com\/index.php?rest_route=\/wp\/v2\/posts\/12426\/revisions"}],"predecessor-version":[{"id":12913,"href":"https:\/\/www.primerbrief.com\/index.php?rest_route=\/wp\/v2\/posts\/12426\/revisions\/12913"}],"wp:featuredmedia":[{"embeddable":true,"href":"https:\/\/www.primerbrief.com\/index.php?rest_route=\/wp\/v2\/media\/12874"}],"wp:attachment":[{"href":"https:\/\/www.primerbrief.com\/index.php?rest_route=%2Fwp%2Fv2%2Fmedia&parent=12426"}],"wp:term":[{"taxonomy":"category","embeddable":true,"href":"https:\/\/www.primerbrief.com\/index.php?rest_route=%2Fwp%2Fv2%2Fcategories&post=12426"},{"taxonomy":"post_tag","embeddable":true,"href":"https:\/\/www.primerbrief.com\/index.php?rest_route=%2Fwp%2Fv2%2Ftags&post=12426"}],"curies":[{"name":"wp","href":"https:\/\/api.w.org\/{rel}","templated":true}]}}