{"id":12664,"date":"2012-09-14T04:00:42","date_gmt":"2012-09-14T07:00:42","guid":{"rendered":"http:\/\/www.primerbrief.com\/?p=12664"},"modified":"2012-09-13T19:10:46","modified_gmt":"2012-09-13T22:10:46","slug":"la-escuelita-y-un-techo-para-mi-pais-premiaron-a-cinco-duplas","status":"publish","type":"post","link":"https:\/\/www.primerbrief.com\/?p=12664","title":{"rendered":"La Escuelita y Un Techo Para Mi Pa\u00eds premiaron a cinco duplas"},"content":{"rendered":"<p><span style=\"font-size: 11pt;\"><strong>(ARGENTINA) \u2013 Se dieron a conocer los ganadores del primer concurso de la EscueLIGA (el certamen interno de la Escuela Superior de Creativos Publicitarios), en el que duplas de alumnos de todas las sedes compiten en varias instancias para sumar puntos y ganar una pasant\u00eda en Young &#038; Rubicam. Este primer brief fue de la ONG TECHO (Un Techo Para Mi Pa\u00eds). La dupla ganadora del primer premio Chapa de Oro fue la integrada por los alumnos Federico de Michele y Antonino Campostrini, de 2\u00b0 a\u00f1o. \u00a1Felicitaciones a ambos!<\/strong><\/span><\/p>\n<p><a href=\"http:\/\/www.primerbrief.com\/wp-content\/uploads\/2012\/09\/Brief-laescuelita-untechoparamipais-1366px.jpg\" onclick=\"_gaq.push(['_trackEvent', 'outbound-article-int', 'http:\/\/www.primerbrief.com\/wp-content\/uploads\/2012\/09\/Brief-laescuelita-untechoparamipais-1366px.jpg', '']);\" ><img loading=\"lazy\" decoding=\"async\" src=\"http:\/\/www.primerbrief.com\/wp-content\/uploads\/2012\/09\/Brief-laescuelita-untechoparamipais-580px.jpg\" alt=\"\" title=\"Brief-laescuelita-untechoparamipais-580px\" width=\"580\" height=\"326\" class=\"alignleft size-full wp-image-12709\" srcset=\"https:\/\/www.primerbrief.com\/wp-content\/uploads\/2012\/09\/Brief-laescuelita-untechoparamipais-580px.jpg 580w, https:\/\/www.primerbrief.com\/wp-content\/uploads\/2012\/09\/Brief-laescuelita-untechoparamipais-580px-300x168.jpg 300w\" sizes=\"auto, (max-width: 580px) 100vw, 580px\" \/><\/a><br \/>\n<em>El brief que le propuso la ONG Techo a la Escuelita, para que los chicos lo trabajaran.<\/em><\/p>\n<p>&nbsp;<br \/>\nLuego de la presentaci\u00f3n de un brief muy claro y con un objetivo concreto, los estudiantes de <a href=\"http:\/\/escueladecreativos.com.ar\/\" onclick=\"_gaq.push(['_trackEvent', 'outbound-article', 'http:\/\/escueladecreativos.com.ar\/', 'La Escuelita']);\" target=\"_blank\">La Escuelita<\/a> que participan de la Escueliga trabajaron para un cliente real, la <a href=\"http:\/\/techo.org\/\" onclick=\"_gaq.push(['_trackEvent', 'outbound-article', 'http:\/\/techo.org\/', 'ONG Un Techo Para Mi Pa\u00eds']);\" target=\"_blank\">ONG Un Techo Para Mi Pa\u00eds<\/a>, con la finalidad de hacer avisos creativos para publicar en distintos medios. El proceso fue tan intenso como apasionante, lo que hizo que por tres viernes consecutivos se reunieran con los profesores responsables del coaching creativo para charlar y ser asesorados sobre los conceptos e ideas, que se fueran perfeccionando hasta llegar a muy buenos resultados, claro est\u00e1.<\/p>\n<p>Sorprendente fue la respuesta de los estudiantes a la convocatoria: el inter\u00e9s y compromiso los caracteriz\u00f3. Fueron 41 las piezas presentadas, lo que involucra a 82 participantes, lo que result\u00f3 un verdadero \u00e9xito incluso antes de conocer el resultado del concurso.<\/p>\n<p>El jurado estuvo integrado por Alejandro Marotta y Christian Party como directores creativos, Laura Betancur y Tiffy Mazza como representantes de Techo y Adriana Amante como directora acad\u00e9mica de la Escuela.<\/p>\n<p>Lo que se busc\u00f3 en la selecci\u00f3n fue principalmente que los avisos comunicaran de manera muy creativa pero cumpliendo con el pedido del brief, que necesitaba un concepto poderoso: se trataba de conseguir socios que aportaran s\u00f3lo 30 pesos al mes para contribuir de manera sistem\u00e1tica pero posible al proyecto de Techo. Por eso el criterio de evaluaci\u00f3n prest\u00f3 m\u00e1s atenci\u00f3n al hallazgo de ese concepto con su respectiva idea que a la consecuci\u00f3n de un aviso terminado. Por lo tanto, los premiados tendr\u00e1n la oportunidad de terminar el layout de sus avisos con el asesoramiento de los profesores del coaching creativo de la Escuela para sacar la pieza, que se publicar\u00e1 mas adelante: cuando est\u00e9n listas, PB te las mostrar\u00e1.<\/p>\n<p>&nbsp;<br \/>\n<span style=\"font-size: 11pt;\"><strong>LOS GANADORES<\/strong><\/span><\/p>\n<p>\u2022 Oro (Primer Premio Chapa): <em>Ayudanos a desaparecer<\/em>. Dupla: Federico de Michele y Antonino Campostrini (2\u00b0 a\u00f1o).<br \/>\n\u2022 Plata: <em>Modific\u00e1 la actitud<\/em>. Dupla: Augusto Morreale y Elisa Carli (3\u00b0 a\u00f1o).<br \/>\n\u2022 Bronce: <em>Un techo real<\/em>. Dupla: Santiago Llanpart y Nicol\u00e1s Mangione (2\u00b0 a\u00f1o).<br \/>\n\u2022 Primera menci\u00f3n: <em>Con inter\u00e9s de cambiar<\/em>. Dupla: Andrea Giancatarino y Nazareth Benuzio (3\u00b0 a\u00f1o).<br \/>\n\u2022 Segunda menci\u00f3n: <em>Las cosas cambian<\/em>. Dupla: Ricardo Barreiro y Sabrina Miranda (Sede Seminarios).<\/p>\n<p>\u00a1\u00a1\u00a1Felicitaciones a todos, chicos!!!<\/p>\n<div align=\"left\">&#160;<\/div>\n<div align=\"left\">&#160;<\/div>\n","protected":false},"excerpt":{"rendered":"<p>(ARGENTINA) \u2013 Se dieron a conocer los ganadores del primer concurso de la EscueLIGA (el certamen interno de la Escuela Superior de Creativos Publicitarios), en el que duplas de alumnos de todas las sedes compiten en varias instancias para sumar puntos y ganar una pasant\u00eda en Young &#038; Rubicam. Este primer brief fue de la ONG TECHO (Un Techo Para [&hellip;]<\/p>\n","protected":false},"author":1,"featured_media":12732,"comment_status":"open","ping_status":"open","sticky":false,"template":"","format":"standard","meta":{"footnotes":""},"categories":[145],"tags":[1776,26,23,1775,1280],"class_list":["post-12664","post","type-post","status-publish","format-standard","has-post-thumbnail","hentry","category-premios","tag-antonino-campostrini-argentina","tag-argentina","tag-escuela-superior-de-creativos-publicitarios-argentina","tag-federico-de-michele-argentina","tag-un-techo-para-mi-pais"],"_links":{"self":[{"href":"https:\/\/www.primerbrief.com\/index.php?rest_route=\/wp\/v2\/posts\/12664","targetHints":{"allow":["GET"]}}],"collection":[{"href":"https:\/\/www.primerbrief.com\/index.php?rest_route=\/wp\/v2\/posts"}],"about":[{"href":"https:\/\/www.primerbrief.com\/index.php?rest_route=\/wp\/v2\/types\/post"}],"author":[{"embeddable":true,"href":"https:\/\/www.primerbrief.com\/index.php?rest_route=\/wp\/v2\/users\/1"}],"replies":[{"embeddable":true,"href":"https:\/\/www.primerbrief.com\/index.php?rest_route=%2Fwp%2Fv2%2Fcomments&post=12664"}],"version-history":[{"count":24,"href":"https:\/\/www.primerbrief.com\/index.php?rest_route=\/wp\/v2\/posts\/12664\/revisions"}],"predecessor-version":[{"id":12734,"href":"https:\/\/www.primerbrief.com\/index.php?rest_route=\/wp\/v2\/posts\/12664\/revisions\/12734"}],"wp:featuredmedia":[{"embeddable":true,"href":"https:\/\/www.primerbrief.com\/index.php?rest_route=\/wp\/v2\/media\/12732"}],"wp:attachment":[{"href":"https:\/\/www.primerbrief.com\/index.php?rest_route=%2Fwp%2Fv2%2Fmedia&parent=12664"}],"wp:term":[{"taxonomy":"category","embeddable":true,"href":"https:\/\/www.primerbrief.com\/index.php?rest_route=%2Fwp%2Fv2%2Fcategories&post=12664"},{"taxonomy":"post_tag","embeddable":true,"href":"https:\/\/www.primerbrief.com\/index.php?rest_route=%2Fwp%2Fv2%2Ftags&post=12664"}],"curies":[{"name":"wp","href":"https:\/\/api.w.org\/{rel}","templated":true}]}}