{"id":12756,"date":"2012-09-17T03:59:03","date_gmt":"2012-09-17T06:59:03","guid":{"rendered":"http:\/\/www.primerbrief.com\/?p=12756"},"modified":"2012-09-17T07:41:49","modified_gmt":"2012-09-17T10:41:49","slug":"12756","status":"publish","type":"post","link":"https:\/\/www.primerbrief.com\/?p=12756","title":{"rendered":"La AAP homenaje\u00f3 a ex alumnos veinte a\u00f1os despu\u00e9s"},"content":{"rendered":"<p><span style=\"font-size: 11pt;\"><strong>(ARGENTINA) \u2013 En un evento bautizado <em>Nuestros pollos se convirtieron en gallos y pisan fuerte<\/em>, la Asociaci\u00f3n Argentina de Publicidad homenaje\u00f3 a seis ex alumnos que en 1992 aparecieron como pollos en un afiche y hoy son profesionales destacados: Lily Ann Martin, Pablo Ferrari, Dami\u00e1n Kepel, Fabio Maz\u00eda, Fabi\u00e1n Trapanese y Sebasti\u00e1n Esteverena.<\/strong><\/span><\/p>\n<p><a href=\"http:\/\/www.primerbrief.com\/wp-content\/uploads\/2012\/09\/ARG-LaAAPHomenajeoAExAlumnos20AnosDespues-920x239px.jpg\" onclick=\"_gaq.push(['_trackEvent', 'outbound-article-int', 'http:\/\/www.primerbrief.com\/wp-content\/uploads\/2012\/09\/ARG-LaAAPHomenajeoAExAlumnos20AnosDespues-920x239px.jpg', '']);\" ><img loading=\"lazy\" decoding=\"async\" src=\"http:\/\/www.primerbrief.com\/wp-content\/uploads\/2012\/09\/ARG-LaAAPHomenajeoAExAlumnos20AnosDespues-580px.jpg\" alt=\"\" title=\"ARG-LaAAPHomenajeoAExAlumnos20AnosDespues-580px\" width=\"580\" height=\"151\" class=\"alignleft size-full wp-image-12761\" srcset=\"https:\/\/www.primerbrief.com\/wp-content\/uploads\/2012\/09\/ARG-LaAAPHomenajeoAExAlumnos20AnosDespues-580px.jpg 580w, https:\/\/www.primerbrief.com\/wp-content\/uploads\/2012\/09\/ARG-LaAAPHomenajeoAExAlumnos20AnosDespues-580px-300x78.jpg 300w\" sizes=\"auto, (max-width: 580px) 100vw, 580px\" \/><\/a><br \/>\n<em>De izquierda a derecha: una vista general del evento, los homenajeados al final de la noche y los directivos de la AAP durante el acto. (Todas las fotos: Prensa AAP)<\/em><\/p>\n<p>&nbsp;<br \/>\n<a href=\"http:\/\/www.primerbrief.com\/wp-content\/uploads\/2012\/09\/AfichePollos-867x1366px.jpg\" onclick=\"_gaq.push(['_trackEvent', 'outbound-article-int', 'http:\/\/www.primerbrief.com\/wp-content\/uploads\/2012\/09\/AfichePollos-867x1366px.jpg', '']);\" ><img loading=\"lazy\" decoding=\"async\" src=\"http:\/\/www.primerbrief.com\/wp-content\/uploads\/2012\/09\/AfichePollos-200px.jpg\" alt=\"\" title=\"AfichePollos-200px\" width=\"200\" height=\"315\" class=\"alignleft size-full wp-image-12757\" style=\"margin: 0px 10px 0px 0px\" srcset=\"https:\/\/www.primerbrief.com\/wp-content\/uploads\/2012\/09\/AfichePollos-200px.jpg 200w, https:\/\/www.primerbrief.com\/wp-content\/uploads\/2012\/09\/AfichePollos-200px-190x300.jpg 190w\" sizes=\"auto, (max-width: 200px) 100vw, 200px\" \/><\/a><em>El afiche de 1992 que motiv\u00f3 el homenaje del mes pasado.<\/em>.<\/p>\n<p>En un evento bautizado \u00abNuestros pollos se convirtieron en gallos y pisan fuerte\u00bb, la Asociaci\u00f3n Argentina de Publicidad reconoci\u00f3 el \u00faltimo lunes de agosto a un grupo de exalumnos.<\/p>\n<p>El reconocimiento se hizo al cumplirse veinte a\u00f1os de una hist\u00f3rica campa\u00f1a del en ese entonces Centro de Capacitaci\u00f3n Profesional de la AAP llamada Pollitos, bajo cuyo titular Vos tambi\u00e9n podes ser el pollo de las  mejores agencias de publicidad se mencionaban varios estudiantes y egresados de esa \u00e9poca junto al nombre de la agencia en la que cada uno estaba dando sus primeros pasos. <\/p>\n<p>Dos d\u00e9cadas m\u00e1s tarde, varios de aquellos pollos se han convertido en verdaderos gallos. Por eso la AAP decidi\u00f3 invitarlos, para entregarles un reconocimiento y que ellos pudieran contarles a los actuales alumnos parte de sus vivencias, experiencias y el camino recorrido a lo largo de estos a\u00f1os. <\/p>\n<p><div id='gallery-1' class='gallery galleryid-12756 gallery-columns-4 gallery-size-theme-gallerysize'><dl class='gallery-item'>\n\t\t\t<dt class='gallery-icon landscape'>\n\t\t\t\t<a href=\"https:\/\/www.primerbrief.com\/wp-content\/uploads\/2012\/09\/ARG-LaAAPHomenajeoAExAlumnos-Galeria1-Foto1-GR.jpg\" onclick=\"_gaq.push(['_trackEvent', 'outbound-article-int', 'https:\/\/www.primerbrief.com\/wp-content\/uploads\/2012\/09\/ARG-LaAAPHomenajeoAExAlumnos-Galeria1-Foto1-GR.jpg', '']);\" ><img loading=\"lazy\" decoding=\"async\" width=\"120\" height=\"100\" src=\"https:\/\/www.primerbrief.com\/wp-content\/uploads\/2012\/09\/ARG-LaAAPHomenajeoAExAlumnos-Galeria1-Foto1-GR-120x100.jpg\" class=\"attachment-theme-gallerysize size-theme-gallerysize\" alt=\"\" \/><\/a>\n\t\t\t<\/dt><\/dl><dl class='gallery-item'>\n\t\t\t<dt class='gallery-icon portrait'>\n\t\t\t\t<a href=\"https:\/\/www.primerbrief.com\/wp-content\/uploads\/2012\/09\/ARG-LaAAPHomenajeoAExAlumnos-Galeria1-Foto2-GR.jpg\" onclick=\"_gaq.push(['_trackEvent', 'outbound-article-int', 'https:\/\/www.primerbrief.com\/wp-content\/uploads\/2012\/09\/ARG-LaAAPHomenajeoAExAlumnos-Galeria1-Foto2-GR.jpg', '']);\" ><img loading=\"lazy\" decoding=\"async\" width=\"120\" height=\"100\" src=\"https:\/\/www.primerbrief.com\/wp-content\/uploads\/2012\/09\/ARG-LaAAPHomenajeoAExAlumnos-Galeria1-Foto2-GR-120x100.jpg\" class=\"attachment-theme-gallerysize size-theme-gallerysize\" alt=\"\" \/><\/a>\n\t\t\t<\/dt><\/dl><dl class='gallery-item'>\n\t\t\t<dt class='gallery-icon landscape'>\n\t\t\t\t<a href=\"https:\/\/www.primerbrief.com\/wp-content\/uploads\/2012\/09\/ARG-LaAAPHomenajeoAExAlumnos-Galeria1-Foto3-GR.jpg\" onclick=\"_gaq.push(['_trackEvent', 'outbound-article-int', 'https:\/\/www.primerbrief.com\/wp-content\/uploads\/2012\/09\/ARG-LaAAPHomenajeoAExAlumnos-Galeria1-Foto3-GR.jpg', '']);\" ><img loading=\"lazy\" decoding=\"async\" width=\"120\" height=\"100\" src=\"https:\/\/www.primerbrief.com\/wp-content\/uploads\/2012\/09\/ARG-LaAAPHomenajeoAExAlumnos-Galeria1-Foto3-GR-120x100.jpg\" class=\"attachment-theme-gallerysize size-theme-gallerysize\" alt=\"\" \/><\/a>\n\t\t\t<\/dt><\/dl><dl class='gallery-item'>\n\t\t\t<dt class='gallery-icon landscape'>\n\t\t\t\t<a href=\"https:\/\/www.primerbrief.com\/wp-content\/uploads\/2012\/09\/ARG-LaAAPHomenajeoAExAlumnos-Galeria1-Foto4-GR.jpg\" onclick=\"_gaq.push(['_trackEvent', 'outbound-article-int', 'https:\/\/www.primerbrief.com\/wp-content\/uploads\/2012\/09\/ARG-LaAAPHomenajeoAExAlumnos-Galeria1-Foto4-GR.jpg', '']);\" ><img loading=\"lazy\" decoding=\"async\" width=\"120\" height=\"100\" src=\"https:\/\/www.primerbrief.com\/wp-content\/uploads\/2012\/09\/ARG-LaAAPHomenajeoAExAlumnos-Galeria1-Foto4-GR-120x100.jpg\" class=\"attachment-theme-gallerysize size-theme-gallerysize\" alt=\"\" \/><\/a>\n\t\t\t<\/dt><\/dl><br style=\"clear: both\" \/>\n\t\t<\/div>\n<br \/>\n<div id='gallery-2' class='gallery galleryid-12756 gallery-columns-4 gallery-size-theme-gallerysize'><dl class='gallery-item'>\n\t\t\t<dt class='gallery-icon portrait'>\n\t\t\t\t<a href=\"https:\/\/www.primerbrief.com\/wp-content\/uploads\/2012\/09\/ARG-LaAAPHomenajeoAExAlumnos-Galeria2-Foto1-GR.jpg\" onclick=\"_gaq.push(['_trackEvent', 'outbound-article-int', 'https:\/\/www.primerbrief.com\/wp-content\/uploads\/2012\/09\/ARG-LaAAPHomenajeoAExAlumnos-Galeria2-Foto1-GR.jpg', '']);\" ><img loading=\"lazy\" decoding=\"async\" width=\"120\" height=\"100\" src=\"https:\/\/www.primerbrief.com\/wp-content\/uploads\/2012\/09\/ARG-LaAAPHomenajeoAExAlumnos-Galeria2-Foto1-GR-120x100.jpg\" class=\"attachment-theme-gallerysize size-theme-gallerysize\" alt=\"\" \/><\/a>\n\t\t\t<\/dt><\/dl><dl class='gallery-item'>\n\t\t\t<dt class='gallery-icon landscape'>\n\t\t\t\t<a href=\"https:\/\/www.primerbrief.com\/wp-content\/uploads\/2012\/09\/ARG-LaAAPHomenajeoAExAlumnos-Galeria2-Foto2-GR.jpg\" onclick=\"_gaq.push(['_trackEvent', 'outbound-article-int', 'https:\/\/www.primerbrief.com\/wp-content\/uploads\/2012\/09\/ARG-LaAAPHomenajeoAExAlumnos-Galeria2-Foto2-GR.jpg', '']);\" ><img loading=\"lazy\" decoding=\"async\" width=\"120\" height=\"100\" src=\"https:\/\/www.primerbrief.com\/wp-content\/uploads\/2012\/09\/ARG-LaAAPHomenajeoAExAlumnos-Galeria2-Foto2-GR-120x100.jpg\" class=\"attachment-theme-gallerysize size-theme-gallerysize\" alt=\"\" \/><\/a>\n\t\t\t<\/dt><\/dl><dl class='gallery-item'>\n\t\t\t<dt class='gallery-icon portrait'>\n\t\t\t\t<a href=\"https:\/\/www.primerbrief.com\/wp-content\/uploads\/2012\/09\/ARG-LaAAPHomenajeoAExAlumnos-Galeria2-Foto3-GR.jpg\" onclick=\"_gaq.push(['_trackEvent', 'outbound-article-int', 'https:\/\/www.primerbrief.com\/wp-content\/uploads\/2012\/09\/ARG-LaAAPHomenajeoAExAlumnos-Galeria2-Foto3-GR.jpg', '']);\" ><img loading=\"lazy\" decoding=\"async\" width=\"120\" height=\"100\" src=\"https:\/\/www.primerbrief.com\/wp-content\/uploads\/2012\/09\/ARG-LaAAPHomenajeoAExAlumnos-Galeria2-Foto3-GR-120x100.jpg\" class=\"attachment-theme-gallerysize size-theme-gallerysize\" alt=\"\" \/><\/a>\n\t\t\t<\/dt><\/dl><dl class='gallery-item'>\n\t\t\t<dt class='gallery-icon landscape'>\n\t\t\t\t<a href=\"https:\/\/www.primerbrief.com\/wp-content\/uploads\/2012\/09\/ARG-LaAAPHomenajeoAExAlumnos-Galeria2-Foto4-GR.jpg\" onclick=\"_gaq.push(['_trackEvent', 'outbound-article-int', 'https:\/\/www.primerbrief.com\/wp-content\/uploads\/2012\/09\/ARG-LaAAPHomenajeoAExAlumnos-Galeria2-Foto4-GR.jpg', '']);\" ><img loading=\"lazy\" decoding=\"async\" width=\"120\" height=\"100\" src=\"https:\/\/www.primerbrief.com\/wp-content\/uploads\/2012\/09\/ARG-LaAAPHomenajeoAExAlumnos-Galeria2-Foto4-GR-120x100.jpg\" class=\"attachment-theme-gallerysize size-theme-gallerysize\" alt=\"\" \/><\/a>\n\t\t\t<\/dt><\/dl><br style=\"clear: both\" \/>\n\t\t<\/div>\n<br \/>\n<div id='gallery-3' class='gallery galleryid-12756 gallery-columns-4 gallery-size-theme-gallerysize'><dl class='gallery-item'>\n\t\t\t<dt class='gallery-icon landscape'>\n\t\t\t\t<a href=\"https:\/\/www.primerbrief.com\/wp-content\/uploads\/2012\/09\/ARG-LaAAPHomenajeoAExAlumnos-Galeria3-Foto1-GR.jpg\" onclick=\"_gaq.push(['_trackEvent', 'outbound-article-int', 'https:\/\/www.primerbrief.com\/wp-content\/uploads\/2012\/09\/ARG-LaAAPHomenajeoAExAlumnos-Galeria3-Foto1-GR.jpg', '']);\" ><img loading=\"lazy\" decoding=\"async\" width=\"120\" height=\"100\" src=\"https:\/\/www.primerbrief.com\/wp-content\/uploads\/2012\/09\/ARG-LaAAPHomenajeoAExAlumnos-Galeria3-Foto1-GR-120x100.jpg\" class=\"attachment-theme-gallerysize size-theme-gallerysize\" alt=\"\" \/><\/a>\n\t\t\t<\/dt><\/dl><dl class='gallery-item'>\n\t\t\t<dt class='gallery-icon landscape'>\n\t\t\t\t<a href=\"https:\/\/www.primerbrief.com\/wp-content\/uploads\/2012\/09\/ARG-LaAAPHomenajeoAExAlumnos-Galeria3-Foto2-GR.jpg\" onclick=\"_gaq.push(['_trackEvent', 'outbound-article-int', 'https:\/\/www.primerbrief.com\/wp-content\/uploads\/2012\/09\/ARG-LaAAPHomenajeoAExAlumnos-Galeria3-Foto2-GR.jpg', '']);\" ><img loading=\"lazy\" decoding=\"async\" width=\"120\" height=\"100\" src=\"https:\/\/www.primerbrief.com\/wp-content\/uploads\/2012\/09\/ARG-LaAAPHomenajeoAExAlumnos-Galeria3-Foto2-GR-120x100.jpg\" class=\"attachment-theme-gallerysize size-theme-gallerysize\" alt=\"\" \/><\/a>\n\t\t\t<\/dt><\/dl><dl class='gallery-item'>\n\t\t\t<dt class='gallery-icon landscape'>\n\t\t\t\t<a href=\"https:\/\/www.primerbrief.com\/wp-content\/uploads\/2012\/09\/ARG-LaAAPHomenajeoAExAlumnos-Galeria3-Foto3-GR.jpg\" onclick=\"_gaq.push(['_trackEvent', 'outbound-article-int', 'https:\/\/www.primerbrief.com\/wp-content\/uploads\/2012\/09\/ARG-LaAAPHomenajeoAExAlumnos-Galeria3-Foto3-GR.jpg', '']);\" ><img loading=\"lazy\" decoding=\"async\" width=\"120\" height=\"100\" src=\"https:\/\/www.primerbrief.com\/wp-content\/uploads\/2012\/09\/ARG-LaAAPHomenajeoAExAlumnos-Galeria3-Foto3-GR-120x100.jpg\" class=\"attachment-theme-gallerysize size-theme-gallerysize\" alt=\"\" \/><\/a>\n\t\t\t<\/dt><\/dl><dl class='gallery-item'>\n\t\t\t<dt class='gallery-icon landscape'>\n\t\t\t\t<a href=\"https:\/\/www.primerbrief.com\/wp-content\/uploads\/2012\/09\/ARG-LaAAPHomenajeoAExAlumnos-Galeria3-Foto4-GR.jpg\" onclick=\"_gaq.push(['_trackEvent', 'outbound-article-int', 'https:\/\/www.primerbrief.com\/wp-content\/uploads\/2012\/09\/ARG-LaAAPHomenajeoAExAlumnos-Galeria3-Foto4-GR.jpg', '']);\" ><img loading=\"lazy\" decoding=\"async\" width=\"120\" height=\"100\" src=\"https:\/\/www.primerbrief.com\/wp-content\/uploads\/2012\/09\/ARG-LaAAPHomenajeoAExAlumnos-Galeria3-Foto4-GR-120x100.jpg\" class=\"attachment-theme-gallerysize size-theme-gallerysize\" alt=\"\" \/><\/a>\n\t\t\t<\/dt><\/dl><br style=\"clear: both\" \/>\n\t\t<\/div>\n<\/p>\n<p>&nbsp;<br \/>\nLos invitados, entrevistados sobre el escenario por el periodista (y director de PRIMER BRIEF, y docente de la AAP) Pancho Dondo, fueron Lily Ann Martin (ex creativa de agencias y actual guionista de series de Pol-Ka como Valientes y Lobos), Pablo Ferrari (socio y DGC de ADN Comunicaci\u00f3n), Fabi\u00e1n Trapanese (fot\u00f3grafo y director de Trapa Comunicaci\u00f3n), Dami\u00e1n Kepel (presidente y DGC de Kepel y Mata), Fabio Maz\u00eda (DGC de Publicis Argentina) y Sebasti\u00e1n Esteverena (ex planner de JWT y actual director de Brandtherapist). Invitados, pero ausentes con aviso por sus obligaciones, estuvieron Pablo del Campo (fundador y titular de Del Campo Nazca Saatchi), Juan Cruz Bazterrica (socio y coDGC de TBWA Argentina), Flavio Nardini (director de cine publicitario), Luciano Podcamisnky (\u00eddem) y Ariel Abadi (director de arte y director creativo en JWT). <\/p>\n<p>Frente a un auditorio compuesto por m\u00e1s de 130 estudiantes, los seis entrevistados recordaron sus a\u00f1os en la vieja AAP de la avenida Belgrano y, luego, del barrio de Congreso, mientras rememoraban sus carreras y ofrec\u00edan consejos para los que estudian o se inician en la profesi\u00f3n.<\/p>\n<p>Lily Ann Martin se\u00f1al\u00f3 que durante su carrera pudo aprovechar pr\u00e1cticamente todo lo aprendido en el instituto. Dami\u00e1n Kepel, por su lado, record\u00f3 a sus profesores y reconoci\u00f3 que el secreto de la instituci\u00f3n es contar con profesionales que motivan a sus alumnos y los  enfrentan con el mundo real del trabajo cotidiano. \u00abEn la AAP no s\u00f3lo estudi\u00e1s publicidad: adem\u00e1s, aprend\u00e9s a conocerte y a saber d\u00f3nde quer\u00e9s estar\u00bb, afirm\u00f3 Pablo Ferrari.<\/p>\n<p>A la hora de dejar sus recomendaciones a los futuros profesionales, Ferrari aconsej\u00f3 a los alumnos que en clase aprendan a mirar a los costados, para aprender tambi\u00e9n de sus pares: \u00abLa publicidad del futuro depende de ustedes, chicos: las nuevas ideas van a nacer de ustedes, no de sus profes ni de nosotros\u00bb, asegur\u00f3. Fabio Maz\u00eda propuso a los estudiantes confiar en la intuici\u00f3n a la hora de encarar cualquier trabajo, Sebasti\u00e1n Esteverena sugiri\u00f3 que traten siempre de entender el negocio detr\u00e1s del brief y Fabi\u00e1n \u2013Trapanese recomend\u00f3 que aprovechen este momento para equivocarse: \u00abHoy, para ustedes, las equivocaciones todav\u00eda son gratis\u00bb, grafic\u00f3.<\/p>\n<p>Al final del evento, Patricia Martin (gerente general de la AAP), Pedro Rad\u00faa (director del Instituto) y Carlos Barreiro (integrante de la junta directiva) entregaron a los seis invitados el reconocimiento que la AAP les ten\u00eda preparado: una copia enmarcada del viejo afiche de 1992 para cada uno, con su nombre y apellido estampados en \u00e9l.<\/p>\n<p>&nbsp;<br \/>\n<span style=\"font-size: 11pt;\"><strong>UN RESUMEN<\/strong><\/span><\/p>\n<p><iframe loading=\"lazy\" src=\"http:\/\/player.vimeo.com\/video\/49580250?title=0&amp;portrait=0&amp;color=fce805\" width=\"580\" height=\"326\" frameborder=\"0\" webkitAllowFullScreen mozallowfullscreen allowFullScreen><\/iframe><br \/>\n<em>Una brev\u00edsima s\u00edntesis de lo ocurrido el lunes 27 de agosto en el auditorio del British Arts Centre, donde tuvo lugar el homenaje de la AAP a sus ex \u00abpollos\u00bb. (Realizaci\u00f3n: Pablo Valda y Felipe Lalinde para Primer Brief y Central Humahuaca)<\/em><\/p>\n<div align=\"left\">&#160;<\/div>\n<div align=\"left\">&#160;<\/div>\n","protected":false},"excerpt":{"rendered":"<p>(ARGENTINA) \u2013 En un evento bautizado Nuestros pollos se convirtieron en gallos y pisan fuerte, la Asociaci\u00f3n Argentina de Publicidad homenaje\u00f3 a seis ex alumnos que en 1992 aparecieron como pollos en un afiche y hoy son profesionales destacados: Lily Ann Martin, Pablo Ferrari, Dami\u00e1n Kepel, Fabio Maz\u00eda, Fabi\u00e1n Trapanese y Sebasti\u00e1n Esteverena. De izquierda a derecha: una vista general [&hellip;]<\/p>\n","protected":false},"author":3,"featured_media":12759,"comment_status":"open","ping_status":"open","sticky":false,"template":"","format":"standard","meta":{"footnotes":""},"categories":[1156],"tags":[26,1386,1783,900,1784,1191,1781,1782,216,1786,296,1785],"class_list":["post-12756","post","type-post","status-publish","format-standard","has-post-thumbnail","hentry","category-eventos","tag-argentina","tag-asociacion-argentina-de-publicidad","tag-damian-kepel-argentina","tag-fabian-trapanese-argentina","tag-fabio-mazia-argentina","tag-instituto-superior-de-publicidad-aap-argentina","tag-lily-ann-martin-argentina","tag-pablo-ferrari-argentina","tag-pancho-dondo-argentina","tag-patricia-martin-argentina","tag-pedro-radua-argentina","tag-sebastian-esteverena-argentina"],"_links":{"self":[{"href":"https:\/\/www.primerbrief.com\/index.php?rest_route=\/wp\/v2\/posts\/12756","targetHints":{"allow":["GET"]}}],"collection":[{"href":"https:\/\/www.primerbrief.com\/index.php?rest_route=\/wp\/v2\/posts"}],"about":[{"href":"https:\/\/www.primerbrief.com\/index.php?rest_route=\/wp\/v2\/types\/post"}],"author":[{"embeddable":true,"href":"https:\/\/www.primerbrief.com\/index.php?rest_route=\/wp\/v2\/users\/3"}],"replies":[{"embeddable":true,"href":"https:\/\/www.primerbrief.com\/index.php?rest_route=%2Fwp%2Fv2%2Fcomments&post=12756"}],"version-history":[{"count":5,"href":"https:\/\/www.primerbrief.com\/index.php?rest_route=\/wp\/v2\/posts\/12756\/revisions"}],"predecessor-version":[{"id":12778,"href":"https:\/\/www.primerbrief.com\/index.php?rest_route=\/wp\/v2\/posts\/12756\/revisions\/12778"}],"wp:featuredmedia":[{"embeddable":true,"href":"https:\/\/www.primerbrief.com\/index.php?rest_route=\/wp\/v2\/media\/12759"}],"wp:attachment":[{"href":"https:\/\/www.primerbrief.com\/index.php?rest_route=%2Fwp%2Fv2%2Fmedia&parent=12756"}],"wp:term":[{"taxonomy":"category","embeddable":true,"href":"https:\/\/www.primerbrief.com\/index.php?rest_route=%2Fwp%2Fv2%2Fcategories&post=12756"},{"taxonomy":"post_tag","embeddable":true,"href":"https:\/\/www.primerbrief.com\/index.php?rest_route=%2Fwp%2Fv2%2Ftags&post=12756"}],"curies":[{"name":"wp","href":"https:\/\/api.w.org\/{rel}","templated":true}]}}