{"id":12888,"date":"2012-09-26T03:59:46","date_gmt":"2012-09-26T06:59:46","guid":{"rendered":"http:\/\/www.primerbrief.com\/?p=12888"},"modified":"2012-09-24T23:28:24","modified_gmt":"2012-09-25T02:28:24","slug":"con-un-espacio-de-encuentros-pb-hoy-arranca-el-fepi-2012-en-villa-gesell","status":"publish","type":"post","link":"https:\/\/www.primerbrief.com\/?p=12888","title":{"rendered":"Con un espacio de Encuentros PB, hoy arranca el Fepi 2012 en Villa Gesell"},"content":{"rendered":"<p><span style=\"font-size: 11pt;\"><strong>(IBEROAM\u00c9RICA) &#8211; Desde hoy hasta el viernes, en el complejo Pueblo L\u00edmite de la ciudad de Villa Gesell (Buenos Aires, Argentina), se realizar\u00e1 la primera edici\u00f3n del Festival de la Publicidad Independiente de Am\u00e9rica Latina, evoluci\u00f3n del anterior Festival Publicitario del Interior. PRIMER BRIEF estar\u00e1 presente no s\u00f3lo como medio para cubrir el evento, sino tambi\u00e9n con un espacio titulado ENCUENTROS PB\/FePI que servir\u00e1 de \u00abpunto de encuentro\u00bb entre los conferencistas y los estudiantes. El viernes 28 ser\u00e1 la entrega de premios, que incluir\u00e1 a los ganadores del BePI, la secci\u00f3n de Estudiantes. En la nota, la lista de estudiantes finalistas y el programa completo, que incluye quince conferencias de profesionales como Mart\u00edn Mercado, Mart\u00edn Goldberg, Ricardo Palmieri, Diego Giaccone, Germ\u00e1n Yunes, Guillermo Caro y Pancho Dondo, entre otros.<\/strong><\/span><\/p>\n<p><a href=\"http:\/\/www.primerbrief.com\/wp-content\/uploads\/2012\/09\/ARG-FePI2012-Cabezal-GR.gif\" onclick=\"_gaq.push(['_trackEvent', 'outbound-article-int', 'http:\/\/www.primerbrief.com\/wp-content\/uploads\/2012\/09\/ARG-FePI2012-Cabezal-GR.gif', '']);\" ><img loading=\"lazy\" decoding=\"async\" src=\"http:\/\/www.primerbrief.com\/wp-content\/uploads\/2012\/09\/ARG-FePI2012-Cabezal-580px.gif\" alt=\"\" title=\"ARG-FePI2012-Cabezal-580px\" width=\"580\" height=\"214\" class=\"alignleft size-full wp-image-12890\" srcset=\"https:\/\/www.primerbrief.com\/wp-content\/uploads\/2012\/09\/ARG-FePI2012-Cabezal-580px.gif 580w, https:\/\/www.primerbrief.com\/wp-content\/uploads\/2012\/09\/ARG-FePI2012-Cabezal-580px-300x110.gif 300w\" sizes=\"auto, (max-width: 580px) 100vw, 580px\" \/><\/a><br \/>\n<em>Los premios que entrega el FePI, desde su nacimiento como Festival Publicitario del Interior en 2007, son los Inodoro Pereyra, cedidos en vida por su creador Roberto Fontanarrosa.<\/em><\/p>\n<p>&nbsp;<br \/>\n<span style=\"font-size: 11pt\"><strong>FINALISTAS DEL BePI 2012<\/strong><\/span><\/p>\n<p>\u2022 Santiago Balparda y Francisco Mirabet (Buenos Aires, Argentina)<br \/>\n\u2022 Yah\u00eda Antonio y Manuel Ortega (C\u00f3rdoba, Argentina)<br \/>\n\u2022 Sebasti\u00e1n Namuncura y Fernando L\u00f3pez (Santiago, Chile)<br \/>\n\u2022 Pablo Albella (C\u00f3rdoba, Argentina)<br \/>\n\u2022 Franco Ganado y Mateo Mart\u00ednez (C\u00f3rdoba, Argentina)<\/p>\n<p>&nbsp;<br \/>\n&nbsp;<br \/>\n<span style=\"font-size: 11pt\"><strong>PROGRAMA OFICIAL  DE ACTIVIDADES<\/strong><\/span><\/p>\n<p><strong>MI\u00c9RCOLES 26<\/strong><\/p>\n<p>8 A 10 HS &#8211; ACREDITACION Y ENTREGA DE CREDENCIALES.<\/p>\n<p>10 A 10.30 HS &#8211; APERTURA.<br \/>\n<em>Presentaci\u00f3n del primer Festival de la Publicidad Independiente de Am\u00e9rica Latina.  Fundamentos y objetivos. Bienvenida a las delegaciones extranjeras y pa\u00edses representados. Bienvenida de las autoridades municipales de Villa Gesell. El programa y la organizaci\u00f3n del FePI Villa Gesell 2012.<\/em><\/p>\n<p>10.30 A 11.30 HS &#8211; CONFERENCIA 1.<br \/>\nDisertante: <strong>RICARDO PALMIERI<\/strong> (Director de Redacci\u00f3n Palmieri).<br \/>\nT\u00edtulo: \u00abPLANIFICACI\u00d3N Y REDACCI\u00d3N DE CONTENIDOS PARA REDES SOCIALES\u00bb<\/p>\n<p>11.30 A 12.30 HS &#8211; WORKSHOP 1.<br \/>\nCoordina: <strong>RICARDO PALMIERI<\/strong>.<br \/>\nT\u00edtulo: \u00abPR\u00c1CTICA DE REDACCI\u00d3N DE CONTENIDOS PARA REDES SOCIALES\u00bb.<\/p>\n<p>12.30 A 13 HS &#8211; COFFEE BREAK &#8211; <u>ENCUENTROS PRIMER BRIEF-FePI<\/u> &#8211; MUESTRA DE GR\u00c1FICA FePI VILLA GESELL 2012 &#8211; MORE BAR.<\/p>\n<p>13 A 14 HS &#8211; CONFERENCIA  2.<br \/>\nDisertante: <strong>FERNANDO ZAGALES &#8211; Director de arte JWT Argentina<\/strong>.<br \/>\nT\u00edtulo: \u00abOSITOS Y LEONES\u00bb.<\/p>\n<p>14 A 15 HS &#8211; RECESO ALMUERZO.<br \/>\n<em>Vouchers con descuento para More Bar \u2013 Pueblo L\u00edmite (solicitar en Secretar\u00eda FePI).<\/em><\/p>\n<p>15 A 16 HS &#8211; CONFERENCIA 3.<br \/>\nDisertante: <strong>DIEGO GIACCONE (Fundador y director de SURE Design)<\/strong>.<br \/>\nT\u00edtulo: \u00abFRESH DESIGN EN EL DISE\u00d1O DE GRANDES MARCAS\u00bb.<\/p>\n<p>16 A 17 HS &#8211; CONFERENCIA 4.<br \/>\nDisertante: <strong>CARLOS GUZM\u00c1N HEREDIA (director de Circuito Uno)<\/strong>.<br \/>\nT\u00edtulo: \u00abC\u00d3MO HACEN ELLOS, LA PUBLICIDAD EXTERIOR\u00bb.<\/p>\n<p>17 A 17.30 HS &#8211; COFFEE BREAK &#8211; <u>ENCUENTROS PRIMER BRIEF-FePI<\/u> &#8211; MUESTRA DE GR\u00c1FICA FePI VILLA GESELL 2012 &#8211; MORE BAR.<\/p>\n<p>17.30 A 19 HS &#8211; CONFERENCIA 5.<br \/>\nDisertante: <strong>M\u00d3NICA BARREIRO (presidenta de MB10)<\/strong>.<br \/>\nT\u00edtulo: \u00abINDEPENDIENTEMENTE\u2026DE LA GLOBALIZACION\u00bb.<\/p>\n<p>19 A 20 HS &#8211; CONFERENCIA 6.<br \/>\nDisertante: <strong>MIKE SALCEDO (productor digital y senior web designer de Noir M\u00e9xico &#8211; ex DDB MX)<\/strong>.<br \/>\nT\u00edtulo: \u00abTHINK DIFFERENT FOR DIGITAL\u00bb.<\/p>\n<p>20 A 20,30 HS &#8211; COFFEE BREAK &#8211; <u>ENCUENTROS PRIMER BRIEF-FePI<\/u> &#8211; MUESTRA DE GR\u00c1FICA FePI VILLA GESELL 2012 &#8211; MORE BAR.<\/p>\n<p>20.30 A 21.30 HS. REVISI\u00d3N DE TRABAJOS  \u00abPORTFOLIO FePI\u00bb.<\/p>\n<p>21.30 HS &#8211; FIN DE ACTIVIDADES.<\/p>\n<p>22.30 A 2 HS &#8211; AFTER FePI 1.<br \/>\n<strong>SUTTER 212 &#8211; Paseo 105 N\u00ba 212, Villa Gesell<\/strong>.<br \/>\n<em>(Ingreso exclusivo con voucher FePI)<\/em>.<\/p>\n<p>&nbsp;<br \/>\n&nbsp;<br \/>\n<strong>JUEVES 27<\/strong><\/p>\n<p>10 A 11 HS &#8211; PROYECCI\u00d3N CINE Y TV \/ RADIO\/ MOTION GRAPHIC &#8211; PARTE 1.<\/p>\n<p>11 A 12 HS &#8211; CONFERENCIA 7.<br \/>\nDisertante: <strong>GUILLERMO TORNATORE (CEO &#038; Founder Dattatec.com)<\/strong>.<br \/>\nT\u00edtulo: \u00abMALVINAS: CUANDO LA EMOCION Y EL MARKETING VAN POR EL MISMO CAMINO\u00bb.<\/p>\n<p>12 A 13.30 HS &#8211; WORKSHOP 2.<br \/>\nDisertantes: <strong>MARCELO <em>PATA<\/em> P\u00c9REZ y NATALIA ZAIDMAN (Directores de arte y docentes de la Escuela Superior de Creativos Publicitarios)<\/strong>.<br \/>\nT\u00edtulo: \u00abEL VALOR DEL CONCEPTO O PORQUE LOS FEOS FORMAN PAREJA\u00bb.<\/p>\n<p>13.30  A 14 HS &#8211; COFFEE BREAK &#8211; <u>ENCUENTROS PRIMER BRIEF-FePI<\/u> &#8211; MUESTRA DE GR\u00c1FICA FePI VILLA GESELL 2012 &#8211; MORE BAR.<\/p>\n<p>14 A 15 HS &#8211; RECESO ALMUERZO.<br \/>\n<em>Vouchers con descuento para More Bar \u2013 Pueblo L\u00edmite (solicitar en Secretar\u00eda FePI).<\/em><\/p>\n<p>15 A 16 HS &#8211; CONFERENCIA 8.<br \/>\nDisertante: <strong>DIEGO VITALI  (Chief Marketing Manager de Dattatec.com)<\/strong>.<br \/>\nT\u00edtulo: \u00abCAMPA\u00d1AS M\u00c1S EFECTIVAS CON E MAIL MARKETING\u00bb.<\/p>\n<p>16 A 16.30 HS &#8211; COFFEE BREAK &#8211; <u>ENCUENTROS PRIMER BRIEF-FePI<\/u> &#8211; MUESTRA DE GR\u00c1FICA FePI VILLA GESELL 2012 &#8211; MORE BAR.<\/p>\n<p>16.30 A 17.30 HS &#8211; CONFERENCIA 9.<br \/>\nDisertante: <strong>ADRI\u00c1N PIERINI (DGC de Pierini Partners)<\/strong>.<br \/>\nT\u00edtulo: \u00abEL NUEVO DISE\u00d1ADOR RACIONAL\u00bb.<\/p>\n<p>17.30 A 18 HS &#8211; COFFEE BREAK &#8211; <u>ENCUENTROS PRIMER BRIEF-FePI<\/u> &#8211; MUESTRA DE GR\u00c1FICA FePI VILLA GESELL 2012 &#8211; MORE BAR.<\/p>\n<p>18 A 19.30 HS &#8211; CONFERENCIA 10.<br \/>\nDisertante: <strong>GERM\u00c1N YUNES (CEO de Ogilvy Latina South)<\/strong>.<br \/>\nT\u00edtulo: \u00abLAS FRONTERAS DEL TALENTO\u00bb.<\/p>\n<p>19.30 A 20.30 HS &#8211; CONFERENCIA 11.<br \/>\nDisertante: <strong>MANUK HOVAGHIMIAN (Ceo y DGC de Animal Music)<\/strong>.<br \/>\nT\u00edtulo: \u00abLA MUSIQUITA DE LAS PROPAGANDAS\u00bb.<\/p>\n<p>20.30 A 21 HS &#8211; COFFEE BREAK &#8211; <u>ENCUENTROS PRIMER BRIEF-FePI<\/u> &#8211; MUESTRA DE GR\u00c1FICA FePI VILLA GESELL 2012 &#8211; MORE BAR.<\/p>\n<p>20.30 A 21.30 HS &#8211; REVISI\u00d3N DE TRABAJOS  \u00abPORTFOLIO FePI\u00bb.<\/p>\n<p>21.30 HS &#8211; FIN DE ACTIVIDADES.<\/p>\n<p>22.30 A 2 HS &#8211; AFTER FePI 2.<br \/>\n<strong>SUTTER 212 &#8211; Paseo 105 N\u00ba 212, Villa Gesell<\/strong>.<br \/>\n<em>(Ingreso exclusivo con voucher FePI)<\/em>.<\/p>\n<p>&nbsp;<br \/>\n&nbsp;<br \/>\n<strong>VIERNES 28<\/strong><\/p>\n<p>10 A 11 HS &#8211; PROYECCI\u00d3N CINE Y TV \/ RADIO\/ MOTION GRAPHIC &#8211; PARTE 2.<\/p>\n<p>11 A 12 HS &#8211; CONFERENCIA 12: \u00abCASOS DE \u00c9XITO\u00bb.<br \/>\nDisertante: <strong>N\u00c9STOR CARRIZO (Director de Proyecci\u00f3n Com. de Marketing, Bah\u00eda Blanca)<\/strong>.<br \/>\nCaso: \u00abWEBER BAHIA ESTUDIANTES: CREATIVIDAD PARA UN DEPORTE SUSTENTABLE\u00bb.<\/p>\n<p>12 A 14 HS &#8211; CONFERENCIA 13 Y WORKSHOP 3.<br \/>\nDisertante: <strong>PANCHO DONDO (Director de PRIMER BRIEF)<\/strong>.<br \/>\nT\u00edtulo: \u00abLA B\u00daSQUEDA DE LA INSPIRACI\u00d3N\u00bb.<\/p>\n<p>14 A 14.30 HS &#8211; COFFEE BREAK &#8211; <u>ENCUENTROS PRIMER BRIEF-FePI<\/u> &#8211; FINAL PORTFOLIO FePI.<\/p>\n<p>14.30 A 15.30 HS &#8211; CONFERENCIA 14.<br \/>\nDisertante: <strong>GUILLERMO CARO (Fundador de Advertisers Without Borders)<\/strong>.<br \/>\nT\u00edtulo: \u00abCREATIVIDAR\u00bb.<\/p>\n<p>15.30 A 16.30 HS &#8211; CONFERENCIA 15.<br \/>\nCierre FePI Villa Gesell 2012: <strong>INVITADOS ESPECIALES:  MART\u00cdN MERCADO y MART\u00cdN GOLDBERG (DGCs de Young &#038; Rubicam Argentina)<\/strong>.<\/p>\n<p>16.30 HS &#8211; <u>FINAL ENCUENTROS PRIMER BRIEF-FePI<\/u>. FIN ACTIVIDADES.<\/p>\n<p>&nbsp;<br \/>\n&nbsp;<br \/>\n<strong>CENA DE CIERRE Y PREMIACI\u00d3N FePI VILLA GESELL 2012<\/strong><\/p>\n<p>20.30 HS &#8211; RECEPCI\u00d3N INVITADOS.<br \/>\n21.30 HS &#8211; CENA.<br \/>\n<em>(Exclusivo con Tarjeta Invitaci\u00f3n)<\/em>.<br \/>\n<strong>Entrega de premios \u00abInodoro Pereyra\u00bb &#8211; Mon\u00f3logo de stand up \u00abLos publicitarios y los premios\u00bb, por Fabiana Renault (Directora de sede Extramuros de la Escuela Superior de Creativos Publicitarios)<\/strong>.<\/p>\n<p>2 HS &#8211; TRASNOCHE FePI 2012.<br \/>\n<em>(Exclusivo con voucher Invitaci\u00f3n)<\/em><\/p>\n<p>2.30 &#8211; SHOWS EN VIVO: Diego L\u00f3pez \/ Grupo LOS ARMAS (Colombia).<\/p>\n<p>6 HS &#8211; FIN DE FIESTA FePI VILLA GESELL 2012.<br \/>\n<strong>CIERRE DE LA PRIMERA EDICI\u00d3N DEL FESTIVAL DE LA PUBLICIDAD INDEPENDIENTE DE AM\u00c9RICA LATINA<\/strong>.<\/p>\n<div align=\"left\">&#160;<\/div>\n<div align=\"left\">&#160;<\/div>\n","protected":false},"excerpt":{"rendered":"<p>(IBEROAM\u00c9RICA) &#8211; Desde hoy hasta el viernes, en el complejo Pueblo L\u00edmite de la ciudad de Villa Gesell (Buenos Aires, Argentina), se realizar\u00e1 la primera edici\u00f3n del Festival de la Publicidad Independiente de Am\u00e9rica Latina, evoluci\u00f3n del anterior Festival Publicitario del Interior. PRIMER BRIEF estar\u00e1 presente no s\u00f3lo como medio para cubrir el evento, sino tambi\u00e9n con un espacio titulado [&hellip;]<\/p>\n","protected":false},"author":3,"featured_media":12889,"comment_status":"open","ping_status":"open","sticky":false,"template":"","format":"standard","meta":{"footnotes":""},"categories":[1156],"tags":[1804,104,1277,1805,216,1806],"class_list":["post-12888","post","type-post","status-publish","format-standard","has-post-thumbnail","hentry","category-eventos","tag-festival-de-la-publicidad-independiente-de-america-latina-fepi","tag-iberoamerica","tag-martin-mercado-argentina","tag-osvaldo-palena-argentina","tag-pancho-dondo-argentina","tag-ricardo-palmieri-argentina"],"_links":{"self":[{"href":"https:\/\/www.primerbrief.com\/index.php?rest_route=\/wp\/v2\/posts\/12888","targetHints":{"allow":["GET"]}}],"collection":[{"href":"https:\/\/www.primerbrief.com\/index.php?rest_route=\/wp\/v2\/posts"}],"about":[{"href":"https:\/\/www.primerbrief.com\/index.php?rest_route=\/wp\/v2\/types\/post"}],"author":[{"embeddable":true,"href":"https:\/\/www.primerbrief.com\/index.php?rest_route=\/wp\/v2\/users\/3"}],"replies":[{"embeddable":true,"href":"https:\/\/www.primerbrief.com\/index.php?rest_route=%2Fwp%2Fv2%2Fcomments&post=12888"}],"version-history":[{"count":12,"href":"https:\/\/www.primerbrief.com\/index.php?rest_route=\/wp\/v2\/posts\/12888\/revisions"}],"predecessor-version":[{"id":12914,"href":"https:\/\/www.primerbrief.com\/index.php?rest_route=\/wp\/v2\/posts\/12888\/revisions\/12914"}],"wp:featuredmedia":[{"embeddable":true,"href":"https:\/\/www.primerbrief.com\/index.php?rest_route=\/wp\/v2\/media\/12889"}],"wp:attachment":[{"href":"https:\/\/www.primerbrief.com\/index.php?rest_route=%2Fwp%2Fv2%2Fmedia&parent=12888"}],"wp:term":[{"taxonomy":"category","embeddable":true,"href":"https:\/\/www.primerbrief.com\/index.php?rest_route=%2Fwp%2Fv2%2Fcategories&post=12888"},{"taxonomy":"post_tag","embeddable":true,"href":"https:\/\/www.primerbrief.com\/index.php?rest_route=%2Fwp%2Fv2%2Ftags&post=12888"}],"curies":[{"name":"wp","href":"https:\/\/api.w.org\/{rel}","templated":true}]}}