{"id":13006,"date":"2012-09-27T03:58:07","date_gmt":"2012-09-27T06:58:07","guid":{"rendered":"http:\/\/www.primerbrief.com\/?p=13006"},"modified":"2012-10-12T10:42:16","modified_gmt":"2012-10-12T13:42:16","slug":"el-espacio-pb-ya-es-el-punto-de-encuentro-del-fepi-2012","status":"publish","type":"post","link":"https:\/\/www.primerbrief.com\/?p=13006","title":{"rendered":"El Espacio PB ya es el punto de encuentro del FePI 2012"},"content":{"rendered":"<p><span style=\"font-size: 11pt;\"><strong>(IBEROAM\u00c9RICA) &#8211; Los conferencistas y los asistentes entendieron instintivamente la propuesta y la compraron de inmediato: as\u00ed, el Espacio PRIMER BRIEF ya se convirti\u00f3, al cierre del primer d\u00eda del evento, en el punto de encuentro donde todos matean, conversan, intercambian tarjetas, hacen las preguntas a las que no se atrevieron en la sala de conferencias y, de paso, se llevan revistas, se interiorizan sobre el proyecto y agradecen la iniciativa. En la nota, el \u00e1lbum de fotos del primer d\u00eda.<\/strong><\/span><\/p>\n<p><a href=\"http:\/\/www.primerbrief.com\/wp-content\/uploads\/2012\/09\/ARG-PBEnFePI2012-920x239px.jpg\" onclick=\"_gaq.push(['_trackEvent', 'outbound-article-int', 'http:\/\/www.primerbrief.com\/wp-content\/uploads\/2012\/09\/ARG-PBEnFePI2012-920x239px.jpg', '']);\" ><img loading=\"lazy\" decoding=\"async\" src=\"http:\/\/www.primerbrief.com\/wp-content\/uploads\/2012\/09\/ARG-PBEnFePI2012-580px.jpg\" alt=\"\" title=\"ARG-PBEnFePI2012-580px\" width=\"580\" height=\"151\" class=\"alignleft size-full wp-image-13007\" srcset=\"https:\/\/www.primerbrief.com\/wp-content\/uploads\/2012\/09\/ARG-PBEnFePI2012-580px.jpg 580w, https:\/\/www.primerbrief.com\/wp-content\/uploads\/2012\/09\/ARG-PBEnFePI2012-580px-300x78.jpg 300w\" sizes=\"auto, (max-width: 580px) 100vw, 580px\" \/><\/a><br \/>\n<em>Distintos testimonios de la presencia de PRIMER BRIEF en el FePI 2012: el infaltable mate del Espacio PB, Nicol\u00e1s Battista leyendo la revista y un estudiante consultando al conferencista Ricardo Palmieri en el living de PB. (Fotos: <a href=\"http:\/\/www.flickr.com\/photos\/cuartoparalasdiez\/\" onclick=\"_gaq.push(['_trackEvent', 'outbound-article', 'http:\/\/www.flickr.com\/photos\/cuartoparalasdiez\/', 'David Andrade']);\" target=\"_blank\">David Andrade<\/a>)<\/em><\/p>\n<p>&nbsp;<br \/>\n<div id='gallery-1' class='gallery galleryid-13006 gallery-columns-4 gallery-size-theme-gallerysize'><dl class='gallery-item'>\n\t\t\t<dt class='gallery-icon landscape'>\n\t\t\t\t<a href=\"https:\/\/www.primerbrief.com\/wp-content\/uploads\/2012\/09\/ARG-FePI2012-Cortinado-GR.jpg\" onclick=\"_gaq.push(['_trackEvent', 'outbound-article-int', 'https:\/\/www.primerbrief.com\/wp-content\/uploads\/2012\/09\/ARG-FePI2012-Cortinado-GR.jpg', '']);\" ><img loading=\"lazy\" decoding=\"async\" width=\"120\" height=\"100\" src=\"https:\/\/www.primerbrief.com\/wp-content\/uploads\/2012\/09\/ARG-FePI2012-Cortinado-GR-120x100.jpg\" class=\"attachment-theme-gallerysize size-theme-gallerysize\" alt=\"\" \/><\/a>\n\t\t\t<\/dt><\/dl><dl class='gallery-item'>\n\t\t\t<dt class='gallery-icon landscape'>\n\t\t\t\t<a href=\"https:\/\/www.primerbrief.com\/wp-content\/uploads\/2012\/09\/ARG-FePI2012-Escenario-GR.jpg\" onclick=\"_gaq.push(['_trackEvent', 'outbound-article-int', 'https:\/\/www.primerbrief.com\/wp-content\/uploads\/2012\/09\/ARG-FePI2012-Escenario-GR.jpg', '']);\" ><img loading=\"lazy\" decoding=\"async\" width=\"120\" height=\"100\" src=\"https:\/\/www.primerbrief.com\/wp-content\/uploads\/2012\/09\/ARG-FePI2012-Escenario-GR-120x100.jpg\" class=\"attachment-theme-gallerysize size-theme-gallerysize\" alt=\"\" \/><\/a>\n\t\t\t<\/dt><\/dl><dl class='gallery-item'>\n\t\t\t<dt class='gallery-icon landscape'>\n\t\t\t\t<a href=\"https:\/\/www.primerbrief.com\/wp-content\/uploads\/2012\/09\/ARG-FePI2012-PBREnMuestraGrafica-GR.jpg\" onclick=\"_gaq.push(['_trackEvent', 'outbound-article-int', 'https:\/\/www.primerbrief.com\/wp-content\/uploads\/2012\/09\/ARG-FePI2012-PBREnMuestraGrafica-GR.jpg', '']);\" ><img loading=\"lazy\" decoding=\"async\" width=\"120\" height=\"100\" src=\"https:\/\/www.primerbrief.com\/wp-content\/uploads\/2012\/09\/ARG-FePI2012-PBREnMuestraGrafica-GR-120x100.jpg\" class=\"attachment-theme-gallerysize size-theme-gallerysize\" alt=\"\" \/><\/a>\n\t\t\t<\/dt><\/dl><dl class='gallery-item'>\n\t\t\t<dt class='gallery-icon landscape'>\n\t\t\t\t<a href=\"https:\/\/www.primerbrief.com\/wp-content\/uploads\/2012\/09\/ARG-PBREnManosDeLectorEnFePI-GR.jpg\" onclick=\"_gaq.push(['_trackEvent', 'outbound-article-int', 'https:\/\/www.primerbrief.com\/wp-content\/uploads\/2012\/09\/ARG-PBREnManosDeLectorEnFePI-GR.jpg', '']);\" ><img loading=\"lazy\" decoding=\"async\" width=\"120\" height=\"100\" src=\"https:\/\/www.primerbrief.com\/wp-content\/uploads\/2012\/09\/ARG-PBREnManosDeLectorEnFePI-GR-120x100.jpg\" class=\"attachment-theme-gallerysize size-theme-gallerysize\" alt=\"\" \/><\/a>\n\t\t\t<\/dt><\/dl><br style=\"clear: both\" \/>\n\t\t<\/div>\n<br \/>\n<em>El armado del escenario del FePI y los primeros documentos de la presencia de PB.<\/em><br \/>\n<div id='gallery-2' class='gallery galleryid-13006 gallery-columns-5 gallery-size-theme-gallerysize'><dl class='gallery-item'>\n\t\t\t<dt class='gallery-icon landscape'>\n\t\t\t\t<a href=\"https:\/\/www.primerbrief.com\/wp-content\/uploads\/2012\/09\/ARG-EspacioPB-DondoPalmieri-GR.jpg\" onclick=\"_gaq.push(['_trackEvent', 'outbound-article-int', 'https:\/\/www.primerbrief.com\/wp-content\/uploads\/2012\/09\/ARG-EspacioPB-DondoPalmieri-GR.jpg', '']);\" ><img loading=\"lazy\" decoding=\"async\" width=\"120\" height=\"100\" src=\"https:\/\/www.primerbrief.com\/wp-content\/uploads\/2012\/09\/ARG-EspacioPB-DondoPalmieri-GR-120x100.jpg\" class=\"attachment-theme-gallerysize size-theme-gallerysize\" alt=\"\" \/><\/a>\n\t\t\t<\/dt><\/dl><dl class='gallery-item'>\n\t\t\t<dt class='gallery-icon landscape'>\n\t\t\t\t<a href=\"https:\/\/www.primerbrief.com\/wp-content\/uploads\/2012\/09\/ARG-EspacioPB-FernandoZagalesGustavoDiazCruellas-GR.jpg\" onclick=\"_gaq.push(['_trackEvent', 'outbound-article-int', 'https:\/\/www.primerbrief.com\/wp-content\/uploads\/2012\/09\/ARG-EspacioPB-FernandoZagalesGustavoDiazCruellas-GR.jpg', '']);\" ><img loading=\"lazy\" decoding=\"async\" width=\"120\" height=\"100\" src=\"https:\/\/www.primerbrief.com\/wp-content\/uploads\/2012\/09\/ARG-EspacioPB-FernandoZagalesGustavoDiazCruellas-GR-120x100.jpg\" class=\"attachment-theme-gallerysize size-theme-gallerysize\" alt=\"\" \/><\/a>\n\t\t\t<\/dt><\/dl><dl class='gallery-item'>\n\t\t\t<dt class='gallery-icon landscape'>\n\t\t\t\t<a href=\"https:\/\/www.primerbrief.com\/wp-content\/uploads\/2012\/09\/ARG-EspacioPB-GiacconeDondoZagalesEstudiante-GR.jpg\" onclick=\"_gaq.push(['_trackEvent', 'outbound-article-int', 'https:\/\/www.primerbrief.com\/wp-content\/uploads\/2012\/09\/ARG-EspacioPB-GiacconeDondoZagalesEstudiante-GR.jpg', '']);\" ><img loading=\"lazy\" decoding=\"async\" width=\"120\" height=\"100\" src=\"https:\/\/www.primerbrief.com\/wp-content\/uploads\/2012\/09\/ARG-EspacioPB-GiacconeDondoZagalesEstudiante-GR-120x100.jpg\" class=\"attachment-theme-gallerysize size-theme-gallerysize\" alt=\"\" \/><\/a>\n\t\t\t<\/dt><\/dl><dl class='gallery-item'>\n\t\t\t<dt class='gallery-icon landscape'>\n\t\t\t\t<a href=\"https:\/\/www.primerbrief.com\/wp-content\/uploads\/2012\/09\/ARG-EspacioPB-GiacconeDondoZagales-GR.jpg\" onclick=\"_gaq.push(['_trackEvent', 'outbound-article-int', 'https:\/\/www.primerbrief.com\/wp-content\/uploads\/2012\/09\/ARG-EspacioPB-GiacconeDondoZagales-GR.jpg', '']);\" ><img loading=\"lazy\" decoding=\"async\" width=\"120\" height=\"100\" src=\"https:\/\/www.primerbrief.com\/wp-content\/uploads\/2012\/09\/ARG-EspacioPB-GiacconeDondoZagales-GR-120x100.jpg\" class=\"attachment-theme-gallerysize size-theme-gallerysize\" alt=\"\" \/><\/a>\n\t\t\t<\/dt><\/dl><dl class='gallery-item'>\n\t\t\t<dt class='gallery-icon landscape'>\n\t\t\t\t<a href=\"https:\/\/www.primerbrief.com\/wp-content\/uploads\/2012\/09\/ARG-EspacioPB-MateYRevis-GR.jpg\" onclick=\"_gaq.push(['_trackEvent', 'outbound-article-int', 'https:\/\/www.primerbrief.com\/wp-content\/uploads\/2012\/09\/ARG-EspacioPB-MateYRevis-GR.jpg', '']);\" ><img loading=\"lazy\" decoding=\"async\" width=\"120\" height=\"100\" src=\"https:\/\/www.primerbrief.com\/wp-content\/uploads\/2012\/09\/ARG-EspacioPB-MateYRevis-GR-120x100.jpg\" class=\"attachment-theme-gallerysize size-theme-gallerysize\" alt=\"\" \/><\/a>\n\t\t\t<\/dt><\/dl><br style=\"clear: both\" \/>\n\t\t<\/div>\n<br \/>\n<em>Diferentes testimonios de la actividad en el Espacio PB: 1) Ricardo Palmieri, redactor publicitario, docente, conferencista y escritor, en di\u00e1logo con una estudiante. 2) Fernando Zagales (JWT Buenos Aires) y Gustavo D\u00edaz Cruellas (Tomates Creativos, Santiago del Estero). 3 y 4) Diego Giaccone (SURE Design) y Zagales, en el primer caso respondiendo una consulta de una estudiante.<\/em><\/p>\n<div align=\"left\">&#160;<\/div>\n<div align=\"left\">&#160;<\/div>\n","protected":false},"excerpt":{"rendered":"<p>(IBEROAM\u00c9RICA) &#8211; Los conferencistas y los asistentes entendieron instintivamente la propuesta y la compraron de inmediato: as\u00ed, el Espacio PRIMER BRIEF ya se convirti\u00f3, al cierre del primer d\u00eda del evento, en el punto de encuentro donde todos matean, conversan, intercambian tarjetas, hacen las preguntas a las que no se atrevieron en la sala de conferencias y, de paso, se [&hellip;]<\/p>\n","protected":false},"author":3,"featured_media":13019,"comment_status":"open","ping_status":"open","sticky":false,"template":"","format":"standard","meta":{"footnotes":""},"categories":[1156],"tags":[26,1813,1811,1812,104,1814,1805,216,1806],"class_list":["post-13006","post","type-post","status-publish","format-standard","has-post-thumbnail","hentry","category-eventos","tag-argentina","tag-diego-giaccone-argentina","tag-fepi-2012","tag-fernando-zagales-argentina","tag-iberoamerica","tag-nicolas-battista-argentina","tag-osvaldo-palena-argentina","tag-pancho-dondo-argentina","tag-ricardo-palmieri-argentina"],"_links":{"self":[{"href":"https:\/\/www.primerbrief.com\/index.php?rest_route=\/wp\/v2\/posts\/13006","targetHints":{"allow":["GET"]}}],"collection":[{"href":"https:\/\/www.primerbrief.com\/index.php?rest_route=\/wp\/v2\/posts"}],"about":[{"href":"https:\/\/www.primerbrief.com\/index.php?rest_route=\/wp\/v2\/types\/post"}],"author":[{"embeddable":true,"href":"https:\/\/www.primerbrief.com\/index.php?rest_route=\/wp\/v2\/users\/3"}],"replies":[{"embeddable":true,"href":"https:\/\/www.primerbrief.com\/index.php?rest_route=%2Fwp%2Fv2%2Fcomments&post=13006"}],"version-history":[{"count":6,"href":"https:\/\/www.primerbrief.com\/index.php?rest_route=\/wp\/v2\/posts\/13006\/revisions"}],"predecessor-version":[{"id":13562,"href":"https:\/\/www.primerbrief.com\/index.php?rest_route=\/wp\/v2\/posts\/13006\/revisions\/13562"}],"wp:featuredmedia":[{"embeddable":true,"href":"https:\/\/www.primerbrief.com\/index.php?rest_route=\/wp\/v2\/media\/13019"}],"wp:attachment":[{"href":"https:\/\/www.primerbrief.com\/index.php?rest_route=%2Fwp%2Fv2%2Fmedia&parent=13006"}],"wp:term":[{"taxonomy":"category","embeddable":true,"href":"https:\/\/www.primerbrief.com\/index.php?rest_route=%2Fwp%2Fv2%2Fcategories&post=13006"},{"taxonomy":"post_tag","embeddable":true,"href":"https:\/\/www.primerbrief.com\/index.php?rest_route=%2Fwp%2Fv2%2Ftags&post=13006"}],"curies":[{"name":"wp","href":"https:\/\/api.w.org\/{rel}","templated":true}]}}