{"id":13101,"date":"2012-10-01T03:59:58","date_gmt":"2012-10-01T06:59:58","guid":{"rendered":"http:\/\/www.primerbrief.com\/?p=13101"},"modified":"2012-10-01T02:26:45","modified_gmt":"2012-10-01T05:26:45","slug":"paso-el-fepi-2012-con-triunfos-cordobeses-y-regionales-y-mucha-avidez-del-publico","status":"publish","type":"post","link":"https:\/\/www.primerbrief.com\/?p=13101","title":{"rendered":"Pas\u00f3 el FePI 2012, con triunfos cordobeses y regionales y mucha avidez del p\u00fablico"},"content":{"rendered":"<p><span style=\"font-size: 11pt;\"><strong>(IBEROAM\u00c9RICA) &#8211; Con una dupla cordobesa merecedora del primer premio de estudiantes despu\u00e9s de haber quedado tercera en 2011, con quince conferencistas y una stand up brillantes, con tres grandes premios y el premio a la Agencia del A\u00f1o que quedaron en manos tambi\u00e9n cordobesas y una avidez indescriptible por parte de los cerca de doscientos asistentes, pas\u00f3 la primera edici\u00f3n del Festival de la Publicidad Independiente de Am\u00e9rica Latina. \u00a1Gracias Villa Gesell, gracias Osvaldo Palena y hasta la edici\u00f3n 2013!<\/strong><\/span><\/p>\n<p><a href=\"http:\/\/www.primerbrief.com\/wp-content\/uploads\/2012\/10\/ARG-FePI2012-AlgunasVistas-GR.jpg\" onclick=\"_gaq.push(['_trackEvent', 'outbound-article-int', 'http:\/\/www.primerbrief.com\/wp-content\/uploads\/2012\/10\/ARG-FePI2012-AlgunasVistas-GR.jpg', '']);\" ><img loading=\"lazy\" decoding=\"async\" src=\"http:\/\/www.primerbrief.com\/wp-content\/uploads\/2012\/10\/ARG-FePI2012-AlgunasVistas-580px.jpg\" alt=\"\" title=\"ARG-FePI2012-AlgunasVistas-580px\" width=\"580\" height=\"230\" class=\"alignleft size-full wp-image-13104\" srcset=\"https:\/\/www.primerbrief.com\/wp-content\/uploads\/2012\/10\/ARG-FePI2012-AlgunasVistas-580px.jpg 580w, https:\/\/www.primerbrief.com\/wp-content\/uploads\/2012\/10\/ARG-FePI2012-AlgunasVistas-580px-300x118.jpg 300w\" sizes=\"auto, (max-width: 580px) 100vw, 580px\" \/><\/a><br \/>\n<em>A la izquierda, Osvaldo Palena (director del FePI) presenta a Pancho Dondo (director de PB) antes de su conferencia y workshop; a la derecha, Punto JPG, la Agencia del A\u00f1o, junto a Palena. (Todas las fotos de PB en el FePI: <a href=\"http:\/\/www.flickr.com\/photos\/cuartoparalasdiez\/\" onclick=\"_gaq.push(['_trackEvent', 'outbound-article', 'http:\/\/www.flickr.com\/photos\/cuartoparalasdiez\/', 'David Andrade']);\" target=\"_blank\">David Andrade<\/a>)<\/em><\/p>\n<p>&nbsp;<br \/>\n<img loading=\"lazy\" decoding=\"async\" src=\"http:\/\/www.primerbrief.com\/wp-content\/uploads\/2011\/06\/staff-pancho1.jpg\" alt=\"\" width=\"100\" height=\"100\" class=\"alignleft size-full wp-image-12843\" style=\"margin: 0px 10px 0px 0px\" \/><strong>POR <a href=\"http:\/\/www.primerbrief.com\/?tag=pancho-dondo-argentina\" onclick=\"_gaq.push(['_trackEvent', 'outbound-article-int', 'http:\/\/www.primerbrief.com\/?tag=pancho-dondo-argentina', 'PANCHO DONDO']);\" target=\"_blank\">PANCHO DONDO<\/a><\/strong><br \/>\nDirector de PB<\/p>\n<p style=\"clear:left;\">\n<p>&nbsp;<br \/>\nTerminado el FePI 2012 de Villa Gesell, esta no es m\u00e1s que la primera de unas cuantas notas que iremos publicando con el correr de los d\u00edas.<\/p>\n<p>Esta vez, con apenas lo indispensable para que, si no estuviste ah\u00ed, te enteres de qu\u00e9 fue lo m\u00e1s importante que ocurri\u00f3 el viernes por la noche, en la entrega de premios que les puso cierre a tres d\u00edas agotadores, con actividad desde primera hora de cada ma\u00f1ana hasta la trasnoche de cada d\u00eda y en los que el sello distintivo fue, sin dudas, el entusiasmo y la avidez de los estudiantes que llegaron desde todo el pa\u00eds (algunos, incluso, desde otros pa\u00edses) frente a quince presentaciones distintas que tuvieron de protagonistas a personajes y temas tan diferentes como Ricardo Palmieri y la redacci\u00f3n publicitaria, Mike Salcedo y la publicidad interactiva, <em>Chapa<\/em> Ach\u00e1val y las campa\u00f1as regionales de Coca-Cola, Guillermo Caro y el bien p\u00fablico, Marcelo <em>Pata<\/em> P\u00e9rez y Natalia Zaidman y el concepto, Pancho Dondo y la inspiraci\u00f3n, Fernando Zagales y lo que est\u00e1 m\u00e1s all\u00e1 de la publicidad, Manuk y la m\u00fasica publicitaria, Diego Giaccone y el dise\u00f1o de grandes marcas, Adri\u00e1n Pierini y el dise\u00f1o racional y varios m\u00e1s.<\/p>\n<p>&nbsp;<br \/>\n<span style=\"font-size: 11pt;\"><strong>LOS ESTUDIANTES<\/strong><\/span><\/p>\n<p>En esa noche de viernes, lo m\u00e1s importante para PRIMER BRIEF ocurri\u00f3 hacia la mitad de la ceremonia, cuando los presentadores convocaron a acercarse al escenario a los ganadores de los premios BePI 2012, reservados a estudiantes. Que fueron:<br \/>\nOro: Franco Ganado y Mateo Mart\u00ednez (C\u00f3rdoba, Argentina)<br \/>\nPlata: Santiago Balparda y Francisco Mirabet (Buenos Aires, Argentina)<br \/>\nBronce: Pablo Albella (C\u00f3rdoba, Argentina)<br \/>\nMenci\u00f3n: Sebasti\u00e1n Namuncur\u00e1 y Fernando L\u00f3pez (Santiago, Chile)<br \/>\nMenci\u00f3n: Yah\u00eda Antonio y Manuel Ortega (C\u00f3rdoba, Argentina)<\/p>\n<p><a href=\"http:\/\/www.primerbrief.com\/wp-content\/uploads\/2012\/10\/ARG-ProyectoAguaPorFranGanadoMateoMartinez-GR.jpg\" onclick=\"_gaq.push(['_trackEvent', 'outbound-article-int', 'http:\/\/www.primerbrief.com\/wp-content\/uploads\/2012\/10\/ARG-ProyectoAguaPorFranGanadoMateoMartinez-GR.jpg', '']);\" ><img loading=\"lazy\" decoding=\"async\" src=\"http:\/\/www.primerbrief.com\/wp-content\/uploads\/2012\/10\/ARG-ProyectoAguaPorFranGanadoMateoMartinez-580px.jpg\" alt=\"\" title=\"ARG-ProyectoAguaPorFranGanadoMateoMartinez-580px\" width=\"580\" height=\"205\" class=\"alignleft size-full wp-image-13106\" srcset=\"https:\/\/www.primerbrief.com\/wp-content\/uploads\/2012\/10\/ARG-ProyectoAguaPorFranGanadoMateoMartinez-580px.jpg 580w, https:\/\/www.primerbrief.com\/wp-content\/uploads\/2012\/10\/ARG-ProyectoAguaPorFranGanadoMateoMartinez-580px-300x106.jpg 300w\" sizes=\"auto, (max-width: 580px) 100vw, 580px\" \/><\/a><br \/>\n<em>El caso ganador del oro, de Fran Ganado y Mateo Mart\u00ednez&#8230; \u00a1la misma dupla que en Tucum\u00e1n 2011 hab\u00eda obtenido el bronce por su trabajo \u00abConciencia Renault\u00bb cuando estudiaban en la Escuela Internacioal de Publicidad (ahora son estudiantes de <a href=\"http:\/\/escueladepublicidad.com.ar\/novedades\/finalistas-en-el-bepi-2012\/#.UGkaGJhmKKU\" onclick=\"_gaq.push(['_trackEvent', 'outbound-article', 'http:\/\/escueladepublicidad.com.ar\/novedades\/finalistas-en-el-bepi-2012\/#.UGkaGJhmKKU', 'la escuela de creatividad Go!']);\" target=\"_blank\">la escuela de creatividad Go!<\/a>)!<\/em><\/p>\n<p>&nbsp;<br \/>\n<span style=\"font-size: 11pt;\"><strong>LAS AGENCIAS<\/strong><\/span><\/p>\n<p>No todas estuvieron presentes a la hora de los premios. De hecho, de los cinco Grand Prix s\u00f3lo pudieron entregarse tres: la porte\u00f1a Must Mobile (ganadora del GP Interactivo por <em>Greenpeace Arctic Defender<\/em> y la cordobesa Oxford (merecedora del GP de Dise\u00f1o Gr\u00e1fico por <em>Linfar calendario<\/em> no viajaron hasta Villa Gesell. Pero s\u00ed lo hicieron casi todas las dem\u00e1s agencias ganadoras, incluidas algunas de Bolivia, Ecuador, Colombia y otros lugares de Am\u00e9rica Latina.<\/p>\n<p>Para ver la lista completa de premios, entrar a <a href=\"http:\/\/fepi.com.ar\/index.php\/77-articulos\/157-lista-de-premios\" onclick=\"_gaq.push(['_trackEvent', 'outbound-article', 'http:\/\/fepi.com.ar\/index.php\/77-articulos\/157-lista-de-premios', 'la p\u00e1gina web del FePI']);\" target=\"_blank\">la p\u00e1gina web del FePI<\/a>. Aqu\u00ed, los momentos que testimonian los tres Grandes Premios que s\u00ed pudieron entregarse en la ceremonia.<\/p>\n<p><a href=\"http:\/\/www.primerbrief.com\/wp-content\/uploads\/2012\/10\/ARG-FePI2012-GPViaPublica-RomboVelox-GR.jpg\" onclick=\"_gaq.push(['_trackEvent', 'outbound-article-int', 'http:\/\/www.primerbrief.com\/wp-content\/uploads\/2012\/10\/ARG-FePI2012-GPViaPublica-RomboVelox-GR.jpg', '']);\" ><img loading=\"lazy\" decoding=\"async\" src=\"http:\/\/www.primerbrief.com\/wp-content\/uploads\/2012\/10\/ARG-FePI2012-GPViaPublica-RomboVelox-580px.jpg\" alt=\"\" title=\"ARG-FePI2012-GPViaPublica-RomboVelox-580px\" width=\"580\" height=\"159\" class=\"alignleft size-full wp-image-13108\" srcset=\"https:\/\/www.primerbrief.com\/wp-content\/uploads\/2012\/10\/ARG-FePI2012-GPViaPublica-RomboVelox-580px.jpg 580w, https:\/\/www.primerbrief.com\/wp-content\/uploads\/2012\/10\/ARG-FePI2012-GPViaPublica-RomboVelox-580px-300x82.jpg 300w\" sizes=\"auto, (max-width: 580px) 100vw, 580px\" \/><\/a><br \/>\n<em>Rubro V\u00eda P\u00fablica: \u00abAsados, Consejos, Pollo\u00bb, de Rombo Velox Asociadas (C\u00f3rdoba, Argentina).<\/em><\/p>\n<p><a href=\"http:\/\/www.primerbrief.com\/wp-content\/uploads\/2012\/10\/ARG-FePI2012-GPRadio-PuntoJPG-GR.jpg\" onclick=\"_gaq.push(['_trackEvent', 'outbound-article-int', 'http:\/\/www.primerbrief.com\/wp-content\/uploads\/2012\/10\/ARG-FePI2012-GPRadio-PuntoJPG-GR.jpg', '']);\" ><img loading=\"lazy\" decoding=\"async\" src=\"http:\/\/www.primerbrief.com\/wp-content\/uploads\/2012\/10\/ARG-FePI2012-GPRadio-PuntoJPG-580px.jpg\" alt=\"\" title=\"ARG-FePI2012-GPRadio-PuntoJPG-580px\" width=\"580\" height=\"159\" class=\"alignleft size-full wp-image-13110\" srcset=\"https:\/\/www.primerbrief.com\/wp-content\/uploads\/2012\/10\/ARG-FePI2012-GPRadio-PuntoJPG-580px.jpg 580w, https:\/\/www.primerbrief.com\/wp-content\/uploads\/2012\/10\/ARG-FePI2012-GPRadio-PuntoJPG-580px-300x82.jpg 300w\" sizes=\"auto, (max-width: 580px) 100vw, 580px\" \/><\/a><br \/>\n<em>Rubro Radio: \u00abNovio\u00bb, de Punto JPG (C\u00f3rdoba, Argentina).<\/em><\/p>\n<p><a href=\"http:\/\/www.primerbrief.com\/wp-content\/uploads\/2012\/10\/ARG-FePI2012-GPGrafica-FWK-GR.jpg\" onclick=\"_gaq.push(['_trackEvent', 'outbound-article-int', 'http:\/\/www.primerbrief.com\/wp-content\/uploads\/2012\/10\/ARG-FePI2012-GPGrafica-FWK-GR.jpg', '']);\" ><img loading=\"lazy\" decoding=\"async\" src=\"http:\/\/www.primerbrief.com\/wp-content\/uploads\/2012\/10\/ARG-FePI2012-GPGrafica-FWK-580px.jpg\" alt=\"\" title=\"ARG-FePI2012-GPGrafica-FWK-580px\" width=\"580\" height=\"159\" class=\"alignleft size-full wp-image-13112\" srcset=\"https:\/\/www.primerbrief.com\/wp-content\/uploads\/2012\/10\/ARG-FePI2012-GPGrafica-FWK-580px.jpg 580w, https:\/\/www.primerbrief.com\/wp-content\/uploads\/2012\/10\/ARG-FePI2012-GPGrafica-FWK-580px-300x82.jpg 300w\" sizes=\"auto, (max-width: 580px) 100vw, 580px\" \/><\/a><br \/>\n<em>Rubro Gr\u00e1fica: \u00abAbierto por duelo\u00bb, de FWK Argentina (Buenos Aires, Argentina). Recibe Quino Oneto Gaona de manos de Mat\u00edas Berardi, Nicol\u00e1s Batista y Osvaldo Palena.<\/em><\/p>\n<div align=\"left\">&#160;<\/div>\n<div align=\"left\">&#160;<\/div>\n","protected":false},"excerpt":{"rendered":"<p>(IBEROAM\u00c9RICA) &#8211; Con una dupla cordobesa merecedora del primer premio de estudiantes despu\u00e9s de haber quedado tercera en 2011, con quince conferencistas y una stand up brillantes, con tres grandes premios y el premio a la Agencia del A\u00f1o que quedaron en manos tambi\u00e9n cordobesas y una avidez indescriptible por parte de los cerca de doscientos asistentes, pas\u00f3 la primera [&hellip;]<\/p>\n","protected":false},"author":3,"featured_media":13102,"comment_status":"open","ping_status":"open","sticky":false,"template":"","format":"standard","meta":{"footnotes":""},"categories":[145],"tags":[26,1811,1558,1826,104,1559,1805,1824,1825,1474],"class_list":["post-13101","post","type-post","status-publish","format-standard","has-post-thumbnail","hentry","category-premios","tag-argentina","tag-fepi-2012","tag-franco-ganado-argentina","tag-fwk-argentina","tag-iberoamerica","tag-mateo-martinez-argentina","tag-osvaldo-palena-argentina","tag-punto-jpg-argentina","tag-rombo-velox-argentina","tag-villa-gesell"],"_links":{"self":[{"href":"https:\/\/www.primerbrief.com\/index.php?rest_route=\/wp\/v2\/posts\/13101","targetHints":{"allow":["GET"]}}],"collection":[{"href":"https:\/\/www.primerbrief.com\/index.php?rest_route=\/wp\/v2\/posts"}],"about":[{"href":"https:\/\/www.primerbrief.com\/index.php?rest_route=\/wp\/v2\/types\/post"}],"author":[{"embeddable":true,"href":"https:\/\/www.primerbrief.com\/index.php?rest_route=\/wp\/v2\/users\/3"}],"replies":[{"embeddable":true,"href":"https:\/\/www.primerbrief.com\/index.php?rest_route=%2Fwp%2Fv2%2Fcomments&post=13101"}],"version-history":[{"count":3,"href":"https:\/\/www.primerbrief.com\/index.php?rest_route=\/wp\/v2\/posts\/13101\/revisions"}],"predecessor-version":[{"id":13116,"href":"https:\/\/www.primerbrief.com\/index.php?rest_route=\/wp\/v2\/posts\/13101\/revisions\/13116"}],"wp:featuredmedia":[{"embeddable":true,"href":"https:\/\/www.primerbrief.com\/index.php?rest_route=\/wp\/v2\/media\/13102"}],"wp:attachment":[{"href":"https:\/\/www.primerbrief.com\/index.php?rest_route=%2Fwp%2Fv2%2Fmedia&parent=13101"}],"wp:term":[{"taxonomy":"category","embeddable":true,"href":"https:\/\/www.primerbrief.com\/index.php?rest_route=%2Fwp%2Fv2%2Fcategories&post=13101"},{"taxonomy":"post_tag","embeddable":true,"href":"https:\/\/www.primerbrief.com\/index.php?rest_route=%2Fwp%2Fv2%2Ftags&post=13101"}],"curies":[{"name":"wp","href":"https:\/\/api.w.org\/{rel}","templated":true}]}}