{"id":14280,"date":"2012-10-30T03:59:47","date_gmt":"2012-10-30T06:59:47","guid":{"rendered":"http:\/\/www.primerbrief.com\/?p=14280"},"modified":"2012-10-30T09:06:06","modified_gmt":"2012-10-30T12:06:06","slug":"queres-disenar-la-copa-y-las-medallas-del-campeon-del-futbol-argentino","status":"publish","type":"post","link":"https:\/\/www.primerbrief.com\/?p=14280","title":{"rendered":"\u00bfQuer\u00e9s dise\u00f1ar la copa y las medallas del campe\u00f3n del f\u00fatbol argentino?"},"content":{"rendered":"<p><span style=\"font-size: 11pt\"><strong>(ARGENTINA) &#8211; Iveco lanza la quinta edici\u00f3n de su <a href=\"http:\/\/web.iveco.com\/argentina\/sala-de-prensa\/noticias\/Pages\/ConcursoCopa2012.aspx\" onclick=\"_gaq.push(['_trackEvent', 'outbound-article', 'http:\/\/web.iveco.com\/argentina\/sala-de-prensa\/noticias\/Pages\/ConcursoCopa2012.aspx', 'concurso Dise\u00f1\u00e1 Una Pasi\u00f3n']);\" target=\"_blank\">concurso Dise\u00f1\u00e1 Una Pasi\u00f3n<\/a>: est\u00e1 abierto a todos los estudiantes de dise\u00f1o industrial, dise\u00f1o gr\u00e1fico y direcci\u00f3n de arte que quieran dise\u00f1ar el trofeo y las medallas que se le entregar\u00e1n al equipo ganador del torneo Inicial de Primera A.<\/strong><\/span><\/p>\n<p><a href=\"http:\/\/www.primerbrief.com\/wp-content\/uploads\/2012\/10\/concurso-iveco-GR.jpg\" onclick=\"_gaq.push(['_trackEvent', 'outbound-article-int', 'http:\/\/www.primerbrief.com\/wp-content\/uploads\/2012\/10\/concurso-iveco-GR.jpg', '']);\" ><img loading=\"lazy\" decoding=\"async\" src=\"http:\/\/www.primerbrief.com\/wp-content\/uploads\/2012\/10\/concurso-iveco-580.jpg\" alt=\"\" title=\"concurso-iveco-580\" width=\"580\" height=\"410\" class=\"alignleft size-full wp-image-14293\" srcset=\"https:\/\/www.primerbrief.com\/wp-content\/uploads\/2012\/10\/concurso-iveco-580.jpg 580w, https:\/\/www.primerbrief.com\/wp-content\/uploads\/2012\/10\/concurso-iveco-580-300x212.jpg 300w\" sizes=\"auto, (max-width: 580px) 100vw, 580px\" \/><\/a><br \/>\n<em>Con la medalla puesta, Rodrigo Haedo, el ganador de la \u00faltima edici\u00f3n del concurso, cuya tem\u00e1tica era \u00abGaucho Rivero\u00bb, junto a autoridades de Iveco. (Foto: P\u00e1gina oficial de Iveco. Foto de la home page: Christian Campestrini, arquero del \u00faltimo campe\u00f3n, Arsenal, levantando la copa dise\u00f1ada por Rodrigo).<\/em><\/p>\n<p>&nbsp;<br \/>\nEl auspiciante de los torneos de la m\u00e1xima categor\u00eda del f\u00fatbol argentino presenta la quinta edici\u00f3n del concurso que invita a estudiantes a dise\u00f1ar la copa que levantar\u00e1 el equipo ganador del torneo. La posibilidad de ser el creador del estandarte por el que compitan los equipos de f\u00fatbol es complementada con un viaje a Italia a conocer las instalaciones del centro de dise\u00f1o de la marca Fiat. Ten\u00e9s tiempo de mandar tu trabajo hasta el 19 de noviembre.<\/p>\n<p>Sobre el concurso, la gente de prensa de Iveco manifest\u00f3: \u00abEste concurso fue ideado s\u00f3lo para estudiantes con el objetivo de contribuir a crear mayor profesionalismo entre ellos, incentivar su participaci\u00f3n y creatividad\u00bb.<\/p>\n<p><strong>\u00bfQui\u00e9nes pueden participar?<\/strong> Todos los estudiantes de las carreras de dise\u00f1o industrial, dise\u00f1o gr\u00e1fico o direcci\u00f3n de arte de cualquier universidad del pa\u00eds.<\/p>\n<p><strong>\u00bfCu\u00e1l es el premio?<\/strong> Adem\u00e1s de que el dise\u00f1o ganador ser\u00e1 el que se entregue al equipo campe\u00f3n del torneo, el estudiante que haya confeccionado el dise\u00f1o ganar\u00e1 un viaje a Italia para conocer el \u00abCentroStile Fiat\u00bb, el centro de dise\u00f1o de autom\u00f3viles de la marca italiana.<\/p>\n<p><strong>\u00bfC\u00f3mo participar?<\/strong> F\u00e1cil, mand\u00e1 tu dise\u00f1o a <a href=\"mailto:concursocopa@ar.iveco.com\" onclick=\"_gaq.push(['_trackEvent','mailto','concursocopa@ar.iveco.com']);\" >concursocopa@ar.iveco.com<\/a>. Las bases y condiciones del concurso las tenes <a href=\"http:\/\/web.iveco.com\/argentina\/SiteCollectionDocuments\/Bases%20y%20Condiciones%20_Quinto_Dise%C3%B1a%20_una_Pasi%C3%B3n.pdf\" onclick=\"_gaq.push(['_trackEvent','download','http:\/\/web.iveco.com\/argentina\/SiteCollectionDocuments\/Bases%20y%20Condiciones%20_Quinto_Dise%C3%B1a%20_una_Pasi%C3%B3n.pdf']);\" target=\"_blank\">en este link<\/a>.<\/p>\n<p>La invitaci\u00f3n est\u00e1 hecha: si te gustan el dise\u00f1o y el f\u00fatbol, no ten\u00e9s excusa para no participar.<br \/>\n&nbsp;<br \/>\n&nbsp;<\/p>\n","protected":false},"excerpt":{"rendered":"<p>(ARGENTINA) &#8211; Iveco lanza la quinta edici\u00f3n de su concurso Dise\u00f1\u00e1 Una Pasi\u00f3n: est\u00e1 abierto a todos los estudiantes de dise\u00f1o industrial, dise\u00f1o gr\u00e1fico y direcci\u00f3n de arte que quieran dise\u00f1ar el trofeo y las medallas que se le entregar\u00e1n al equipo ganador del torneo Inicial de Primera A. Con la medalla puesta, Rodrigo Haedo, el ganador de la \u00faltima [&hellip;]<\/p>\n","protected":false},"author":1,"featured_media":14303,"comment_status":"open","ping_status":"open","sticky":false,"template":"","format":"standard","meta":{"footnotes":""},"categories":[516],"tags":[26,1953,4530,1952,1951],"class_list":["post-14280","post","type-post","status-publish","format-standard","has-post-thumbnail","hentry","category-agenda-de-concursos","tag-argentina","tag-deportes","tag-diseno","tag-futbol","tag-iveco"],"_links":{"self":[{"href":"https:\/\/www.primerbrief.com\/index.php?rest_route=\/wp\/v2\/posts\/14280","targetHints":{"allow":["GET"]}}],"collection":[{"href":"https:\/\/www.primerbrief.com\/index.php?rest_route=\/wp\/v2\/posts"}],"about":[{"href":"https:\/\/www.primerbrief.com\/index.php?rest_route=\/wp\/v2\/types\/post"}],"author":[{"embeddable":true,"href":"https:\/\/www.primerbrief.com\/index.php?rest_route=\/wp\/v2\/users\/1"}],"replies":[{"embeddable":true,"href":"https:\/\/www.primerbrief.com\/index.php?rest_route=%2Fwp%2Fv2%2Fcomments&post=14280"}],"version-history":[{"count":11,"href":"https:\/\/www.primerbrief.com\/index.php?rest_route=\/wp\/v2\/posts\/14280\/revisions"}],"predecessor-version":[{"id":14320,"href":"https:\/\/www.primerbrief.com\/index.php?rest_route=\/wp\/v2\/posts\/14280\/revisions\/14320"}],"wp:featuredmedia":[{"embeddable":true,"href":"https:\/\/www.primerbrief.com\/index.php?rest_route=\/wp\/v2\/media\/14303"}],"wp:attachment":[{"href":"https:\/\/www.primerbrief.com\/index.php?rest_route=%2Fwp%2Fv2%2Fmedia&parent=14280"}],"wp:term":[{"taxonomy":"category","embeddable":true,"href":"https:\/\/www.primerbrief.com\/index.php?rest_route=%2Fwp%2Fv2%2Fcategories&post=14280"},{"taxonomy":"post_tag","embeddable":true,"href":"https:\/\/www.primerbrief.com\/index.php?rest_route=%2Fwp%2Fv2%2Ftags&post=14280"}],"curies":[{"name":"wp","href":"https:\/\/api.w.org\/{rel}","templated":true}]}}