{"id":14675,"date":"2012-11-08T03:59:12","date_gmt":"2012-11-08T06:59:12","guid":{"rendered":"http:\/\/www.primerbrief.com\/?p=14675"},"modified":"2012-11-08T12:13:26","modified_gmt":"2012-11-08T15:13:26","slug":"14675","status":"publish","type":"post","link":"https:\/\/www.primerbrief.com\/?p=14675","title":{"rendered":"Preparate: el martes, el Chavo D&#8217;Emilio en la UADE"},"content":{"rendered":"<p><span style=\"font-size: 11pt;\"><strong>(ARGENTINA) &#8211; Llega el primer evento internacional de PRIMER BRIEF: en una coproducci\u00f3n con <a href=\"http:\/\/www.facebook.com\/conferenciaspublicitarias?fref=ts\" onclick=\"_gaq.push(['_trackEvent', 'outbound-article', 'http:\/\/www.facebook.com\/conferenciaspublicitarias?fref=ts', 'Conferencias Publicitarias']);\" target=\"_blank\">Conferencias Publicitarias<\/a> de Colombia, este martes 13 presentaremos en la UADE nada menos que al Chavo D&#8217;Emilio, que a los 40 a\u00f1os es el director general creativo de McCann-Erickson Buenos Aires y tiene detr\u00e1s una carrera brillante que incluye cinco leones de oro de Cannes y un largometraje estrenado este a\u00f1o. \u00bfQuer\u00e9s venir a verlo? Es simple, s\u00f3lo es cuesti\u00f3n de llenar un formulario: pas\u00e1 a la nota y fijate en el recuadro.<\/strong><\/span><\/p>\n<p><a href=\"http:\/\/www.primerbrief.com\/wp-content\/uploads\/2012\/11\/ARG-MilCarasChavoDEmilio-GR.jpg\" onclick=\"_gaq.push(['_trackEvent', 'outbound-article-int', 'http:\/\/www.primerbrief.com\/wp-content\/uploads\/2012\/11\/ARG-MilCarasChavoDEmilio-GR.jpg', '']);\" ><img loading=\"lazy\" decoding=\"async\" src=\"http:\/\/www.primerbrief.com\/wp-content\/uploads\/2012\/11\/ARG-MilCarasChavoDEmilio-580px.jpg\" alt=\"\" title=\"ARG-MilCarasChavoDEmilio-580px\" width=\"580\" height=\"292\" class=\"alignleft size-full wp-image-14679\" srcset=\"https:\/\/www.primerbrief.com\/wp-content\/uploads\/2012\/11\/ARG-MilCarasChavoDEmilio-580px.jpg 580w, https:\/\/www.primerbrief.com\/wp-content\/uploads\/2012\/11\/ARG-MilCarasChavoDEmilio-580px-300x150.jpg 300w\" sizes=\"auto, (max-width: 580px) 100vw, 580px\" \/><\/a><br \/>\n<em>El Chavo D&#8217;Emilio naci\u00f3 el 22 de mayo de 1972 y empez\u00f3 a trabajar en publicidad a los 20 a\u00f1os.<\/em><\/p>\n<p>&nbsp;<br \/>\n<strong>\u00bfQui\u00e9n es el Chavo D&#8217;Emilio?<\/strong><br \/>\nComenz\u00f3 a trabajar como redactor en 1996, en Lautrec Nazca Saatchi &#038; Saatchi. Luego de un breve paso por Publicis Buenos Aires y Leo Burnett Chile lleg\u00f3 a Del Campo Nazca Saatchi &#038; Saatchi, donde fue director general creativo, . En esa agencia gan\u00f3 premios con trabajos para marcas como Procter &#038; Gamble (Pampers y Ariel) y el Zoo de Buenos Aires. En 2005 lleg\u00f3 a McCann-Erickson Argentina, donde fue co-CEO y DGC durante tres a\u00f1os junto a Pap\u00f3n Ricciarelli y donde se destac\u00f3 con dos proyectos muy importantes para marcas como Chevrolet y MasterCard: la pel\u00edcula de cine <em>La leyenda<\/em> en asociaci\u00f3n con General Motors y Pampa Films (de la que fue coguionista) y el programa de televisi\u00f3n regional <em>Pasi\u00f3n Latina<\/em> para MasterCard asociada con Fox Sport. Entre 2008 y 2012 diversific\u00f3 sus intereses: por un lado, estivo focalizado en proyectos y pitchs regionales y globales de McCann; por otro, despunt\u00f3 su segunda gran pasi\u00f3n, el cine, escribiendo y dirigiendo <em>La despedida<\/em>.<\/p>\n<p><strong>\u00bfQu\u00e9 es <em>La despedida<\/em>?<\/strong><br \/>\nUna pel\u00edcula incre\u00edble, filmada con una pasi\u00f3n poco com\u00fan, ligada al esp\u00edritu del f\u00fatbol amateur, la amistad de tres jugadores veteranos y los gui\u00f1os del final de la carrera de uno de los tres. Aqu\u00ed est\u00e1 el trailer, pero vale la pena intentar verla completa:<\/p>\n<p><iframe loading=\"lazy\" width=\"580\" height=\"435\" src=\"http:\/\/www.youtube.com\/embed\/zLsZt_airIs\" frameborder=\"0\" allowfullscreen><\/iframe><br \/>\n<em>\u00abLa despedida\u00bb (Argentina, 2012, 87 min). Director: Juan Manuel \u00abChavo\u00bb D&#8217;Emilio. Productor ejecutivo: Gabriel Pastore. Director de fotograf\u00eda: Daniel Ortega. Directora de arte: Mar\u00eda Battaglia. Asistente de direcci\u00f3n: Mariela Osorio. Jefe de producci\u00f3n: Juan de Francesco. Montajista: Natacha Valerga. Director de sonido: Fernando Soldevila. M\u00fasica: Christian Basso. Elenco: Carlos Issa, Natalia Lobo, H\u00e9ctor D\u00edaz, Fernando \u00abRifle\u00bb Pandolfi\u00bb.<\/em><\/p>\n<p>&nbsp;<br \/>\n<strong>\u00bfDe qu\u00e9 hablar\u00e1 el Chavo D&#8217;Emilio en la UADE la semana que viene?<\/strong><br \/>\nDe CULTURA POP: ese ser\u00e1 el t\u00edtulo de su conferencia.<\/p>\n<p><strong>\u00bfCu\u00e1ntos premios gan\u00f3 el Chavo D&#8217;Emilio en su carrera?<\/strong><br \/>\nNueve leones en Cannes (cinco de oro, tres de plata y uno de bronce). Diecisiete estatuillas en los Clio Awards (dos de oro, dos de plata, 13 de bronce). Cincuenta y dos premios del Festival Iberoamericano de Publicidad (FIAP). Ocho Soles de Iberoam\u00e9rica (el Grand Prix del FIAP). Tres primeros premios en El Sol (Espa\u00f1a). Seis Young Gunns, un Yellow Pencil en los D&#038;AD, tres medallas en Londres, ocho Cresta Awards, diez medallas de los New York Festivals, un Grand Prix en Montreaux, un Grand Prix del C\u00edrculo de Creativos Argentinos, veinte primeros premios del mismo C\u00edrculo y una elecci\u00f3n como mejor director creativo de la Argentina en El Ojo de Iberoam\u00e9rica 2004, entre otros.<\/p>\n<p><strong>\u00bfY en qu\u00e9 anda ahora?<\/strong><br \/>\nMir\u00e1, el mejor modo de enterarte es leyendo <a href=\"http:\/\/www.adlatina.com\/publicidad\/mccann-buenos-aires-pasar-al-siguiente-nivel\" onclick=\"_gaq.push(['_trackEvent', 'outbound-article', 'http:\/\/www.adlatina.com\/publicidad\/mccann-buenos-aires-pasar-al-siguiente-nivel', 'esta entrevista']);\" target=\"_blank\">esta entrevista<\/a> que Adlatina les hizo a \u00e9l y a Santiago Puiggari como DGC y CEO de McCann Buenos Aires hace exactamente un mes, el 3 de octubre pasado.<\/p>\n<div style=\" background-color:#F4F4F4; width:560px; float:left; padding:10px; margin-top:20px; margin-bottom:20px; border-top:solid 10px #CCCCCC; border-bottom:solid 10px #CCCCCC; line-height:16px; font-size:12px\">\n<img decoding=\"async\" style=\"width:560px; border-top:solid 0px; border-right:solid 0px; border-bottom:solid 0px; border-left:solid 0px; margin-bottom:10px; float:left\" src=\"http:\/\/www.primerbrief.com\/wp-content\/uploads\/2011\/07\/PB-RecuadroMasInfo.jpg\" \/><br \/>\n&nbsp;<br \/>\nT\u00cdTULO DE LA CONFERENCIA: <em>Cultura pop<\/em>.<br \/>\nEXPOSITOR: Chavo D&#8217;Emilio.<br \/>\nLUGAR: Sal\u00f3n Auditorio de la UADE.<br \/>\nFECHA: Martes 13 de noviembre de 2012.<br \/>\nHORA: 7 de la tarde.<br \/>\nDIRECCI\u00d3N: Lima 717, Buenos Aires, Argentina.<br \/>\nENTRADA: Libre y gratuita.<br \/>\nCUPO: 150 personas.<br \/>\nC\u00d3MO INSCRIBIRSE: Entr\u00e1 a <a href=\"http:\/\/eepurl.com\/rulZr\" onclick=\"_gaq.push(['_trackEvent', 'outbound-article', 'http:\/\/eepurl.com\/rulZr', 'eepurl.com\/rulZr']);\" target=\"_blank\">eepurl.com\/rulZr<\/a>, complet\u00e1 el formulario y \u00a1listo, s\u00f3lo asegurate de ir el martes que viene!\n<\/div>\n<div align=\"left\">&#160;<\/div>\n<div align=\"left\">&#160;<\/div>\n","protected":false},"excerpt":{"rendered":"<p>(ARGENTINA) &#8211; Llega el primer evento internacional de PRIMER BRIEF: en una coproducci\u00f3n con Conferencias Publicitarias de Colombia, este martes 13 presentaremos en la UADE nada menos que al Chavo D&#8217;Emilio, que a los 40 a\u00f1os es el director general creativo de McCann-Erickson Buenos Aires y tiene detr\u00e1s una carrera brillante que incluye cinco leones de oro de Cannes y [&hellip;]<\/p>\n","protected":false},"author":3,"featured_media":14677,"comment_status":"open","ping_status":"open","sticky":false,"template":"","format":"standard","meta":{"footnotes":""},"categories":[3],"tags":[26,1990,88,1093,104,1992,1991],"class_list":["post-14675","post","type-post","status-publish","format-standard","has-post-thumbnail","hentry","category-institucional","tag-argentina","tag-chavo-demilio-argentina","tag-colombia","tag-conferencias-publicitarias-colombia","tag-iberoamerica","tag-mccann-erickson-argentina","tag-universidad-argentina-de-la-empresa-uade-argentina"],"_links":{"self":[{"href":"https:\/\/www.primerbrief.com\/index.php?rest_route=\/wp\/v2\/posts\/14675","targetHints":{"allow":["GET"]}}],"collection":[{"href":"https:\/\/www.primerbrief.com\/index.php?rest_route=\/wp\/v2\/posts"}],"about":[{"href":"https:\/\/www.primerbrief.com\/index.php?rest_route=\/wp\/v2\/types\/post"}],"author":[{"embeddable":true,"href":"https:\/\/www.primerbrief.com\/index.php?rest_route=\/wp\/v2\/users\/3"}],"replies":[{"embeddable":true,"href":"https:\/\/www.primerbrief.com\/index.php?rest_route=%2Fwp%2Fv2%2Fcomments&post=14675"}],"version-history":[{"count":5,"href":"https:\/\/www.primerbrief.com\/index.php?rest_route=\/wp\/v2\/posts\/14675\/revisions"}],"predecessor-version":[{"id":14696,"href":"https:\/\/www.primerbrief.com\/index.php?rest_route=\/wp\/v2\/posts\/14675\/revisions\/14696"}],"wp:featuredmedia":[{"embeddable":true,"href":"https:\/\/www.primerbrief.com\/index.php?rest_route=\/wp\/v2\/media\/14677"}],"wp:attachment":[{"href":"https:\/\/www.primerbrief.com\/index.php?rest_route=%2Fwp%2Fv2%2Fmedia&parent=14675"}],"wp:term":[{"taxonomy":"category","embeddable":true,"href":"https:\/\/www.primerbrief.com\/index.php?rest_route=%2Fwp%2Fv2%2Fcategories&post=14675"},{"taxonomy":"post_tag","embeddable":true,"href":"https:\/\/www.primerbrief.com\/index.php?rest_route=%2Fwp%2Fv2%2Ftags&post=14675"}],"curies":[{"name":"wp","href":"https:\/\/api.w.org\/{rel}","templated":true}]}}