{"id":1483,"date":"2011-09-01T03:59:10","date_gmt":"2011-09-01T06:59:10","guid":{"rendered":"http:\/\/www.primerbrief.com\/?p=1483"},"modified":"2011-09-15T11:57:31","modified_gmt":"2011-09-15T14:57:31","slug":"el-ultimo-dia-como-alumna","status":"publish","type":"post","link":"https:\/\/www.primerbrief.com\/?p=1483","title":{"rendered":"El \u00faltimo d\u00eda como alumna"},"content":{"rendered":"<p><span style=\"font-size: 11pt\"><strong>Cabrera tuvo que rendir su \u00faltimo final y recibir los inevitables huevazos en la cara para descubrir por qu\u00e9, tres a\u00f1os antes, hab\u00eda decidido estudiar publicidad.<\/strong><\/span><\/p>\n<p><a href=\"http:\/\/www.primerbrief.com\/wp-content\/uploads\/2011\/08\/ARG-FlorenciaCabrera-GR.jpg\" onclick=\"_gaq.push(['_trackEvent', 'outbound-article-int', 'http:\/\/www.primerbrief.com\/wp-content\/uploads\/2011\/08\/ARG-FlorenciaCabrera-GR.jpg', '']);\" ><img loading=\"lazy\" decoding=\"async\" src=\"http:\/\/www.primerbrief.com\/wp-content\/uploads\/2011\/08\/ARG-FlorenciaCabrera-580px.jpg\" alt=\"\" title=\"ARG-FlorenciaCabrera-580px\" width=\"580\" height=\"385\" class=\"alignleft size-full wp-image-1486\" srcset=\"https:\/\/www.primerbrief.com\/wp-content\/uploads\/2011\/08\/ARG-FlorenciaCabrera-580px.jpg 580w, https:\/\/www.primerbrief.com\/wp-content\/uploads\/2011\/08\/ARG-FlorenciaCabrera-580px-300x199.jpg 300w\" sizes=\"auto, (max-width: 580px) 100vw, 580px\" \/><\/a><br \/>\nPor <strong>Florencia Cabrera<\/strong> (Argentina)<br \/>\n<em>Directora de arte por el Instituto Superior de Publicidad (AAP) y actual directora de arte en Macomunicaci\u00f3n<\/em><\/p>\n<p>Realmente, si tengo que elegir un d\u00eda de todos mis d\u00edas como estudiante de publicidad, elijo el \u00faltimo.<\/p>\n<p>No porque fue el d\u00eda en que me recib\u00ed, no porque ese d\u00eda termin\u00e9 la carrera (m\u00e1s all\u00e1 de que esta carrera se nutre del vivir aprendiendo), sino porque fue el d\u00eda en que entend\u00ed todo, entend\u00ed y supe responder la famosa pregunta de: \u00ab\u00bfPor qu\u00e9 elegiste estudiar publicidad?\u00bb.<\/p>\n<p>Ese d\u00eda, por supuesto, ten\u00eda que dar mi \u00faltimo final. En mi caso y en el de varios era el de Producci\u00f3n Audiovisual. As\u00ed es que uno puede pensar, \u00abbueno, es un video, ya est\u00e1 filmado, no hay vuelta que darle y s\u00f3lo nos resta esperar\u00bb, uno cree que por haber estado renderizando un video toda la noche ya est\u00e1 entregado, pero no es as\u00ed, es incre\u00edble c\u00f3mo de repente se puede empezar a cuestionar hasta nuestra existencia en ese tipo de situaciones.<\/p>\n<p>El profesor termin\u00f3 de ver el video, puso pausa (se sumaron segundos que me hicieron entender el significado de eternidad), nos mir\u00f3 a nosotros, me mir\u00f3 a m\u00ed, a mis compa\u00f1eros, nos puso caras, titube\u00f3 y dijo: \u00abMe voy a fumar un pucho\u00bb. Todos saben lo creativo que puede ser uno a la hora de maldecir, as\u00ed que no hace falta que lo explique.<\/p>\n<p>Cuando volvi\u00f3 era otra escena totalmente diferente (ah\u00ed, como ven, pude demostrar mis conocimientos de gui\u00f3n t\u00e9cnico): est\u00e1bamos todos cambiados, con joggings y musculosas que hab\u00edan sido castigadas por el uso y la lavandina, que s\u00f3lo quer\u00eda borrar ese abuso; con carteles colgando del cuello que rezaban \u00abDirector\/a de arte\u00bb y unas sonrisas que ni un nene con 5 chupetines podr\u00eda haber manifestado.<\/p>\n<p>Era rid\u00edculo, todos d\u00e1bamos por sentado que est\u00e1bamos, no aprobados, aprobad\u00edsimos, y a\u00fan as\u00ed segu\u00eda el suspenso.<\/p>\n<p>En ese momento uno no sabe ni c\u00f3mo se llama, se cuestiona hasta por qu\u00e9 eligi\u00f3 sentarse donde se sent\u00f3, se piensan cosas como \u00abseguro que si hoy me tomaba el subte en vez del colectivo me iba mejor\u00bb, \u00abseguro que si ayer llamaba a mi abuela para preguntarle c\u00f3mo estaba, hoy ten\u00eda buen karma y aprobaba la materia\u00bb&#8230; Claramente, en ese mismo instante uno no tiene NADA en claro.<\/p>\n<p>Pero, como todo en la vida, es cuesti\u00f3n de tiempo (y esfuerzo).<\/p>\n<p>Aprob\u00e9.<br \/>\nSalt\u00e9.<br \/>\nGrit\u00e9.<br \/>\nAbrac\u00e9.<br \/>\nSe me cay\u00f3 el cartel de \u00abDirectora de arte\u00bb.<br \/>\nLo agarr\u00e9.<br \/>\nBaj\u00e9 tres escaleras.<br \/>\nLas sub\u00ed de vuelta porque me hab\u00eda olvidado la libreta.<br \/>\nLlegu\u00e9 a planta baja.<br \/>\nMe dijeron que ten\u00eda que volver a que me firmaran la libreta para recibirme.<br \/>\nMe desesper\u00e9.<br \/>\nSal\u00ed a la calle.<\/p>\n<p>Y as\u00ed fue c\u00f3mo creo que entre mi sangre hoy en d\u00eda corren pedacitos de c\u00e1scaras de huevos.<\/p>\n<p>As\u00ed fue c\u00f3mo, entre la lluvia de polvito Tang, champagne, Coca-Zero (nadie sabe por qu\u00e9 Zero y no com\u00fan), harina y dem\u00e1s cosas que en la actualidad no puedo ni ver, pude comprender todo eso que me ven\u00eda preguntando.<\/p>\n<p>Estudi\u00e9 publicidad porque es lo que me gusta. Estudi\u00e9 publicidad porque me dej\u00e9 llevar, porque entend\u00ed ese impulso como algo que me iba a hacer feliz, y me convenc\u00ed de que era el \u00fanico motivo por el cual pod\u00eda levantarme todos los d\u00edas con un nuevo motivo. Porque el desaf\u00edo implica que cada d\u00eda ten\u00e9s que hacer algo diferente al anterior y al pr\u00f3ximo, y ese desaf\u00edo es el que nos crea un valor a cada uno como persona.<br \/>\nSer creativo o no es algo que lo defin\u00eds vos, y por suerte, eso lo entend\u00e9s el \u00faltimo d\u00eda de tu primer d\u00eda.<br \/>\nEl d\u00eda en que sab\u00e9s que dej\u00e1s de ser un estudiante, para pasar a ser varios: el que aprende, el que observa, el que trabaja, el que lee, el que dibuja, el que crea, el que se esfuerza, el que piensa y el que, por sobre todas las cosas, nunca va a dejar de estudiar.<\/p>\n<div align=\"right\"><strong>Florencia Cabrera<\/strong><\/div>\n","protected":false},"excerpt":{"rendered":"<p>Cabrera tuvo que rendir su \u00faltimo final y recibir los inevitables huevazos en la cara para descubrir por qu\u00e9, tres a\u00f1os antes, hab\u00eda decidido estudiar publicidad. Por Florencia Cabrera (Argentina) Directora de arte por el Instituto Superior de Publicidad (AAP) y actual directora de arte en Macomunicaci\u00f3n Realmente, si tengo que elegir un d\u00eda de todos mis d\u00edas como estudiante [&hellip;]<\/p>\n","protected":false},"author":3,"featured_media":1484,"comment_status":"open","ping_status":"open","sticky":false,"template":"","format":"standard","meta":{"footnotes":""},"categories":[162],"tags":[26,164,63,294],"class_list":["post-1483","post","type-post","status-publish","format-standard","has-post-thumbnail","hentry","category-fuera-del-tarro","tag-argentina","tag-florencia-cabrera-argentina","tag-instituto-superior-de-publicidad-argentina","tag-macomunicacion-argentina"],"_links":{"self":[{"href":"https:\/\/www.primerbrief.com\/index.php?rest_route=\/wp\/v2\/posts\/1483","targetHints":{"allow":["GET"]}}],"collection":[{"href":"https:\/\/www.primerbrief.com\/index.php?rest_route=\/wp\/v2\/posts"}],"about":[{"href":"https:\/\/www.primerbrief.com\/index.php?rest_route=\/wp\/v2\/types\/post"}],"author":[{"embeddable":true,"href":"https:\/\/www.primerbrief.com\/index.php?rest_route=\/wp\/v2\/users\/3"}],"replies":[{"embeddable":true,"href":"https:\/\/www.primerbrief.com\/index.php?rest_route=%2Fwp%2Fv2%2Fcomments&post=1483"}],"version-history":[{"count":11,"href":"https:\/\/www.primerbrief.com\/index.php?rest_route=\/wp\/v2\/posts\/1483\/revisions"}],"predecessor-version":[{"id":2836,"href":"https:\/\/www.primerbrief.com\/index.php?rest_route=\/wp\/v2\/posts\/1483\/revisions\/2836"}],"wp:featuredmedia":[{"embeddable":true,"href":"https:\/\/www.primerbrief.com\/index.php?rest_route=\/wp\/v2\/media\/1484"}],"wp:attachment":[{"href":"https:\/\/www.primerbrief.com\/index.php?rest_route=%2Fwp%2Fv2%2Fmedia&parent=1483"}],"wp:term":[{"taxonomy":"category","embeddable":true,"href":"https:\/\/www.primerbrief.com\/index.php?rest_route=%2Fwp%2Fv2%2Fcategories&post=1483"},{"taxonomy":"post_tag","embeddable":true,"href":"https:\/\/www.primerbrief.com\/index.php?rest_route=%2Fwp%2Fv2%2Ftags&post=1483"}],"curies":[{"name":"wp","href":"https:\/\/api.w.org\/{rel}","templated":true}]}}