{"id":16161,"date":"2013-01-16T03:59:34","date_gmt":"2013-01-16T06:59:34","guid":{"rendered":"http:\/\/www.primerbrief.com\/?p=16161"},"modified":"2013-05-26T16:20:28","modified_gmt":"2013-05-26T19:20:28","slug":"el-cdec-abrio-las-inscripciones-de-su-anuario-de-creatividad-que-acepta-estudiantes","status":"publish","type":"post","link":"https:\/\/www.primerbrief.com\/?p=16161","title":{"rendered":"El CdeC abri\u00f3 las inscripciones de su anuario de creatividad, que acepta estudiantes"},"content":{"rendered":"<p><span style=\"font-size: 11pt\"><strong>(ESPA\u00d1A) &#8211; El <a href=\"http:\/\/www.clubdecreativos.com\/\" onclick=\"_gaq.push(['_trackEvent', 'outbound-article', 'http:\/\/www.clubdecreativos.com\/', 'Club de Creativos de Espa\u00f1a']);\" target=\"_blank\">Club de Creativos de Espa\u00f1a<\/a> abri\u00f3 la inscripci\u00f3n a su Anuario de Creatividad, con un agregado para que puedan inscribirse estudiantes. Podr\u00e1n participar todos los estudiantes de publicidad, comunicaci\u00f3n y de ense\u00f1anzas art\u00edsticas superiores de dise\u00f1o gr\u00e1fico y titulados menores de 26 a\u00f1os de las escuelas y universidades de toda Espa\u00f1a<\/strong><\/span><\/p>\n<p><a href=\"http:\/\/www.primerbrief.com\/wp-content\/uploads\/2013\/01\/ESP-EstudiantesEnElAnuarioCreatividadCdeC-GR.jpg\" onclick=\"_gaq.push(['_trackEvent', 'outbound-article-int', 'http:\/\/www.primerbrief.com\/wp-content\/uploads\/2013\/01\/ESP-EstudiantesEnElAnuarioCreatividadCdeC-GR.jpg', '']);\" ><img loading=\"lazy\" decoding=\"async\" src=\"http:\/\/www.primerbrief.com\/wp-content\/uploads\/2013\/01\/ESP-EstudiantesEnElAnuarioCreatividadCdeC-580px.jpg\" alt=\"\" title=\"ESP-EstudiantesEnElAnuarioCreatividadCdeC-580px\" width=\"580\" height=\"289\" class=\"alignleft size-full wp-image-16174\" srcset=\"https:\/\/www.primerbrief.com\/wp-content\/uploads\/2013\/01\/ESP-EstudiantesEnElAnuarioCreatividadCdeC-580px.jpg 580w, https:\/\/www.primerbrief.com\/wp-content\/uploads\/2013\/01\/ESP-EstudiantesEnElAnuarioCreatividadCdeC-580px-300x150.jpg 300w\" sizes=\"auto, (max-width: 580px) 100vw, 580px\" \/><\/a><br \/>\n<em>Los jurados que juzgar\u00e1n los trabajos de los estudiantes ser\u00e1n, por disciplina, los mismos que juzgar\u00e1n los trabajos de los profesionales: el listado completo puede verse <a href=\"http:\/\/www.clubdecreativos.com\/academia\/jurado-del-xiv-anuario-de-creatividad-espanola\" onclick=\"_gaq.push(['_trackEvent', 'outbound-article', 'http:\/\/www.clubdecreativos.com\/academia\/jurado-del-xiv-anuario-de-creatividad-espanola', 'en este link']);\" target=\"_blank\">en este link<\/a>.<\/em><\/p>\n<p>&nbsp;<br \/>\n<img loading=\"lazy\" decoding=\"async\" src=\"http:\/\/www.primerbrief.com\/wp-content\/uploads\/2011\/06\/staff-ignacio1.jpg\" width=\"60\" height=\"60\" class=\"alignleft size-full wp-image-4110\" style=\"margin: 0px 10px 0px 0px\" \/><strong>POR <a href=\"http:\/\/www.primerbrief.com\/?tag=ignacio-rodriguez-espana\" onclick=\"_gaq.push(['_trackEvent', 'outbound-article-int', 'http:\/\/www.primerbrief.com\/?tag=ignacio-rodriguez-espana', 'IGNACIO RODR\u00cdGUEZ']);\" target=\"_blank\">IGNACIO RODR\u00cdGUEZ<\/a><\/strong><br \/>\nDe la redacci\u00f3n de PB<br \/>\n<em>(Fotos: CdeC)<\/em><\/p>\n<p style=\"clear:left;\">\n<p>&nbsp;<br \/>\nEl club de Creativos de Espa\u00f1a da comienzo a las inscripciones para el <em>Anuario de Creatividad Publicitaria Espa\u00f1ola 2013<\/em>. El concurso tiene la finalidad de premiar a todas las disciplinas que se contemplan en la comunicaci\u00f3n comercial.<\/p>\n<p>Las piezas que participar\u00e1n son las que hayan sido creadas o difundidas entre el 1\u00b0 de enero de 2012 y el 21 de enero de 2013, y la inscripci\u00f3n (que puede ser individual o grupal) cierra el mismo 21 de enero.<\/p>\n<p>Se premiar\u00e1, como habitualmente se hace, por un lado la <em>idea<\/em> y por el otro la <em>ejecuci\u00f3n<\/em> (\u00e9sta, a su vez, subdividida en piezas gr\u00e1ficas, audiovisuales e interactivas).<\/p>\n<p>El agregado que tiene el concurso este a\u00f1o es que se crear\u00e1 un \u00e1rea reservada para los j\u00f3venes que a\u00fan se encuentran estudiando, y que quieren demostrar su talento.<\/p>\n<p>Quienes quieran <a href=\"http:\/\/www.clubdecreativos.com\/cdec\/inscripcion-estudiantes?utm_medium=email&#038;utm_campaign=News+c+de+c+|+Diciembre&#038;utm_source=NAVIDAD&#038;utm_term=hey6_06_4.jpg\" onclick=\"_gaq.push(['_trackEvent', 'outbound-article', 'http:\/\/www.clubdecreativos.com\/cdec\/inscripcion-estudiantes?utm_medium=email&#038;utm_campaign=News+c+de+c+|+Diciembre&#038;utm_source=NAVIDAD&#038;utm_term=hey6_06_4.jpg', 'participar']);\" target=\"_blank\">participar<\/a> deben ser estudiantes de escuelas o universidades de toda Espa\u00f1a, menores de 26 a\u00f1os. La inscripci\u00f3n cierra el 21 de enero, y la fecha para recepci\u00f3n de las piezas es desde el 4 hasta el 11 de febrero.<br \/>\n&nbsp;<br \/>\n&nbsp;<\/p>\n","protected":false},"excerpt":{"rendered":"<p>(ESPA\u00d1A) &#8211; El Club de Creativos de Espa\u00f1a abri\u00f3 la inscripci\u00f3n a su Anuario de Creatividad, con un agregado para que puedan inscribirse estudiantes. Podr\u00e1n participar todos los estudiantes de publicidad, comunicaci\u00f3n y de ense\u00f1anzas art\u00edsticas superiores de dise\u00f1o gr\u00e1fico y titulados menores de 26 a\u00f1os de las escuelas y universidades de toda Espa\u00f1a Los jurados que juzgar\u00e1n los trabajos [&hellip;]<\/p>\n","protected":false},"author":1,"featured_media":16172,"comment_status":"open","ping_status":"open","sticky":false,"template":"","format":"standard","meta":{"footnotes":""},"categories":[516],"tags":[1003,414,48,1405],"class_list":["post-16161","post","type-post","status-publish","format-standard","has-post-thumbnail","hentry","category-agenda-de-concursos","tag-club-de-creativos-de-espana","tag-concursos","tag-espana","tag-ignacio-rodriguez-espana"],"_links":{"self":[{"href":"https:\/\/www.primerbrief.com\/index.php?rest_route=\/wp\/v2\/posts\/16161","targetHints":{"allow":["GET"]}}],"collection":[{"href":"https:\/\/www.primerbrief.com\/index.php?rest_route=\/wp\/v2\/posts"}],"about":[{"href":"https:\/\/www.primerbrief.com\/index.php?rest_route=\/wp\/v2\/types\/post"}],"author":[{"embeddable":true,"href":"https:\/\/www.primerbrief.com\/index.php?rest_route=\/wp\/v2\/users\/1"}],"replies":[{"embeddable":true,"href":"https:\/\/www.primerbrief.com\/index.php?rest_route=%2Fwp%2Fv2%2Fcomments&post=16161"}],"version-history":[{"count":4,"href":"https:\/\/www.primerbrief.com\/index.php?rest_route=\/wp\/v2\/posts\/16161\/revisions"}],"predecessor-version":[{"id":18376,"href":"https:\/\/www.primerbrief.com\/index.php?rest_route=\/wp\/v2\/posts\/16161\/revisions\/18376"}],"wp:featuredmedia":[{"embeddable":true,"href":"https:\/\/www.primerbrief.com\/index.php?rest_route=\/wp\/v2\/media\/16172"}],"wp:attachment":[{"href":"https:\/\/www.primerbrief.com\/index.php?rest_route=%2Fwp%2Fv2%2Fmedia&parent=16161"}],"wp:term":[{"taxonomy":"category","embeddable":true,"href":"https:\/\/www.primerbrief.com\/index.php?rest_route=%2Fwp%2Fv2%2Fcategories&post=16161"},{"taxonomy":"post_tag","embeddable":true,"href":"https:\/\/www.primerbrief.com\/index.php?rest_route=%2Fwp%2Fv2%2Ftags&post=16161"}],"curies":[{"name":"wp","href":"https:\/\/api.w.org\/{rel}","templated":true}]}}