{"id":16281,"date":"2013-01-25T03:59:52","date_gmt":"2013-01-25T06:59:52","guid":{"rendered":"http:\/\/www.primerbrief.com\/?p=16281"},"modified":"2013-01-25T09:25:53","modified_gmt":"2013-01-25T12:25:53","slug":"carlos-bayala-elige-a-un-becario-para-el-laboratorio","status":"publish","type":"post","link":"https:\/\/www.primerbrief.com\/?p=16281","title":{"rendered":"Carlos Bayala elige a un becario para El Laboratorio"},"content":{"rendered":"<p><span style=\"font-size: 11pt\"><strong>(URUGUAY) &#8211; Carlos Bayala ofrece una beca para el curso de Redacci\u00f3n o Direcci\u00f3n de Arte que dicta <a href=\"http:\/\/www.ellaboratorio.edu.uy\/\" onclick=\"_gaq.push(['_trackEvent', 'outbound-article', 'http:\/\/www.ellaboratorio.edu.uy\/', 'El Laboratorio']);\" target=\"_blank\">El Laboratorio<\/a>, el centro de ense\u00f1anza del C\u00edrculo Uruguayo de la Publicidad. Para gan\u00e1rtela ten\u00e9s que pensar una propuesta de una acci\u00f3n social solidaria. Ten\u00e9s tiempo hasta el 31 de este mes.<\/strong><\/span><\/p>\n<p><a href=\"http:\/\/www.primerbrief.com\/wp-content\/uploads\/2013\/01\/URU-CarlosBayalaEnElLaboratorio-FotoOkiGuzman-GR.jpg\" onclick=\"_gaq.push(['_trackEvent', 'outbound-article-int', 'http:\/\/www.primerbrief.com\/wp-content\/uploads\/2013\/01\/URU-CarlosBayalaEnElLaboratorio-FotoOkiGuzman-GR.jpg', '']);\" ><img loading=\"lazy\" decoding=\"async\" src=\"http:\/\/www.primerbrief.com\/wp-content\/uploads\/2013\/01\/URU-CarlosBayalaEnElLaboratorio-FotoOkiGuzman-580px.jpg\" alt=\"\" title=\"URU-CarlosBayalaEnElLaboratorio-FotoOkiGuzman-580px\" width=\"580\" height=\"346\" class=\"alignleft size-full wp-image-16300\" srcset=\"https:\/\/www.primerbrief.com\/wp-content\/uploads\/2013\/01\/URU-CarlosBayalaEnElLaboratorio-FotoOkiGuzman-580px.jpg 580w, https:\/\/www.primerbrief.com\/wp-content\/uploads\/2013\/01\/URU-CarlosBayalaEnElLaboratorio-FotoOkiGuzman-580px-300x178.jpg 300w\" sizes=\"auto, (max-width: 580px) 100vw, 580px\" \/><\/a><br \/>\n<em>Carlos Bayala elegir\u00e1 entre las propuestas ganadoras. (Foto: Octavio Guzm\u00e1n, PB)<\/em><\/p>\n<p>&nbsp;<br \/>\n<a href=\"http:\/\/www.primerbrief.com\/wp-content\/uploads\/2013\/01\/URU-CarlosBayalaAficheElLaboratorio-GR.jpg\" onclick=\"_gaq.push(['_trackEvent', 'outbound-article-int', 'http:\/\/www.primerbrief.com\/wp-content\/uploads\/2013\/01\/URU-CarlosBayalaAficheElLaboratorio-GR.jpg', '']);\" ><img loading=\"lazy\" decoding=\"async\" src=\"http:\/\/www.primerbrief.com\/wp-content\/uploads\/2013\/01\/URU-CarlosBayalaAficheElLaboratorio-200px.jpg\" alt=\"\" title=\"URU-CarlosBayalaAficheElLaboratorio-200px\" width=\"200\" height=\"141\" class=\"alignleft size-full wp-image-16296\" style=\"margin: 0px 10px 0px 0px\" \/><\/a><em>El afiche que promociona el concurso.<\/em><\/p>\n<p>La escuela de creatividad perteneciente al C\u00edrculo Uruguayo de la Publicidad dicta un a\u00f1o m\u00e1s sus cursos de redacci\u00f3n y Direcci\u00f3n de Arte. Y la novedad para 2013 es que Carlos Bayala (DGC y socio de Madre Buenos Aires) va a elegir a un socio del c\u00edrculo y lo va a becar para que haga uno de los dos cursos completos sin costo alguno. Ambos cursos tienen una duraci\u00f3n de ocho meses (de marzo a noviembre de 2013) y son de cupos limitados (15 alumnos). El curso de Direcci\u00f3n de Arte se dicta los d\u00edas lunes, mi\u00e9rcoles y viernes de 19 a 21:30 y tiene un valor de $ 5.800 (pesos uruguayos) por mes para quienes son socios del C\u00edrculo y $ 7.800 para quienes no son socios. El curso de Redacci\u00f3n, en cambio, se da los d\u00edas martes y jueves de 19 a 21:30 y el valor es de $ 4.700 por mes para socios y $ 6.700 para no socios.<\/p>\n<p>Los interesados en obtener la beca deber\u00e1n enviar un email a <a href=\"mailto:beca@ellaboratorio.edu.uy\" onclick=\"_gaq.push(['_trackEvent','mailto','beca@ellaboratorio.edu.uy']);\" ><\/a>beca@ellaboratorio.edu.uy con una simple propuesta: deber\u00e1 ser una acci\u00f3n de bien p\u00fablico, que debe ser realizable (en caso de salir elegido) y beneficioso para la fundaci\u00f3n. La fecha l\u00edmite para enviar tu propuesta es el 31 de enero. Carlos evaluar\u00e1 entre las ideas enviadas.<\/p>\n<p>Si est\u00e1s interesado en participar pero no sos socio del C\u00edrculo, pod\u00e9s asociarte (ya seas profesional o estudiante) en su <a href=\"http:\/\/www.circulopublicidad.com\/suscripcion\/\" onclick=\"_gaq.push(['_trackEvent', 'outbound-article', 'http:\/\/www.circulopublicidad.com\/suscripcion\/', 'web de inscripci\u00f3n']);\" target=\"_blank\">web de inscripci\u00f3n<\/a>. El valor de la suscripci\u00f3n es de $130 por mes y existe un descuento del 10 por ciento por pago anual.<\/p>\n<p>Finalmente, si ya sos socio del C\u00edrculo, y ten\u00e9s ganas de participar en alg\u00fan taller, pero no ten\u00e9s tiempo de hacer los cursos completos, El Laboratorio tiene un cupo de cinco estudiantes por taller, para que puedas cursar alguna materia en particular que te interese. Si te interesa pod\u00e9s llamar al n\u00famero 2-401-72-68 y pedir m\u00e1s informaci\u00f3n.<br \/>\n&nbsp;<br \/>\n&nbsp;<\/p>\n","protected":false},"excerpt":{"rendered":"<p>(URUGUAY) &#8211; Carlos Bayala ofrece una beca para el curso de Redacci\u00f3n o Direcci\u00f3n de Arte que dicta El Laboratorio, el centro de ense\u00f1anza del C\u00edrculo Uruguayo de la Publicidad. Para gan\u00e1rtela ten\u00e9s que pensar una propuesta de una acci\u00f3n social solidaria. Ten\u00e9s tiempo hasta el 31 de este mes. Carlos Bayala elegir\u00e1 entre las propuestas ganadoras. (Foto: Octavio Guzm\u00e1n, [&hellip;]<\/p>\n","protected":false},"author":1,"featured_media":16298,"comment_status":"open","ping_status":"open","sticky":false,"template":"","format":"standard","meta":{"footnotes":""},"categories":[5],"tags":[749,224,223,2260,408,31],"class_list":["post-16281","post","type-post","status-publish","format-standard","has-post-thumbnail","hentry","category-lugares-de-estudio","tag-carlos-bayala-argentina","tag-circulo-uruguayo-de-la-publicidad","tag-el-laboratorio-uruguay","tag-mario-taglioretti-uruguay","tag-talleres-del-circulo-uruguayo-de-la-publicidad","tag-uruguay"],"_links":{"self":[{"href":"https:\/\/www.primerbrief.com\/index.php?rest_route=\/wp\/v2\/posts\/16281","targetHints":{"allow":["GET"]}}],"collection":[{"href":"https:\/\/www.primerbrief.com\/index.php?rest_route=\/wp\/v2\/posts"}],"about":[{"href":"https:\/\/www.primerbrief.com\/index.php?rest_route=\/wp\/v2\/types\/post"}],"author":[{"embeddable":true,"href":"https:\/\/www.primerbrief.com\/index.php?rest_route=\/wp\/v2\/users\/1"}],"replies":[{"embeddable":true,"href":"https:\/\/www.primerbrief.com\/index.php?rest_route=%2Fwp%2Fv2%2Fcomments&post=16281"}],"version-history":[{"count":10,"href":"https:\/\/www.primerbrief.com\/index.php?rest_route=\/wp\/v2\/posts\/16281\/revisions"}],"predecessor-version":[{"id":16309,"href":"https:\/\/www.primerbrief.com\/index.php?rest_route=\/wp\/v2\/posts\/16281\/revisions\/16309"}],"wp:featuredmedia":[{"embeddable":true,"href":"https:\/\/www.primerbrief.com\/index.php?rest_route=\/wp\/v2\/media\/16298"}],"wp:attachment":[{"href":"https:\/\/www.primerbrief.com\/index.php?rest_route=%2Fwp%2Fv2%2Fmedia&parent=16281"}],"wp:term":[{"taxonomy":"category","embeddable":true,"href":"https:\/\/www.primerbrief.com\/index.php?rest_route=%2Fwp%2Fv2%2Fcategories&post=16281"},{"taxonomy":"post_tag","embeddable":true,"href":"https:\/\/www.primerbrief.com\/index.php?rest_route=%2Fwp%2Fv2%2Ftags&post=16281"}],"curies":[{"name":"wp","href":"https:\/\/api.w.org\/{rel}","templated":true}]}}