{"id":16529,"date":"2013-02-13T03:59:25","date_gmt":"2013-02-13T06:59:25","guid":{"rendered":"http:\/\/www.primerbrief.com\/?p=16529"},"modified":"2013-02-13T01:36:05","modified_gmt":"2013-02-13T04:36:05","slug":"te-quedan-seis-dias-para-participar-del-jameson-notodofilmfest","status":"publish","type":"post","link":"https:\/\/www.primerbrief.com\/?p=16529","title":{"rendered":"\u00a1Postergaron al 4 de marzo el cierre del Jameson Notodofilmfest!"},"content":{"rendered":"<p><span style=\"font-size: 11pt\"><strong>(ESPA\u00d1A) &#8211; Aunque el Jameson Notodofilmfest ya tiene m\u00e1s de 120 cortos que entraron directos al concurso, sus organizadores acaban de anunciar que el cierre, que hasta este fin de semana estaba planteado para este jueves 14 de febrero, se pas\u00f3 nada menos que al lunes 4 de marzo. \u00a1Casi tres semanas m\u00e1s! Ya no ten\u00e9s excusa para no engancharte.<\/strong><\/span><\/p>\n<p><a href=\"http:\/\/www.primerbrief.com\/wp-content\/uploads\/2013\/02\/festival-jameson-580px.jpg\" onclick=\"_gaq.push(['_trackEvent', 'outbound-article-int', 'http:\/\/www.primerbrief.com\/wp-content\/uploads\/2013\/02\/festival-jameson-580px.jpg', '']);\" ><img loading=\"lazy\" decoding=\"async\" src=\"http:\/\/www.primerbrief.com\/wp-content\/uploads\/2013\/02\/festival-jameson-580px.jpg\" alt=\"\" title=\"festival-jameson-580px\" width=\"580\" height=\"338\" class=\"alignleft size-full wp-image-16530\" srcset=\"https:\/\/www.primerbrief.com\/wp-content\/uploads\/2013\/02\/festival-jameson-580px.jpg 580w, https:\/\/www.primerbrief.com\/wp-content\/uploads\/2013\/02\/festival-jameson-580px-300x174.jpg 300w\" sizes=\"auto, (max-width: 580px) 100vw, 580px\" \/><\/a><br \/>\n<em>Festival de cortos de referencia en internet: Jameson Notodofilmfest.<\/em><\/p>\n<p>&nbsp;<br \/>\nLa XI edici\u00f3n de Jameson Notodofilmfest ha empezado el a\u00f1o con m\u00e1s de 120 cortometrajes presentados al concurso. Se podr\u00e1n ver cortos que hacen re\u00edr, otros que emocionan, que te hacen pensar. Todo en un mismo lugar, en el festival de cortos de referencia en internet.<\/p>\n<p>Mir\u00e1 <a href=\"https:\/\/www.jamesonnotodofilmfest.com\/cortos-a-concurso.html\" onclick=\"_gaq.push(['_trackEvent', 'outbound-article', 'https:\/\/www.jamesonnotodofilmfest.com\/cortos-a-concurso.html', 'ac\u00e1']);\" target=\"_blank\">ac\u00e1<\/a>: te mostramos los cortos que ya entran en el concurso.<\/p>\n<p>Cuenta con varios premios: por ejemplo, el <a href=\"http:\/\/www.jamesonnotodofilmfest.com\/premio-triple-destilacion.html\" onclick=\"_gaq.push(['_trackEvent', 'outbound-article', 'http:\/\/www.jamesonnotodofilmfest.com\/premio-triple-destilacion.html', 'Premio Jameson a la Mejor Pel\u00edcula Triple Destilaci\u00f3n']);\" target=\"_blank\">Premio Jameson a la Mejor Pel\u00edcula Triple Destilaci\u00f3n<\/a>, que hasta hoy tiene m\u00e1s de 30 cortos presentados. Este a\u00f1o el premio consistir\u00e1 en pel\u00edculas de 30 segundos que tengan como \u00fanica misi\u00f3n hacer re\u00edr al espectador.<\/p>\n<p>Otro premio especial es el <a href=\"http:\/\/www.jamesonnotodofilmfest.com\/mas-vistos.html\" onclick=\"_gaq.push(['_trackEvent', 'outbound-article', 'http:\/\/www.jamesonnotodofilmfest.com\/mas-vistos.html', 'Premio AECID Latinoam\u00e9rica en Corto']);\" target=\"_blank\">Premio AECID Latinoam\u00e9rica en Corto<\/a>, que registra por el momento ocho cortometrajes presentados procedentes de diversos pa\u00edses latinoamericanos.<\/p>\n<p>En este festival todos participamos, todos podemos ser parte, tu opini\u00f3n cuenta y gracias a Plus Ultra Seguros, cada semana se publica el ranking con los 10 cortometrajes m\u00e1s vistos por todos nosotros. Adem\u00e1s de mostrar que el p\u00fablico de Jameson Notodofilmfest disfruta con cortometrajes de todos los g\u00e9neros y estilos. Si algo se destaca de todo esto es la libertad creativa, siempre que no supere los tres minutos y medio de duraci\u00f3n.<\/p>\n<p>Todav\u00eda no se termin\u00f3 la XI edici\u00f3n y ten\u00e9s tiempo de enviar tu material hasta el lunes 4 de marzo. As\u00ed que ya sab\u00e9s, todav\u00eda faltan muchas historias por contar en Jameson Notodofilmfest y d\u00edas de sobra para que lo puedas hacer. Ac\u00e1 te dejamos las <a href=\"http:\/\/www.jamesonnotodofilmfest.com\/bases.html\" onclick=\"_gaq.push(['_trackEvent', 'outbound-article', 'http:\/\/www.jamesonnotodofilmfest.com\/bases.html', 'bases']);\" target=\"_blank\">bases<\/a> y todo lo que necesit\u00e1s saber para participar.<br \/>\n&nbsp;<br \/>\n&nbsp;<\/p>\n","protected":false},"excerpt":{"rendered":"<p>(ESPA\u00d1A) &#8211; Aunque el Jameson Notodofilmfest ya tiene m\u00e1s de 120 cortos que entraron directos al concurso, sus organizadores acaban de anunciar que el cierre, que hasta este fin de semana estaba planteado para este jueves 14 de febrero, se pas\u00f3 nada menos que al lunes 4 de marzo. \u00a1Casi tres semanas m\u00e1s! Ya no ten\u00e9s excusa para no engancharte. [&hellip;]<\/p>\n","protected":false},"author":1,"featured_media":16531,"comment_status":"open","ping_status":"open","sticky":false,"template":"","format":"standard","meta":{"footnotes":""},"categories":[516],"tags":[48,2276],"class_list":["post-16529","post","type-post","status-publish","format-standard","has-post-thumbnail","hentry","category-agenda-de-concursos","tag-espana","tag-jameson-notodofilmfest"],"_links":{"self":[{"href":"https:\/\/www.primerbrief.com\/index.php?rest_route=\/wp\/v2\/posts\/16529","targetHints":{"allow":["GET"]}}],"collection":[{"href":"https:\/\/www.primerbrief.com\/index.php?rest_route=\/wp\/v2\/posts"}],"about":[{"href":"https:\/\/www.primerbrief.com\/index.php?rest_route=\/wp\/v2\/types\/post"}],"author":[{"embeddable":true,"href":"https:\/\/www.primerbrief.com\/index.php?rest_route=\/wp\/v2\/users\/1"}],"replies":[{"embeddable":true,"href":"https:\/\/www.primerbrief.com\/index.php?rest_route=%2Fwp%2Fv2%2Fcomments&post=16529"}],"version-history":[{"count":13,"href":"https:\/\/www.primerbrief.com\/index.php?rest_route=\/wp\/v2\/posts\/16529\/revisions"}],"predecessor-version":[{"id":16547,"href":"https:\/\/www.primerbrief.com\/index.php?rest_route=\/wp\/v2\/posts\/16529\/revisions\/16547"}],"wp:featuredmedia":[{"embeddable":true,"href":"https:\/\/www.primerbrief.com\/index.php?rest_route=\/wp\/v2\/media\/16531"}],"wp:attachment":[{"href":"https:\/\/www.primerbrief.com\/index.php?rest_route=%2Fwp%2Fv2%2Fmedia&parent=16529"}],"wp:term":[{"taxonomy":"category","embeddable":true,"href":"https:\/\/www.primerbrief.com\/index.php?rest_route=%2Fwp%2Fv2%2Fcategories&post=16529"},{"taxonomy":"post_tag","embeddable":true,"href":"https:\/\/www.primerbrief.com\/index.php?rest_route=%2Fwp%2Fv2%2Ftags&post=16529"}],"curies":[{"name":"wp","href":"https:\/\/api.w.org\/{rel}","templated":true}]}}