{"id":16632,"date":"2013-02-18T03:59:00","date_gmt":"2013-02-18T06:59:00","guid":{"rendered":"http:\/\/www.primerbrief.com\/?p=16632"},"modified":"2013-02-18T07:34:41","modified_gmt":"2013-02-18T10:34:41","slug":"dgcv-premia-al-mejor-diseno-de-estudiantes","status":"publish","type":"post","link":"https:\/\/www.primerbrief.com\/?p=16632","title":{"rendered":"DGCV premia al mejor dise\u00f1o de estudiantes"},"content":{"rendered":"<p><span style=\"font-size: 11pt\"><strong>(ARGENTINA) &#8211; El sitio especializado en dise\u00f1o gr\u00e1fico y comunicaci\u00f3n visual <a href=\"http:\/\/www.dgcv.com.ar\/\" onclick=\"_gaq.push(['_trackEvent', 'outbound-article', 'http:\/\/www.dgcv.com.ar\/', 'DGCV']);\" target=\"_blank\">DGCV<\/a>, fundado y dirigido por Edgar \u00c1lvarez, festeja su s\u00e9ptimo cumplea\u00f1os. A modo de festejo, tira la casa por la ventana en un concurso en el que el ganador recibir\u00e1 m\u00e1s agasajos que luego de tomar la comuni\u00f3n. La fecha l\u00edmite para enviar los trabajos es el 7 de marzo.<\/strong><\/span><\/p>\n<p><a href=\"http:\/\/www.primerbrief.com\/wp-content\/uploads\/2013\/02\/DGCV-GR.jpg\" onclick=\"_gaq.push(['_trackEvent', 'outbound-article-int', 'http:\/\/www.primerbrief.com\/wp-content\/uploads\/2013\/02\/DGCV-GR.jpg', '']);\" ><img loading=\"lazy\" decoding=\"async\" src=\"http:\/\/www.primerbrief.com\/wp-content\/uploads\/2013\/02\/DGCV-CH.jpg\" width=\"580\" height=\"387\" class=\"alignleft size-full wp-image-16638\" srcset=\"https:\/\/www.primerbrief.com\/wp-content\/uploads\/2013\/02\/DGCV-CH.jpg 580w, https:\/\/www.primerbrief.com\/wp-content\/uploads\/2013\/02\/DGCV-CH-300x200.jpg 300w\" sizes=\"auto, (max-width: 580px) 100vw, 580px\" \/><\/a><br \/>\n<em>El ganador del concurso podr\u00e1 asistir a cursos, capacitaciones y workshops a convenir.<\/em><\/p>\n<p>&nbsp;<br \/>\nEl sitio de contenidos relacionados con el dise\u00f1o <a href=\"http:\/\/www.dgcv.com.ar\/\" onclick=\"_gaq.push(['_trackEvent', 'outbound-article', 'http:\/\/www.dgcv.com.ar\/', 'DGCV']);\" target=\"_blank\">DGCV<\/a> cumple siete a\u00f1os y, como homenaje por todo el apoyo recibido, desea realizar un concurso para honrar a los futuros gur\u00faes del sector.<\/p>\n<p>En un concurso que tiene m\u00e1s r\u00e9dito que visitar a la abuela, DGCV invita a todos los estudiantes de carreras afines al dise\u00f1o y la comunicaci\u00f3n a realizar un trabajo de estilo y tem\u00e1tica libre. Un <a href=\"http:\/\/www.sie7e.dgcv.com.ar\/03-los-jurados\/\" onclick=\"_gaq.push(['_trackEvent', 'outbound-article', 'http:\/\/www.sie7e.dgcv.com.ar\/03-los-jurados\/', 'jurado']);\" target=\"_blank\">jurado<\/a> de los m\u00e1s prestigiosos dise\u00f1adores del pa\u00eds elegir\u00e1 al ganador. Los <a href=\"http:\/\/www.sie7e.dgcv.com.ar\/05-los-premios\/\" onclick=\"_gaq.push(['_trackEvent', 'outbound-article', 'http:\/\/www.sie7e.dgcv.com.ar\/05-los-premios\/', 'premios']);\" target=\"_blank\">premios<\/a> recorren un espectro que va desde cursos, talleres y workshops hasta regalos y productos de marcas y dise\u00f1adores reconocidos.<\/p>\n<p>Los requisitos son simples: tener m\u00e1s de 18 a\u00f1os, ser estudiante y residir en la Argentina (pueden participar tanto argentinos como extranjeros), y hay tiempo para enviar material hasta el 7 de marzo. Se pueden enviar hasta dos trabajos por persona. Si quer\u00e9s participar pod\u00e9s consultar las bases y condiciones del concurso <a href=\"http:\/\/www.sie7e.dgcv.com.ar\/02-bases-temas-deadline\/\" onclick=\"_gaq.push(['_trackEvent', 'outbound-article', 'http:\/\/www.sie7e.dgcv.com.ar\/02-bases-temas-deadline\/', 'en este link']);\" target=\"_blank\">en este link<\/a>. Esta y otras dudas son respondidas en el <a href=\"http:\/\/www.sie7e.dgcv.com.ar\/\" onclick=\"_gaq.push(['_trackEvent', 'outbound-article', 'http:\/\/www.sie7e.dgcv.com.ar\/', 'sitio']);\" target=\"_blank\">sitio<\/a> que DGCV cre\u00f3 especialmente para el concurso.<\/p>\n<div style=\" background-color:#F4F4F4; width:560px; float:left; padding:10px; margin-top:20px; margin-bottom:20px; border-top:solid 10px #CCCCCC; border-bottom:solid 10px #CCCCCC; line-height:16px; font-size:12px\">\n<img decoding=\"async\" style=\"width:560px; border-top:solid 0px; border-right:solid 0px; border-bottom:solid 0px; border-left:solid 0px; margin-bottom:10px; float:left\" src=\"http:\/\/www.primerbrief.com\/wp-content\/uploads\/2011\/07\/PB-RecuadroMasInfo.jpg\" \/><br \/>\n&nbsp;<br \/>\nDGCV es un emprendimiento que naci\u00f3 en 2005, cuando un grupo de estudiantes comandados por Edgar \u00c1lvarez decidi\u00f3 hacer un blog de noticias sobre dise\u00f1o gr\u00e1fico y comunicaci\u00f3n visual. El proyecto evolucion\u00f3 a una plataforma en la que estudiantes, docentes, profesionales y empresas pueden compartir el proceso de la generaci\u00f3n de contenidos del sitio y hacer llegar sus experiencias, conocimientos e inquietudes de una manera fluida y a un amplio espectro.\n<\/div>\n<p>&nbsp;<br \/>\n&nbsp;<\/p>\n","protected":false},"excerpt":{"rendered":"<p>(ARGENTINA) &#8211; El sitio especializado en dise\u00f1o gr\u00e1fico y comunicaci\u00f3n visual DGCV, fundado y dirigido por Edgar \u00c1lvarez, festeja su s\u00e9ptimo cumplea\u00f1os. A modo de festejo, tira la casa por la ventana en un concurso en el que el ganador recibir\u00e1 m\u00e1s agasajos que luego de tomar la comuni\u00f3n. La fecha l\u00edmite para enviar los trabajos es el 7 de [&hellip;]<\/p>\n","protected":false},"author":1,"featured_media":16637,"comment_status":"open","ping_status":"open","sticky":false,"template":"","format":"standard","meta":{"footnotes":""},"categories":[516],"tags":[26,2282,2286],"class_list":["post-16632","post","type-post","status-publish","format-standard","has-post-thumbnail","hentry","category-agenda-de-concursos","tag-argentina","tag-dgcv-argentina","tag-edgar-alvarez-argentina"],"_links":{"self":[{"href":"https:\/\/www.primerbrief.com\/index.php?rest_route=\/wp\/v2\/posts\/16632","targetHints":{"allow":["GET"]}}],"collection":[{"href":"https:\/\/www.primerbrief.com\/index.php?rest_route=\/wp\/v2\/posts"}],"about":[{"href":"https:\/\/www.primerbrief.com\/index.php?rest_route=\/wp\/v2\/types\/post"}],"author":[{"embeddable":true,"href":"https:\/\/www.primerbrief.com\/index.php?rest_route=\/wp\/v2\/users\/1"}],"replies":[{"embeddable":true,"href":"https:\/\/www.primerbrief.com\/index.php?rest_route=%2Fwp%2Fv2%2Fcomments&post=16632"}],"version-history":[{"count":18,"href":"https:\/\/www.primerbrief.com\/index.php?rest_route=\/wp\/v2\/posts\/16632\/revisions"}],"predecessor-version":[{"id":16703,"href":"https:\/\/www.primerbrief.com\/index.php?rest_route=\/wp\/v2\/posts\/16632\/revisions\/16703"}],"wp:featuredmedia":[{"embeddable":true,"href":"https:\/\/www.primerbrief.com\/index.php?rest_route=\/wp\/v2\/media\/16637"}],"wp:attachment":[{"href":"https:\/\/www.primerbrief.com\/index.php?rest_route=%2Fwp%2Fv2%2Fmedia&parent=16632"}],"wp:term":[{"taxonomy":"category","embeddable":true,"href":"https:\/\/www.primerbrief.com\/index.php?rest_route=%2Fwp%2Fv2%2Fcategories&post=16632"},{"taxonomy":"post_tag","embeddable":true,"href":"https:\/\/www.primerbrief.com\/index.php?rest_route=%2Fwp%2Fv2%2Ftags&post=16632"}],"curies":[{"name":"wp","href":"https:\/\/api.w.org\/{rel}","templated":true}]}}