{"id":16899,"date":"2013-02-26T03:59:13","date_gmt":"2013-02-26T06:59:13","guid":{"rendered":"http:\/\/www.primerbrief.com\/?p=16899"},"modified":"2013-02-26T07:51:42","modified_gmt":"2013-02-26T10:51:42","slug":"la-miami-ad-school-abrio-la-inscripcion-al-segundo-account-planning-bootcamp","status":"publish","type":"post","link":"https:\/\/www.primerbrief.com\/?p=16899","title":{"rendered":"La Miami Ad School abri\u00f3 la inscripci\u00f3n al segundo Account Planning Bootcamp"},"content":{"rendered":"<p><span style=\"font-size: 11pt\"><strong>(ARGENTINA) &#8211; <a href=\"http:\/\/www.miamiadschool.com.ar\/\" onclick=\"_gaq.push(['_trackEvent', 'outbound-article', 'http:\/\/www.miamiadschool.com.ar\/', 'Miami Ad School Buenos Aires']);\" target=\"_blank\">Miami Ad School Buenos Aires<\/a> abri\u00f3 el cupo para la segunda edici\u00f3n de su <a href=\"http:\/\/www.miamiadschool.com.ar\/account-planning\/\" onclick=\"_gaq.push(['_trackEvent', 'outbound-article', 'http:\/\/www.miamiadschool.com.ar\/account-planning\/', 'Account Planning Bootcamp']);\" target=\"_blank\">Account Planning Bootcamp<\/a>. El curso intensivo apuntado a formar planners abre la inscripci\u00f3n a la segunda camada de estudiantes. La fecha l\u00edmite para anotarte es el 15 de marzo, y las clases comienzan la semana del 8 de abril.<\/strong><\/span><\/p>\n<p><a href=\"http:\/\/www.primerbrief.com\/wp-content\/uploads\/2013\/02\/APB-GR.jpg\" onclick=\"_gaq.push(['_trackEvent', 'outbound-article-int', 'http:\/\/www.primerbrief.com\/wp-content\/uploads\/2013\/02\/APB-GR.jpg', '']);\" ><img loading=\"lazy\" decoding=\"async\" src=\"http:\/\/www.primerbrief.com\/wp-content\/uploads\/2013\/02\/APB-CH.jpg\" alt=\"\" title=\"APB-CH\" width=\"580\" height=\"500\" class=\"alignleft size-full wp-image-16905\" srcset=\"https:\/\/www.primerbrief.com\/wp-content\/uploads\/2013\/02\/APB-CH.jpg 580w, https:\/\/www.primerbrief.com\/wp-content\/uploads\/2013\/02\/APB-CH-300x258.jpg 300w\" sizes=\"auto, (max-width: 580px) 100vw, 580px\" \/><\/a><br \/>\n<em>Los cuatro alumnos que representaron la camada anterior del APB en la terraza de la escuela ubicada en el pasaje Munich. De derecha a izquierda el profe y director de la MAS Bernardo Geoghegan, Liliana Orjuela, Rafael Cort\u00e9s, Sol Wei y Camila Mohr: el d\u00eda del debut.<\/em><\/p>\n<p>&nbsp;<br \/>\nEl planning es un \u00e1rea que quiz\u00e1s muchos desconocen (es relativamente m\u00e1s nueva que medios, cuentas y creatividad, que son las ramas que tienen un campo definido desde hace muchos a\u00f1os). Pero cada vez son m\u00e1s las agencias que est\u00e1n solicitando planners, y algunas incluso ya est\u00e1n promoviendo el trabajo en diferentes formatos de triplas (para algunas, redactor, director de arte y planner; para otras, creativo, especialista digital y planner).<\/p>\n<p>La propuesta educativa de la MAS consiste en aportar un curso personalizado, intensivo y especializado en el \u00e1rea de planning. El curso dura 12 semanas, y tiene un cupo limitado de 6 estudiantes (la idea es que los cursos sean pr\u00e1cticamente personalizados, para poder dedicarle una atenci\u00f3n especial a cada uno de los chicos).<\/p>\n<p>Este curso tiene ciertos diferenciales con el resto de las ofertas para estudiantes. Entre ellos, la participaci\u00f3n de un actor de teatro, que colaborar\u00e1 en la presentaci\u00f3n personal y la exposici\u00f3n ante un p\u00fablico; y el plus important\u00edsimo a la hora de la b\u00fasqueda laboral: terminar la cursada con una carpeta de planning y la posibilidad de recibir clases de distintos profesionales semana a semana.<\/p>\n<p>Para conocer m\u00e1s del curso (semana a semana), pod\u00e9s leer las notas descriptivas de una egresada de la primera camada del APB y redactora de PRIMER BRIEF, Liliana Orjuela:<\/p>\n<p>\u2022 <a href=\"http:\/\/www.primerbrief.com\/?p=13705\" onclick=\"_gaq.push(['_trackEvent', 'outbound-article-int', 'http:\/\/www.primerbrief.com\/?p=13705', 'Semana 1 &#8211; Introducci\u00f3n con intriga']);\" target=\"_blank\">Semana 1 &#8211; Introducci\u00f3n con intriga<\/a><br \/>\n\u2022 <a href=\"http:\/\/www.primerbrief.com\/?p=14045\" onclick=\"_gaq.push(['_trackEvent', 'outbound-article-int', 'http:\/\/www.primerbrief.com\/?p=14045', 'Semana 2 &#8211; El problema real']);\" target=\"_blank\">Semana 2 &#8211; El problema real<\/a><br \/>\n\u2022 <a href=\"http:\/\/www.primerbrief.com\/?p=14309\" onclick=\"_gaq.push(['_trackEvent', 'outbound-article-int', 'http:\/\/www.primerbrief.com\/?p=14309', 'Semana 3 &#8211; Del brief al briefing']);\" target=\"_blank\">Semana 3 &#8211; Del brief al briefing<\/a><br \/>\n\u2022 <a href=\"http:\/\/www.primerbrief.com\/?p=14539\" onclick=\"_gaq.push(['_trackEvent', 'outbound-article-int', 'http:\/\/www.primerbrief.com\/?p=14539', 'Semana 4 &#8211; La carpeta del planner']);\" target=\"_blank\">Semana 4 &#8211; La carpeta del planner<\/a><br \/>\n\u2022 <a href=\"http:\/\/www.primerbrief.com\/?p=14797\" onclick=\"_gaq.push(['_trackEvent', 'outbound-article-int', 'http:\/\/www.primerbrief.com\/?p=14797', 'Semana 5  &#8211; La hora de la verdad']);\" target=\"_blank\">Semana 5  &#8211; La hora de la verdad<\/a><br \/>\n\u2022 <a href=\"http:\/\/www.primerbrief.com\/?p=14963\" onclick=\"_gaq.push(['_trackEvent', 'outbound-article-int', 'http:\/\/www.primerbrief.com\/?p=14963', 'Semana 6 &#8211; Los n\u00fameros tambi\u00e9n pesan']);\" target=\"_blank\">Semana 6 &#8211; Los n\u00fameros tambi\u00e9n pesan<\/a><br \/>\n\u2022 <a href=\"http:\/\/www.primerbrief.com\/?p=15190\" onclick=\"_gaq.push(['_trackEvent', 'outbound-article-int', 'http:\/\/www.primerbrief.com\/?p=15190', 'Semana 7 &#8211; La importancia de los medios']);\" target=\"_blank\">Semana 7 &#8211; La importancia de los medios<\/a><br \/>\n\u2022 <a href=\"http:\/\/www.primerbrief.com\/?p=15396\" onclick=\"_gaq.push(['_trackEvent', 'outbound-article-int', 'http:\/\/www.primerbrief.com\/?p=15396', 'Semana 8 &#8211; La experiencia de la marca']);\" target=\"_blank\">Semana 8 &#8211; La experiencia de la marca<\/a><br \/>\n\u2022 <a href=\"http:\/\/www.primerbrief.com\/?p=15613\" onclick=\"_gaq.push(['_trackEvent', 'outbound-article-int', 'http:\/\/www.primerbrief.com\/?p=15613', 'Semana 9 &#8211; Presentaciones con qu\u00edmica']);\" target=\"_blank\">Semana 9 &#8211; Presentaciones con qu\u00edmica<\/a><br \/>\n\u2022 <a href=\"http:\/\/www.primerbrief.com\/?p=15770\" onclick=\"_gaq.push(['_trackEvent', 'outbound-article-int', 'http:\/\/www.primerbrief.com\/?p=15770', 'Semana 10 &#8211; Balance y primera despedida']);\" target=\"_blank\">Semana 10 &#8211; Balance y primera despedida<\/a><br \/>\n\u2022 <a href=\"http:\/\/www.primerbrief.com\/?p=16020\" onclick=\"_gaq.push(['_trackEvent', 'outbound-article-int', 'http:\/\/www.primerbrief.com\/?p=16020', 'Semana 11 &#8211; La efectividad es el diferencial']);\" target=\"_blank\">Semana 11 &#8211; La efectividad es el diferencial<\/a><br \/>\n\u2022 <a href=\"http:\/\/www.primerbrief.com\/?p=16153\" onclick=\"_gaq.push(['_trackEvent', 'outbound-article-int', 'http:\/\/www.primerbrief.com\/?p=16153', 'Semana 12 &#8211; Las carpetas y los hurras']);\" target=\"_blank\">Semana 12 &#8211; Las carpetas y los hurras<\/a><\/p>\n<p>Si est\u00e1s interesado y quer\u00e9s saber m\u00e1s sobre el curso, o si ya pens\u00e1s anotarte, pod\u00e9s enviar tu solicitud o consulta a <a href=\"mailto:martin@miamiadschool.com\" onclick=\"_gaq.push(['_trackEvent','mailto','martin@miamiadschool.com']);\" >martin@miamiadschool.com<\/a>.<br \/>\n&nbsp;<br \/>\n&nbsp;<\/p>\n","protected":false},"excerpt":{"rendered":"<p>(ARGENTINA) &#8211; Miami Ad School Buenos Aires abri\u00f3 el cupo para la segunda edici\u00f3n de su Account Planning Bootcamp. El curso intensivo apuntado a formar planners abre la inscripci\u00f3n a la segunda camada de estudiantes. La fecha l\u00edmite para anotarte es el 15 de marzo, y las clases comienzan la semana del 8 de abril. Los cuatro alumnos que representaron [&hellip;]<\/p>\n","protected":false},"author":1,"featured_media":16908,"comment_status":"open","ping_status":"open","sticky":false,"template":"","format":"standard","meta":{"footnotes":""},"categories":[1880],"tags":[1707,26,1881,885,1418,1882,1883],"class_list":["post-16899","post","type-post","status-publish","format-standard","has-post-thumbnail","hentry","category-account-planning-boot-camp","tag-account-planning-bootcamp","tag-argentina","tag-camila-mohr-argentina","tag-liliana-orjuela-colombia","tag-miami-ad-school-buenos-aires-argentina","tag-rafael-cortes-argentina","tag-sol-wei-china"],"_links":{"self":[{"href":"https:\/\/www.primerbrief.com\/index.php?rest_route=\/wp\/v2\/posts\/16899","targetHints":{"allow":["GET"]}}],"collection":[{"href":"https:\/\/www.primerbrief.com\/index.php?rest_route=\/wp\/v2\/posts"}],"about":[{"href":"https:\/\/www.primerbrief.com\/index.php?rest_route=\/wp\/v2\/types\/post"}],"author":[{"embeddable":true,"href":"https:\/\/www.primerbrief.com\/index.php?rest_route=\/wp\/v2\/users\/1"}],"replies":[{"embeddable":true,"href":"https:\/\/www.primerbrief.com\/index.php?rest_route=%2Fwp%2Fv2%2Fcomments&post=16899"}],"version-history":[{"count":10,"href":"https:\/\/www.primerbrief.com\/index.php?rest_route=\/wp\/v2\/posts\/16899\/revisions"}],"predecessor-version":[{"id":16922,"href":"https:\/\/www.primerbrief.com\/index.php?rest_route=\/wp\/v2\/posts\/16899\/revisions\/16922"}],"wp:featuredmedia":[{"embeddable":true,"href":"https:\/\/www.primerbrief.com\/index.php?rest_route=\/wp\/v2\/media\/16908"}],"wp:attachment":[{"href":"https:\/\/www.primerbrief.com\/index.php?rest_route=%2Fwp%2Fv2%2Fmedia&parent=16899"}],"wp:term":[{"taxonomy":"category","embeddable":true,"href":"https:\/\/www.primerbrief.com\/index.php?rest_route=%2Fwp%2Fv2%2Fcategories&post=16899"},{"taxonomy":"post_tag","embeddable":true,"href":"https:\/\/www.primerbrief.com\/index.php?rest_route=%2Fwp%2Fv2%2Ftags&post=16899"}],"curies":[{"name":"wp","href":"https:\/\/api.w.org\/{rel}","templated":true}]}}