{"id":16995,"date":"2013-03-04T03:58:49","date_gmt":"2013-03-04T06:58:49","guid":{"rendered":"http:\/\/www.primerbrief.com\/?p=16995"},"modified":"2013-03-03T23:12:43","modified_gmt":"2013-03-04T02:12:43","slug":"la-aap-cambio-su-modalidad-de-charlas-informativas","status":"publish","type":"post","link":"https:\/\/www.primerbrief.com\/?p=16995","title":{"rendered":"La AAP renov\u00f3 su modalidad de charlas informativas"},"content":{"rendered":"<p><span style=\"font-size: 11pt\"><strong>(ARGENTINA) &#8211; En las \u00faltimas semanas antes del comienzo del ciclo 2013 \u2014en esa casa de estudios las clases arrancan el lunes 18 de este mes\u2014, la <a href=\"http:\/\/isp.aapublicidad.org.ar\/\" onclick=\"_gaq.push(['_trackEvent', 'outbound-article', 'http:\/\/isp.aapublicidad.org.ar\/', 'Asociaci\u00f3n Argentina de Publicidad']);\" target=\"_blank\">Asociaci\u00f3n Argentina de Publicidad<\/a> recuper\u00f3, para sus charlas informativas, un estilo que en otros tiempos le dio altos r\u00e9ditos: el de los testimonios directos en escena. Durante marzo, la gesti\u00f3n de la gerente general Patricia Martin presentar\u00e1 en sus explicaciones todo un equipo de protagonistas: en la charla de la semana pasada estuvieron el presidente Gabriel Maloneay, tres profesores, un coordinador de carrera, la coordinadora de admisiones y hasta una ex alumna.<\/strong><\/span><\/p>\n<p><a href=\"http:\/\/www.primerbrief.com\/wp-content\/uploads\/2013\/03\/ARG-CharlaAAP2013.02-27-Collage-GR.jpg\" onclick=\"_gaq.push(['_trackEvent', 'outbound-article-int', 'http:\/\/www.primerbrief.com\/wp-content\/uploads\/2013\/03\/ARG-CharlaAAP2013.02-27-Collage-GR.jpg', '']);\" ><img loading=\"lazy\" decoding=\"async\" src=\"http:\/\/www.primerbrief.com\/wp-content\/uploads\/2013\/03\/ARG-CharlaAAP2013.02-27-Collage-580px.jpg\" alt=\"\" title=\"ARG-CharlaAAP2013.02-27-Collage-580px\" width=\"580\" height=\"218\" class=\"alignleft size-full wp-image-16998\" srcset=\"https:\/\/www.primerbrief.com\/wp-content\/uploads\/2013\/03\/ARG-CharlaAAP2013.02-27-Collage-580px.jpg 580w, https:\/\/www.primerbrief.com\/wp-content\/uploads\/2013\/03\/ARG-CharlaAAP2013.02-27-Collage-580px-300x112.jpg 300w\" sizes=\"auto, (max-width: 580px) 100vw, 580px\" \/><\/a><br \/>\n<em>Distintos momentos de la presentaci\u00f3n del mi\u00e9rcoles 27. (Fotos: Rosana Barroso, secretaria acad\u00e9mica)<\/em><\/p>\n<p>&nbsp;<br \/>\n\u00abImpacta el trabajo de equipo\u00bb, fue uno de los comentarios que se oyeron el mi\u00e9rcoles 27 de febrero, apenas pasadas las 9 de la noche, cuando la charla informativa de la Asociaci\u00f3n Argentina de Publicidad para posibles ingresantes a su centro de ense\u00f1anza acababa de llegar a su fin.<\/p>\n<p>La sensaci\u00f3n, dicen, circul\u00f3 tambi\u00e9n entre los propios protagonistas de la presentaci\u00f3n, despu\u00e9s de que en un par de horas hab\u00edan desplegado con contundencia y convicci\u00f3n los argumentos que, seg\u00fan ellos, convencen a cualquiera de que la AAP es \u00abel\u00bb lugar para estudiar publicidad en la Argentina, al menos en cualquiera de sus cuatro orientaciones: direcci\u00f3n de arte, redacci\u00f3n publicitaria, direcci\u00f3n de cuentas y planificaci\u00f3n de medios.<\/p>\n<p>El equipo que, bajo el mando de la gerente general Patricia Martin, se present\u00f3 en la charla del mi\u00e9rcoles estuvo integrado por Gabriel Maloneay como presidente de la Asociaci\u00f3n, Jorge Bendesky como tutor de primer a\u00f1o y docente de la materia Pr\u00e1ctica Profesional, Mariano Augugliaro como coordinador de la orientaci\u00f3n de Cuentas y tambi\u00e9n docente de PP, Jacqueline Soto como coordinadora de Admisiones, Pancho Dondo como profesor de Planeamiento estrat\u00e9gico y Julia Olaeta como egresada de Direcci\u00f3n de cuentas y actual pasante en la agencia SCA.<\/p>\n<p>Juntos, dejaron sentado por qu\u00e9 la AAP, en el a\u00f1o de su 80 aniversario y cuando est\u00e1 por empezar a cursar su promoci\u00f3n n\u00famero 25, resulta uno de los lugares de formaci\u00f3n m\u00e1s indicados para educarse como publicitario en la Argentina, y terminaron mencionando algunos de las herramientas m\u00e1s importantes que ostenta como diferencial: las pr\u00e1cticas rentadas en agencias socias para los mejores promedios (en este verano fueron 17), el semillero (la bolsa de b\u00fasquedas laborales), el Show Us! (la presentaci\u00f3n de las mejores carpetas a publicitarios clave del mercado) y mucho m\u00e1s.<\/p>\n<p>Para saber los datos precisos de la charla que se dar\u00e1 este mi\u00e9rcoles 6 o incluso llenar el formulario y confirmar asistencia, <a href=\"http:\/\/bit.ly\/VdE1Wf\" onclick=\"_gaq.push(['_trackEvent', 'outbound-article', 'http:\/\/bit.ly\/VdE1Wf', 'hacer clic en este link']);\" target=\"_blank\">hacer clic en este link<\/a>.<br \/>\n&nbsp;<br \/>\n&nbsp;<\/p>\n","protected":false},"excerpt":{"rendered":"<p>(ARGENTINA) &#8211; En las \u00faltimas semanas antes del comienzo del ciclo 2013 \u2014en esa casa de estudios las clases arrancan el lunes 18 de este mes\u2014, la Asociaci\u00f3n Argentina de Publicidad recuper\u00f3, para sus charlas informativas, un estilo que en otros tiempos le dio altos r\u00e9ditos: el de los testimonios directos en escena. Durante marzo, la gesti\u00f3n de la gerente [&hellip;]<\/p>\n","protected":false},"author":3,"featured_media":16996,"comment_status":"open","ping_status":"open","sticky":false,"template":"","format":"standard","meta":{"footnotes":""},"categories":[5],"tags":[26,1386,1655,163,2309,1654,1786,2308],"class_list":["post-16995","post","type-post","status-publish","format-standard","has-post-thumbnail","hentry","category-lugares-de-estudio","tag-argentina","tag-asociacion-argentina-de-publicidad","tag-gabriel-maloneay-argentina","tag-jorge-bendesky-argentina","tag-julia-olaeta-argentina","tag-mariano-augugliaro-argentina","tag-patricia-martin-argentina","tag-rosana-barroso-argentina"],"_links":{"self":[{"href":"https:\/\/www.primerbrief.com\/index.php?rest_route=\/wp\/v2\/posts\/16995","targetHints":{"allow":["GET"]}}],"collection":[{"href":"https:\/\/www.primerbrief.com\/index.php?rest_route=\/wp\/v2\/posts"}],"about":[{"href":"https:\/\/www.primerbrief.com\/index.php?rest_route=\/wp\/v2\/types\/post"}],"author":[{"embeddable":true,"href":"https:\/\/www.primerbrief.com\/index.php?rest_route=\/wp\/v2\/users\/3"}],"replies":[{"embeddable":true,"href":"https:\/\/www.primerbrief.com\/index.php?rest_route=%2Fwp%2Fv2%2Fcomments&post=16995"}],"version-history":[{"count":3,"href":"https:\/\/www.primerbrief.com\/index.php?rest_route=\/wp\/v2\/posts\/16995\/revisions"}],"predecessor-version":[{"id":17001,"href":"https:\/\/www.primerbrief.com\/index.php?rest_route=\/wp\/v2\/posts\/16995\/revisions\/17001"}],"wp:featuredmedia":[{"embeddable":true,"href":"https:\/\/www.primerbrief.com\/index.php?rest_route=\/wp\/v2\/media\/16996"}],"wp:attachment":[{"href":"https:\/\/www.primerbrief.com\/index.php?rest_route=%2Fwp%2Fv2%2Fmedia&parent=16995"}],"wp:term":[{"taxonomy":"category","embeddable":true,"href":"https:\/\/www.primerbrief.com\/index.php?rest_route=%2Fwp%2Fv2%2Fcategories&post=16995"},{"taxonomy":"post_tag","embeddable":true,"href":"https:\/\/www.primerbrief.com\/index.php?rest_route=%2Fwp%2Fv2%2Ftags&post=16995"}],"curies":[{"name":"wp","href":"https:\/\/api.w.org\/{rel}","templated":true}]}}