{"id":17097,"date":"2013-03-07T04:00:59","date_gmt":"2013-03-07T07:00:59","guid":{"rendered":"http:\/\/www.primerbrief.com\/?p=17097"},"modified":"2013-03-07T12:11:29","modified_gmt":"2013-03-07T15:11:29","slug":"la-fundacion-arranco-su-programa-de-radio-acerca-de-la-publicidad","status":"publish","type":"post","link":"https:\/\/www.primerbrief.com\/?p=17097","title":{"rendered":"La Fundaci\u00f3n arranc\u00f3 su programa de radio acerca de la publicidad"},"content":{"rendered":"<p><span style=\"font-size: 11pt\"><strong>(ARGENTINA) &#8211; A partir del 5 marzo, <a href=\"http:\/\/lafundacion.edu.ar\/\" onclick=\"_gaq.push(['_trackEvent', 'outbound-article', 'http:\/\/lafundacion.edu.ar\/', 'La Fundaci\u00f3n de Altos Estudios en Ciencias Comerciales']);\" target=\"_blank\">La Fundaci\u00f3n de Altos Estudios en Ciencias Comerciales<\/a> lanza su propio programa radial de publicidad denominado \u00abEl Semillero\u00bb.<\/strong><\/span><\/p>\n<p><a href=\"http:\/\/www.primerbrief.com\/wp-content\/uploads\/2013\/03\/EVENTOS-LA-FUNDACION-GR.jpg\" onclick=\"_gaq.push(['_trackEvent', 'outbound-article-int', 'http:\/\/www.primerbrief.com\/wp-content\/uploads\/2013\/03\/EVENTOS-LA-FUNDACION-GR.jpg', '']);\" ><img loading=\"lazy\" decoding=\"async\" src=\"http:\/\/www.primerbrief.com\/wp-content\/uploads\/2013\/03\/EVENTOS-LA-FUNDACION-CH.jpg\" alt=\"\" title=\"EVENTOS-LA-FUNDACION-CH\" width=\"580\" height=\"90\" class=\"alignleft size-full wp-image-17110\" srcset=\"https:\/\/www.primerbrief.com\/wp-content\/uploads\/2013\/03\/EVENTOS-LA-FUNDACION-CH.jpg 580w, https:\/\/www.primerbrief.com\/wp-content\/uploads\/2013\/03\/EVENTOS-LA-FUNDACION-CH-300x46.jpg 300w\" sizes=\"auto, (max-width: 580px) 100vw, 580px\" \/><\/a><br \/>\n&nbsp;<br \/>\nLa Fundaci\u00f3n ya realiz\u00f3 su primer programa radial, dedicado al mundo de la publicidad. El ciclo semanal, de una hora de duraci\u00f3n, se emite los martes a las 11:30 hs y se repete los jueves a las 17:30 (hoy se repetir\u00e1 el programa del martes) por Ad Republic, primer radio online dedicada 100% a la publicidad (Ad Republic pertenece al portal Cienradios, el m\u00e1s grande de Latinoam\u00e9rica).<\/p>\n<p>El programa se realiza integralmente en el Estudio Audiovisual de La Fundaci\u00f3n. La producci\u00f3n general, conducci\u00f3n y musicalizaci\u00f3n est\u00e1n a cargo de Hern\u00e1n Tejerina (director de la carrera de publicidad en La Fundaci\u00f3n), la operaci\u00f3n t\u00e9cnica en manos de Mart\u00edn \u00abFacha\u00bb Berra y la locuci\u00f3n a cargo de Dar\u00edo Gonz\u00e1lez.<\/p>\n<p>S\u00ed quer\u00e9s escuchar el primer programa, ponete la alarma a las 17:30 y entr\u00e1 en <a href=\"http:\/\/www.cienradios.com.ar\/argentina\/ad-republic-64mp3\/vivo\" onclick=\"_gaq.push(['_trackEvent', 'outbound-article', 'http:\/\/www.cienradios.com.ar\/argentina\/ad-republic-64mp3\/vivo', 'la web de Ad Republic']);\" target=\"_blank\">la web de Ad Republic<\/a>.<\/p>\n","protected":false},"excerpt":{"rendered":"<p>(ARGENTINA) &#8211; A partir del 5 marzo, La Fundaci\u00f3n de Altos Estudios en Ciencias Comerciales lanza su propio programa radial de publicidad denominado \u00abEl Semillero\u00bb. &nbsp; La Fundaci\u00f3n ya realiz\u00f3 su primer programa radial, dedicado al mundo de la publicidad. El ciclo semanal, de una hora de duraci\u00f3n, se emite los martes a las 11:30 hs y se repete los [&hellip;]<\/p>\n","protected":false},"author":1,"featured_media":17109,"comment_status":"open","ping_status":"open","sticky":false,"template":"","format":"standard","meta":{"footnotes":""},"categories":[5],"tags":[2316,1357,1295,2315],"class_list":["post-17097","post","type-post","status-publish","format-standard","has-post-thumbnail","hentry","category-lugares-de-estudio","tag-dario-gonzalez-argentina","tag-hernan-tejerina-argentina","tag-la-fundacion-de-altos-estudios-en-ciencias-comerciales-argentina","tag-martin-berra-argentina"],"_links":{"self":[{"href":"https:\/\/www.primerbrief.com\/index.php?rest_route=\/wp\/v2\/posts\/17097","targetHints":{"allow":["GET"]}}],"collection":[{"href":"https:\/\/www.primerbrief.com\/index.php?rest_route=\/wp\/v2\/posts"}],"about":[{"href":"https:\/\/www.primerbrief.com\/index.php?rest_route=\/wp\/v2\/types\/post"}],"author":[{"embeddable":true,"href":"https:\/\/www.primerbrief.com\/index.php?rest_route=\/wp\/v2\/users\/1"}],"replies":[{"embeddable":true,"href":"https:\/\/www.primerbrief.com\/index.php?rest_route=%2Fwp%2Fv2%2Fcomments&post=17097"}],"version-history":[{"count":11,"href":"https:\/\/www.primerbrief.com\/index.php?rest_route=\/wp\/v2\/posts\/17097\/revisions"}],"predecessor-version":[{"id":17126,"href":"https:\/\/www.primerbrief.com\/index.php?rest_route=\/wp\/v2\/posts\/17097\/revisions\/17126"}],"wp:featuredmedia":[{"embeddable":true,"href":"https:\/\/www.primerbrief.com\/index.php?rest_route=\/wp\/v2\/media\/17109"}],"wp:attachment":[{"href":"https:\/\/www.primerbrief.com\/index.php?rest_route=%2Fwp%2Fv2%2Fmedia&parent=17097"}],"wp:term":[{"taxonomy":"category","embeddable":true,"href":"https:\/\/www.primerbrief.com\/index.php?rest_route=%2Fwp%2Fv2%2Fcategories&post=17097"},{"taxonomy":"post_tag","embeddable":true,"href":"https:\/\/www.primerbrief.com\/index.php?rest_route=%2Fwp%2Fv2%2Ftags&post=17097"}],"curies":[{"name":"wp","href":"https:\/\/api.w.org\/{rel}","templated":true}]}}