{"id":17621,"date":"2013-04-10T03:59:56","date_gmt":"2013-04-10T06:59:56","guid":{"rendered":"http:\/\/www.primerbrief.com\/?p=17621"},"modified":"2013-04-10T09:52:48","modified_gmt":"2013-04-10T12:52:48","slug":"daniela-san-martin-quiero-conseguir-una-pasantia-para-mi-estadia-en-la-argentina","status":"publish","type":"post","link":"https:\/\/www.primerbrief.com\/?p=17621","title":{"rendered":"Daniela San Mart\u00edn: \u00abQuiero conseguir una pasant\u00eda para mi estad\u00eda en la Argentina\u00bb"},"content":{"rendered":"<p><span style=\"font-size: 11pt\"><strong>(CHILE) &#8211; Daniela San Mart\u00edn es alumna de 3\u00ba a\u00f1o de Publicidad en la <a href=\"http:\/\/www.uniacc.cl\/\" onclick=\"_gaq.push(['_trackEvent', 'outbound-article', 'http:\/\/www.uniacc.cl\/', 'UNIACC']);\" target=\"_blank\">UNIACC<\/a>. Finalista junto a sus compa\u00f1eros en varios concursos, y ansiosa por conocer Buenos Aires, entrevistada por PRIMER BRIEF cont\u00f3: \u00abEn publicidad, all\u00e1 en la Argentina siempre est\u00e1n un paso delante de nosotros. Hacen campa\u00f1as simples que siempre causan furor\u00bb.<\/strong><\/span> <\/p>\n<p><a href=\"http:\/\/www.primerbrief.com\/wp-content\/uploads\/2013\/04\/daniela-gr.jpg\" onclick=\"_gaq.push(['_trackEvent', 'outbound-article-int', 'http:\/\/www.primerbrief.com\/wp-content\/uploads\/2013\/04\/daniela-gr.jpg', '']);\" ><img loading=\"lazy\" decoding=\"async\" src=\"http:\/\/www.primerbrief.com\/wp-content\/uploads\/2013\/04\/daniela-ch.jpg\" alt=\"\" title=\"daniela-ch\" width=\"580\" height=\"387\" class=\"alignleft size-full wp-image-17622\" srcset=\"https:\/\/www.primerbrief.com\/wp-content\/uploads\/2013\/04\/daniela-ch.jpg 580w, https:\/\/www.primerbrief.com\/wp-content\/uploads\/2013\/04\/daniela-ch-300x200.jpg 300w\" sizes=\"auto, (max-width: 580px) 100vw, 580px\" \/><\/a><br \/>\n<em>Daniela: \u00abEn el colegio siempre fui humanista, pero al mismo tiempo me encantaba dibujar, pintar, tomar fotograf\u00edas (ambas cosas muy marcadas)\u00bb.<\/em><\/p>\n<p>&nbsp;<br \/>\n<a href=\"http:\/\/www.primerbrief.com\/wp-content\/uploads\/2012\/10\/staff-leo1.jpg\" onclick=\"_gaq.push(['_trackEvent', 'outbound-article-int', 'http:\/\/www.primerbrief.com\/wp-content\/uploads\/2012\/10\/staff-leo1.jpg', '']);\" target=\"_blank\"><img loading=\"lazy\" decoding=\"async\" src=\"http:\/\/www.primerbrief.com\/wp-content\/uploads\/2012\/10\/staff-leo1-100x100px.jpg\" width=\"60\" height=\"60\" class=\"alignleft size-full wp-image-4110\" style=\"margin: 0px 10px 0px 0px\" \/><\/a><strong>POR <a href=\"http:\/\/www.primerbrief.com\/?tag=leo-vignati-argentina\" onclick=\"_gaq.push(['_trackEvent', 'outbound-article-int', 'http:\/\/www.primerbrief.com\/?tag=leo-vignati-argentina', 'LEO VIGNATI']);\" target=\"_blank\">LEO VIGNATI<\/a><\/strong><br \/>\n<em>De la redacci\u00f3n de PB<\/em><br \/>\n(Fotos: Gentileza DSM)<\/p>\n<p style=\"clear:left;\">\n<p>&nbsp;<br \/>\n<strong>\u2014\u00bfCu\u00e1ntos a\u00f1os ten\u00e9s? \u00bfEn qu\u00e9 etapa de la cursada est\u00e1s?<\/strong><br \/>\n\u2014Tengo 24 y estoy en 3\u00b0 de la carrera en la UNIACC, \u00a1ya casi en la \u00faltima corrida!<\/p>\n<p><strong>\u2014\u00bfC\u00f3mo fue que decidiste estudiar publicidad?<\/strong><br \/>\n\u2014Fue m\u00e1s o menos as\u00ed: en el colegio siempre fui humanista, pero al mismo tiempo me encantaba dibujar, pintar, tomar fotograf\u00edas (ambas cosas muy marcadas). Pero mis viejos son muy tradicionales en sus pensamientos, por ende me dijeron que deb\u00eda estudiar una carrera t\u00edpica, como Derecho. Yo les hice caso, ya que en ese momento era una nena y no ten\u00eda nada muy claro. Estuve dos a\u00f1os en la <a href=\"http:\/\/www.finisterrae.cl\/\" onclick=\"_gaq.push(['_trackEvent', 'outbound-article', 'http:\/\/www.finisterrae.cl\/', 'Finis Terrae']);\" target=\"_blank\">Finis Terrae<\/a>, y mal no me iba. Aprend\u00ed bastante, pero me desesperaba lo mon\u00f3tono de la carrera, lo t\u00edpico, todo de memoria. \u00a1Mientras le\u00edamos todo el c\u00f3digo civil yo estaba dibujando en mis cuadernos y pensando en ir a visitar exposiciones! Al primer a\u00f1o de cursar Derecho fui a UNIACC a postularme para Publicidad. Todo bien, pero cuando les cont\u00e9 a mis viejos, me dijeron que en 1\u00b0 nadie sab\u00eda si realmente le gustaba o no la carrera, que lo intentara un a\u00f1o m\u00e1s. As\u00ed fue como pas\u00e9 a hacer el 2\u00b0 a\u00f1o de Derecho. \u00a1Y colaps\u00e9! Todo iba tomando forma, \u00edbamos a la corte de apelaciones y todo eso, pero yo me sent\u00eda muy fuera de lugar, as\u00ed que tom\u00e9 la decisi\u00f3n de hacerles una presentaci\u00f3n bastante din\u00e1mica a mis viejos, llevarles toda la info que necesitaban y, tras varios discursos, los convenc\u00ed. Despu\u00e9s de ese primer desaf\u00edo de presentaci\u00f3n ante un cliente (risas), pude estudiar lo que me apasiona, estoy a punto de graduarme, pude representar a mi universidad con la agencia que inventamos con unos compa\u00f1eros, y fuimos finalistas en dos ocasiones.<\/p>\n<p><strong>\u2014\u00bfC\u00f3mo fue la experiencia con la \u00abagencia\u00bb que conformaron con tus compa\u00f1eros? \u00bfPudieron darse a conocer en concursos?<\/strong><br \/>\n\u2014En el concurso para el diario <em>La Segunda<\/em> quedamos entre los cinco finalistas a nivel nacional. Para Motorola, el a\u00f1o pasado, tambi\u00e9n estuvimos entre los 12 seleccionados, pero no llegamos a la final. Pero lo m\u00e1s grande hasta ahora es Factor 50, que esperamos que este a\u00f1o se venga mucho m\u00e1s <em>heavy<\/em> que el anterior.<\/p>\n<p><iframe loading=\"lazy\" width=\"580\" height=\"435\" src=\"http:\/\/www.youtube.com\/embed\/kpnSn1kHJZ4\" frameborder=\"0\" allowfullscreen><\/iframe><br \/>\n<em>El premiado spot en el que participan famosos para la campa\u00f1a de protecci\u00f3n contra los rayos del sol \u00abFactor 50\u00bb.<\/em><\/p>\n<p>&nbsp;<br \/>\n<strong>\u2014El trabajo de Factor 50 fue una obra entre alumnos de dos universidades (y carreras) distintas. \u00bfC\u00f3mo llegaron a trabajar juntos?<\/strong><br \/>\n\u2014Es gracioso porque surgi\u00f3 gracias a un bautizo en otra ciudad muy lejos. T\u00edpico que los viejos de uno comienzan a hablar sobre lo que hacen los hijos y todas esas cosas. Entonces un amigo de la familia coment\u00f3 que su hija estaba desesperada buscando publicistas para hacer una campa\u00f1a para su examen de emprendimiento de la carrera de Ingenier\u00eda Comercial, perteneciente a la <a href=\"http:\/\/www.uai.cl\/\" onclick=\"_gaq.push(['_trackEvent', 'outbound-article', 'http:\/\/www.uai.cl\/', 'Universidad Adolfo Ib\u00e1\u00f1ez']);\" target=\"_blank\">Universidad Adolfo Ib\u00e1\u00f1ez<\/a>. Y hasta ese momento ninguna agencia los hab\u00eda podido ayudar, ya que todo ha sido de \u00faltimo minuto. Entonces comenzaron los llamados. Coincidi\u00f3 con que nosotros est\u00e1bamos terminando nuestro ex\u00e1menes, as\u00ed que tomamos de inmediato la oportunidad.<\/p>\n<p><strong>\u2014\u00bfC\u00f3mo surge la idea de la pieza? \u00bfC\u00f3mo consiguieron que famosos hablaran en el spot?<\/strong><br \/>\n\u2014La idea surgi\u00f3 a trav\u00e9s de una investigaci\u00f3n de mercado que hicimos con los chicos. Necesitaban hacer su emprendimiento sobre un tema com\u00fan y de impacto; entonces lo que quisimos hacer fue realizar una campa\u00f1a de impacto, s\u00f3lo BTL. Como nuestro BTL era transportable y consist\u00eda en un esqueleto, lo comenzamos a poner en puntos estrat\u00e9gicos. Por ejemplo, a veces lo acost\u00e1bamos a tomar sol con chicas en la playa. La gente se fotografiaba con \u00e9l sosteniendo un letrero que dec\u00eda \u201cMI BRONCEADO (me) MATA\u201d. Entonces, al causar esta empat\u00eda con nuestro target, lo pod\u00edamos llevar donde quisi\u00e9ramos. As\u00ed fue c\u00f3mo empezamos a hacer ruido y conseguir entrar en matinales. Nos entrevistaron en balnearios para dos canales nacionales, y en una oportunidad fuimos como p\u00fablico a un <em>late show<\/em> de humor y logramos sentar entre el p\u00fablico a nuestro esqueleto, causando que las c\u00e1maras lo enfocaran todo el tiempo con el logo de <em>Factor 50<\/em>.<\/p>\n<p><strong>\u2014\u00bfQu\u00e9 es lo que m\u00e1s los motiv\u00f3 y lo que m\u00e1s los divirti\u00f3 de hacer este trabajo?<\/strong><br \/>\n\u2014Lo que m\u00e1s nos motiv\u00f3 fue que nosotros form\u00e1bamos parte de ese target, entonces hac\u00eda falta que en estos tiempo de calor y verano se hiciera una campa\u00f1a de alto impacto pero al mismo tiempo ridiculizando, para as\u00ed poder concientizar a las personas sobre el da\u00f1o que causa la sobre exposici\u00f3n al sol sin protecci\u00f3n y todo lo que es el c\u00e1ncer a la piel, sin ser algo t\u00edpico, aburrido y que la gente no tome en cuenta. Por ende, la idea del esqueleto y las paletas que usamos en la playa como RIP fue genial, creamos toda una escena de crimen y la gente estaba fascinada.<\/p>\n<p><strong>\u2014Aparte de la publicidad, \u00bfqu\u00e9 otras cosas te apasionan?<\/strong><br \/>\n\u2014La fotograf\u00eda, muchos conciertos, los libros (<em>The perks of being a wallflower<\/em> es excelente), las exposiciones, las antig\u00fcedades, \u00a1Mad Men! Me gustar\u00eda trotar m\u00e1s y prometo hacerlo, ver <em>The Antonio Treatment<\/em> (\u00a1El tipo es seco!) y actualizarme en redes sociales.<\/p>\n<p><a href=\"http:\/\/www.primerbrief.com\/wp-content\/uploads\/2013\/04\/Daniela-foto-gr.jpg\" onclick=\"_gaq.push(['_trackEvent', 'outbound-article-int', 'http:\/\/www.primerbrief.com\/wp-content\/uploads\/2013\/04\/Daniela-foto-gr.jpg', '']);\" ><img loading=\"lazy\" decoding=\"async\" src=\"http:\/\/www.primerbrief.com\/wp-content\/uploads\/2013\/04\/Daniela-foto-ch.jpg\" alt=\"\" title=\"Daniela-foto-ch\" width=\"580\" height=\"385\" class=\"alignleft size-full wp-image-17623\" srcset=\"https:\/\/www.primerbrief.com\/wp-content\/uploads\/2013\/04\/Daniela-foto-ch.jpg 580w, https:\/\/www.primerbrief.com\/wp-content\/uploads\/2013\/04\/Daniela-foto-ch-300x199.jpg 300w\" sizes=\"auto, (max-width: 580px) 100vw, 580px\" \/><\/a><br \/>\n<em>Daniela en una de sus facetas que m\u00e1s le apasionan.<\/em><\/p>\n<p>&nbsp;<br \/>\n<strong>\u2014\u00bfActualizarte en redes sociales? Explicame c\u00f3mo es eso.<\/strong><br \/>\n\u2014Me gusta estar al d\u00eda con todo lo que pasa: en Facebook tengo <em>likes<\/em> en varias p\u00e1ginas de publicidad, creatividad, dise\u00f1o, etc. Twitter a\u00fan no lo uso mucho (s\u00e9 que deber\u00eda cambiar eso) y bueno, en webs en general, ZappingLatam siempre es interesante, la otra escuela, ads of the world y vimeo son los regalones.<\/p>\n<p><strong>\u2014Por email me contaste que ven\u00edas a la Argentina. \u00bfA qu\u00e9 ven\u00eds exactamente y qu\u00e9 esper\u00e1s encontrar en este viaje?<\/strong><br \/>\n\u2014En publicidad, all\u00e1 en la Argentina siempre est\u00e1n un paso delante de nosotros. Hacen campa\u00f1as simples que siempre causan furor. Es l\u00f3gico que a todo estudiante de publicidad le guste empaparse con la comunicaci\u00f3n argentina. Por suerte para nosotros, la Universidad nos da la pasant\u00eda para ir al Esponjario, y quiero postularme para ir el pr\u00f3ximo a\u00f1o. Espero encontrarme con un mundo totalmente nuevo, innovador y llegar a Chile con una mirada vanguardista, fresca para poder empezar proyectos que marquen la diferencia en publicidad.<br \/>\nSobre todo espero aprender que no hay un camino para resolver las cosas, sino miles. Y de qu\u00e9 forma debo rastrear y atravesar esos caminos. Igual la pasant\u00eda en el Esponajario es de apenas dos semanas, que seguramente no sean suficientes para todo lo que quiero aprender. Por lo que ser\u00eda genial conseguir alguna pasant\u00eda en agencia de una duraci\u00f3n m\u00e1s extendida, para poder traerme de la Argentina todo lo que creo necesario.<\/p>\n<p><strong>\u2014\u00bfQu\u00e9 es lo que m\u00e1s te inspira de la ense\u00f1anza publicitaria argentina?<\/strong><br \/>\n\u2014La verdad es que me llama mucho la atenci\u00f3n <a href=\"http:\/\/www.brotherad.com\" onclick=\"_gaq.push(['_trackEvent', 'outbound-article', 'http:\/\/www.brotherad.com', 'Brother']);\" target=\"_blank\">Brother<\/a>, con su concepto de <em>escuela de ideas<\/em>. Me parece que esa vuelta de tuerca abre la caja de lo que es una escuela de publicidad y la transforma en una escuela para aprender a pensar, donde no existen l\u00edmites en cuanto a conceptos o contenidos. Es como el saber: infinito.<\/p>\n<p><strong>\u2014\u00bfQu\u00e9 es lo que m\u00e1s te apasiona de la publicidad?<\/strong><br \/>\n\u2014Me fascina que todo pueda cambiar de un segundo a otro, y que siempre estemos en constante movimiento.<br \/>\n&nbsp;<br \/>\n&nbsp;<\/p>\n","protected":false},"excerpt":{"rendered":"<p>(CHILE) &#8211; Daniela San Mart\u00edn es alumna de 3\u00ba a\u00f1o de Publicidad en la UNIACC. Finalista junto a sus compa\u00f1eros en varios concursos, y ansiosa por conocer Buenos Aires, entrevistada por PRIMER BRIEF cont\u00f3: \u00abEn publicidad, all\u00e1 en la Argentina siempre est\u00e1n un paso delante de nosotros. Hacen campa\u00f1as simples que siempre causan furor\u00bb. Daniela: \u00abEn el colegio siempre fui [&hellip;]<\/p>\n","protected":false},"author":1,"featured_media":17644,"comment_status":"open","ping_status":"open","sticky":false,"template":"","format":"standard","meta":{"footnotes":""},"categories":[46],"tags":[537,129,2380,1248],"class_list":["post-17621","post","type-post","status-publish","format-standard","has-post-thumbnail","hentry","category-quien-es-quien","tag-brother-escuela-de-creativos-argentina","tag-chile","tag-daniela-san-martin-chile","tag-uniacc-chile"],"_links":{"self":[{"href":"https:\/\/www.primerbrief.com\/index.php?rest_route=\/wp\/v2\/posts\/17621","targetHints":{"allow":["GET"]}}],"collection":[{"href":"https:\/\/www.primerbrief.com\/index.php?rest_route=\/wp\/v2\/posts"}],"about":[{"href":"https:\/\/www.primerbrief.com\/index.php?rest_route=\/wp\/v2\/types\/post"}],"author":[{"embeddable":true,"href":"https:\/\/www.primerbrief.com\/index.php?rest_route=\/wp\/v2\/users\/1"}],"replies":[{"embeddable":true,"href":"https:\/\/www.primerbrief.com\/index.php?rest_route=%2Fwp%2Fv2%2Fcomments&post=17621"}],"version-history":[{"count":7,"href":"https:\/\/www.primerbrief.com\/index.php?rest_route=\/wp\/v2\/posts\/17621\/revisions"}],"predecessor-version":[{"id":17647,"href":"https:\/\/www.primerbrief.com\/index.php?rest_route=\/wp\/v2\/posts\/17621\/revisions\/17647"}],"wp:featuredmedia":[{"embeddable":true,"href":"https:\/\/www.primerbrief.com\/index.php?rest_route=\/wp\/v2\/media\/17644"}],"wp:attachment":[{"href":"https:\/\/www.primerbrief.com\/index.php?rest_route=%2Fwp%2Fv2%2Fmedia&parent=17621"}],"wp:term":[{"taxonomy":"category","embeddable":true,"href":"https:\/\/www.primerbrief.com\/index.php?rest_route=%2Fwp%2Fv2%2Fcategories&post=17621"},{"taxonomy":"post_tag","embeddable":true,"href":"https:\/\/www.primerbrief.com\/index.php?rest_route=%2Fwp%2Fv2%2Ftags&post=17621"}],"curies":[{"name":"wp","href":"https:\/\/api.w.org\/{rel}","templated":true}]}}