{"id":17648,"date":"2013-04-19T03:59:54","date_gmt":"2013-04-19T06:59:54","guid":{"rendered":"http:\/\/www.primerbrief.com\/?p=17648"},"modified":"2013-04-18T22:56:03","modified_gmt":"2013-04-19T01:56:03","slug":"llega-el-octavo-congreso-publicidad-de-altura-para-comerse-la-red","status":"publish","type":"post","link":"https:\/\/www.primerbrief.com\/?p=17648","title":{"rendered":"Llega el Octavo Congreso Publicidad de Altura: para comerse la red"},"content":{"rendered":"<p><span style=\"font-size: 11pt\"><strong>(VENEZUELA) &#8211; La <a href=\"http:\/\/fevap.com.ve\/site\/index.php\" onclick=\"_gaq.push(['_trackEvent', 'outbound-article', 'http:\/\/fevap.com.ve\/site\/index.php', 'Federaci\u00f3n Venezolana de Agencias de Publicidad']);\" target=\"_blank\">Federaci\u00f3n Venezolana de Agencias de Publicidad<\/a> (FEVAP) organiza su 8\u00b0 Congreso Publicidad de Altura, dirigido a profesionales, estudiantes de publicidad, de marketing, de comunicaci\u00f3n social, de medios audiovisuales y de dise\u00f1o gr\u00e1fico, medios, anunciantes y p\u00fablico en general. El evento ser\u00e1 del 30 de mayo al 1\u00b0 de junio. En el mismo evento se realizar\u00e1 una conferencia titulada \u00ab\u00bfPublicidad efectiva? C\u00f3mete la red\u00bb.<\/strong><\/span><\/p>\n<p><a href=\"http:\/\/www.primerbrief.com\/wp-content\/uploads\/2013\/04\/congreso.jpg\" onclick=\"_gaq.push(['_trackEvent', 'outbound-article-int', 'http:\/\/www.primerbrief.com\/wp-content\/uploads\/2013\/04\/congreso.jpg', '']);\" ><img loading=\"lazy\" decoding=\"async\" src=\"http:\/\/www.primerbrief.com\/wp-content\/uploads\/2013\/04\/congreso-ch.jpg\" alt=\"\" title=\"congreso-ch\" width=\"580\" height=\"475\" class=\"alignleft size-full wp-image-17650\" srcset=\"https:\/\/www.primerbrief.com\/wp-content\/uploads\/2013\/04\/congreso-ch.jpg 580w, https:\/\/www.primerbrief.com\/wp-content\/uploads\/2013\/04\/congreso-ch-300x245.jpg 300w\" sizes=\"auto, (max-width: 580px) 100vw, 580px\" \/><\/a><br \/>\n<em>El afiche informativo del evento.<\/em><\/p>\n<p>&nbsp;<br \/>\nLa invitaci\u00f3n es en el Hotel Bella Vista Isla de Margarita. Algunos de los expositores invitados ser\u00e1n: Roberto Bobby Co\u00edmbra (presidente del Grupo Ogilvy para la regi\u00f3n andina), Richard Ujuleta (presidente de Expomarketing Radar Sistem), Marcos Condo (presidente del Instituto de Internet) y Exequiel Rodr\u00edguez (uno de los creativos de la agencia DraftFCB que realizaron la campa\u00f1a de Adidas), entre otros.<\/p>\n<p>Los temas que se expondr\u00e1n ser\u00e1n: Marketing online &#8211; Redes Sociales &#8211; Efectividad de campa\u00f1as publicitarias &#8211; Tendencias de la radio digital &#8211; El \u00e9xito de la campa\u00f1a Adidas &#8211; C\u00f3mo vender a trav\u00e9s de la web &#8211; El poder de las bases de datos &#8211; La efectividad del email y algunos m\u00e1s.<\/p>\n<p>Las entradas est\u00e1n en venta y los precios var\u00edan seg\u00fan la fecha de anticipaci\u00f3n con la que se adquieran. Hay un descuento para estudiantes. Los precios y la lista completa de conferencistas est\u00e1 disponible en <a href=\"http:\/\/fevap.com.ve\/site\/det_noticia.php?id=182#\" onclick=\"_gaq.push(['_trackEvent', 'outbound-article', 'http:\/\/fevap.com.ve\/site\/det_noticia.php?id=182#', 'la web del evento']);\" target=\"_blank\">la web del evento<\/a>.<br \/>\n&nbsp;<br \/>\n&nbsp;<\/p>\n","protected":false},"excerpt":{"rendered":"<p>(VENEZUELA) &#8211; La Federaci\u00f3n Venezolana de Agencias de Publicidad (FEVAP) organiza su 8\u00b0 Congreso Publicidad de Altura, dirigido a profesionales, estudiantes de publicidad, de marketing, de comunicaci\u00f3n social, de medios audiovisuales y de dise\u00f1o gr\u00e1fico, medios, anunciantes y p\u00fablico en general. El evento ser\u00e1 del 30 de mayo al 1\u00b0 de junio. En el mismo evento se realizar\u00e1 una conferencia [&hellip;]<\/p>\n","protected":false},"author":1,"featured_media":17797,"comment_status":"open","ping_status":"open","sticky":false,"template":"","format":"standard","meta":{"footnotes":""},"categories":[1156],"tags":[2426,394],"class_list":["post-17648","post","type-post","status-publish","format-standard","has-post-thumbnail","hentry","category-eventos","tag-federacion-venezolana-de-agencias-de-publicidad-fevap","tag-venezuela"],"_links":{"self":[{"href":"https:\/\/www.primerbrief.com\/index.php?rest_route=\/wp\/v2\/posts\/17648","targetHints":{"allow":["GET"]}}],"collection":[{"href":"https:\/\/www.primerbrief.com\/index.php?rest_route=\/wp\/v2\/posts"}],"about":[{"href":"https:\/\/www.primerbrief.com\/index.php?rest_route=\/wp\/v2\/types\/post"}],"author":[{"embeddable":true,"href":"https:\/\/www.primerbrief.com\/index.php?rest_route=\/wp\/v2\/users\/1"}],"replies":[{"embeddable":true,"href":"https:\/\/www.primerbrief.com\/index.php?rest_route=%2Fwp%2Fv2%2Fcomments&post=17648"}],"version-history":[{"count":12,"href":"https:\/\/www.primerbrief.com\/index.php?rest_route=\/wp\/v2\/posts\/17648\/revisions"}],"predecessor-version":[{"id":17809,"href":"https:\/\/www.primerbrief.com\/index.php?rest_route=\/wp\/v2\/posts\/17648\/revisions\/17809"}],"wp:featuredmedia":[{"embeddable":true,"href":"https:\/\/www.primerbrief.com\/index.php?rest_route=\/wp\/v2\/media\/17797"}],"wp:attachment":[{"href":"https:\/\/www.primerbrief.com\/index.php?rest_route=%2Fwp%2Fv2%2Fmedia&parent=17648"}],"wp:term":[{"taxonomy":"category","embeddable":true,"href":"https:\/\/www.primerbrief.com\/index.php?rest_route=%2Fwp%2Fv2%2Fcategories&post=17648"},{"taxonomy":"post_tag","embeddable":true,"href":"https:\/\/www.primerbrief.com\/index.php?rest_route=%2Fwp%2Fv2%2Ftags&post=17648"}],"curies":[{"name":"wp","href":"https:\/\/api.w.org\/{rel}","templated":true}]}}