{"id":18246,"date":"2013-05-20T04:00:03","date_gmt":"2013-05-20T07:00:03","guid":{"rendered":"http:\/\/www.primerbrief.com\/?p=18246"},"modified":"2013-05-19T19:43:53","modified_gmt":"2013-05-19T22:43:53","slug":"pedro-galindo-y-maryluz-rozo-ganaron-las-becas-para-las-jornadas-de-comunicacion-y-marketing","status":"publish","type":"post","link":"https:\/\/www.primerbrief.com\/?p=18246","title":{"rendered":"Pedro Galindo y Maryluz Rozo ganaron las becas para las Jornadas de Comunicaci\u00f3n y Marketing"},"content":{"rendered":"<p><span style=\"font-size: 11pt\"><strong>(ARGENTINA) &#8211; PRIMER BRIEF anuncia que, realizado el sorteo entre los lectores que compartieron la noticia, los ganadores de las becas para las <a href=\"http:\/\/www.primerbrief.com\/?p=17917\" onclick=\"_gaq.push(['_trackEvent', 'outbound-article-int', 'http:\/\/www.primerbrief.com\/?p=17917', '3as Jornadas Nacionales de Comunicaci\u00f3n y Marketing 2.0']);\" target=\"_blank\">3as Jornadas Nacionales de Comunicaci\u00f3n y Marketing 2.0<\/a> que organiza <a href=\"http:\/\/www.robinlaight.com.ar\/\" onclick=\"_gaq.push(['_trackEvent', 'outbound-article', 'http:\/\/www.robinlaight.com.ar\/', 'Robin Laight']);\" target=\"_blank\">Robin Laight<\/a>, la consultora especializada en brindar capacitaciones vinculadas a las \u00e1reas de marketing, comunicaci\u00f3n y publicidad, son dos extranjeros que estudian en Buenos Aires: el chileno <a href=\"http:\/\/www.facebook.com\/teeos\" onclick=\"_gaq.push(['_trackEvent', 'outbound-article', 'http:\/\/www.facebook.com\/teeos', 'Pedro Galindo']);\" target=\"_blank\">Pedro Galindo<\/a> y la colombiana <a href=\"http:\/\/www.facebook.com\/maryluzrozo\" onclick=\"_gaq.push(['_trackEvent', 'outbound-article', 'http:\/\/www.facebook.com\/maryluzrozo', 'Maryluz Rozo']);\" target=\"_blank\">Maryluz Rozo<\/a>. Para los interesados en inscribirse a pesar de no tener beca, la cita es el 6 y el 7 de junio en la sala Astor Piazzolla del Centro Cultural Borges (Galer\u00edas Pac\u00edfico, Buenos Aires). Las jornadas cuentan con un precio especial para docentes y estudiantes.<\/strong><\/span><\/p>\n<p><a href=\"http:\/\/www.primerbrief.com\/wp-content\/uploads\/2013\/04\/conferencia-robin-dos-gr.jpg\" onclick=\"_gaq.push(['_trackEvent', 'outbound-article-int', 'http:\/\/www.primerbrief.com\/wp-content\/uploads\/2013\/04\/conferencia-robin-dos-gr.jpg', '']);\" ><img loading=\"lazy\" decoding=\"async\" src=\"http:\/\/www.primerbrief.com\/wp-content\/uploads\/2013\/04\/conferencia-robin-dos-ch.jpg\" alt=\"\" title=\"conferencia-robin-dos-ch\" width=\"580\" height=\"386\" class=\"alignleft size-full wp-image-17933\" srcset=\"https:\/\/www.primerbrief.com\/wp-content\/uploads\/2013\/04\/conferencia-robin-dos-ch.jpg 580w, https:\/\/www.primerbrief.com\/wp-content\/uploads\/2013\/04\/conferencia-robin-dos-ch-300x199.jpg 300w\" sizes=\"auto, (max-width: 580px) 100vw, 580px\" \/><\/a><br \/>\n<em>Imagen de una de las jornadas realizadas por Robin Laight. Pod\u00e9s ver la <a href=\"http:\/\/www.robinlaight.com.ar\/jornadas\/jornadas-realizadas.html\" onclick=\"_gaq.push(['_trackEvent', 'outbound-article', 'http:\/\/www.robinlaight.com.ar\/jornadas\/jornadas-realizadas.html', 'galer\u00eda completa de fotos de las distintas jornadas']);\" target=\"_blank\">galer\u00eda completa de fotos de las distintas jornadas<\/a>.<\/em><\/p>\n<p>&nbsp;<br \/>\nLa consultora dirigida por Robin Laight (que lleva su nombre) presenta las 3as Jornadas Nacionales de Comunicaci\u00f3n y Marketing 2.0. La empresa, que tiene un amplio recorrido oficiando eventos de capacitaci\u00f3n en \u00e1reas relacionadas con la comunicaci\u00f3n, invita a lectores de PRIMER BRIEF a participar de estas jornadas.<\/p>\n<p>A modo de incentivo, los estudiantes y docentes que quieran participar gozar\u00e1n de un descuento. El costo de inscripci\u00f3n es de $1.200, aunque por inscripci\u00f3n temprana (hasta el 30\/05\/2013) se abonan $1.000. La inscripci\u00f3n temprana por grupo (de hasta tres personas) es de $900 cada uno, y el valor para asistentes del exterior es de 200 d\u00f3lares. Pero el precio para estudiantes y docentes de \u00e1reas relacionadas con la comunicaci\u00f3n es de $500: para acceder a este precio hay que llamar al (011) 4953 8717 y consultar por las constancias necesarias.<\/p>\n<p>Para inscribirte pod\u00e9s <a href=\"http:\/\/www.robinlaight.com.ar\/jornadas\/jornadas\/2013\/3jorcomymktweb20\/inscripcion.php\" onclick=\"_gaq.push(['_trackEvent', 'outbound-article', 'http:\/\/www.robinlaight.com.ar\/jornadas\/jornadas\/2013\/3jorcomymktweb20\/inscripcion.php', 'completar el formulario']);\" target=\"_blank\">completar el formulario<\/a> y luego enviar un ticket de pago, o hacerlo directamente en las oficinas de la consultora, en Azcu\u00e9naga 236, Piso 2, Estudio D, Ciudad de Buenos Aires.<\/p>\n<p>Los temas de las charlas estar\u00e1n relacionados a las nuevas t\u00e9cnicas y herramientas de comunicaci\u00f3n y el marketing 2.0. <a href=\"http:\/\/www.robinlaight.com.ar\/jornadas\/jornadas\/2013\/3jorcomymktweb20\/disertantes.php\" onclick=\"_gaq.push(['_trackEvent', 'outbound-article', 'http:\/\/www.robinlaight.com.ar\/jornadas\/jornadas\/2013\/3jorcomymktweb20\/disertantes.php', 'Profesionales de las \u00e1reas']);\" target=\"_blank\">Profesionales de las \u00e1reas<\/a> compartir\u00e1n sus experiencias y conocimientos adquiridos. La jornada tiene como fin brindar una capacitaci\u00f3n complementaria, y consta de un certificado de participaci\u00f3n.<br \/>\n&nbsp;<br \/>\n&nbsp;<\/p>\n","protected":false},"excerpt":{"rendered":"<p>(ARGENTINA) &#8211; PRIMER BRIEF anuncia que, realizado el sorteo entre los lectores que compartieron la noticia, los ganadores de las becas para las 3as Jornadas Nacionales de Comunicaci\u00f3n y Marketing 2.0 que organiza Robin Laight, la consultora especializada en brindar capacitaciones vinculadas a las \u00e1reas de marketing, comunicaci\u00f3n y publicidad, son dos extranjeros que estudian en Buenos Aires: el chileno [&hellip;]<\/p>\n","protected":false},"author":3,"featured_media":17932,"comment_status":"open","ping_status":"open","sticky":false,"template":"","format":"standard","meta":{"footnotes":""},"categories":[1156],"tags":[26,376],"class_list":["post-18246","post","type-post","status-publish","format-standard","has-post-thumbnail","hentry","category-eventos","tag-argentina","tag-robin-laight-argentina"],"_links":{"self":[{"href":"https:\/\/www.primerbrief.com\/index.php?rest_route=\/wp\/v2\/posts\/18246","targetHints":{"allow":["GET"]}}],"collection":[{"href":"https:\/\/www.primerbrief.com\/index.php?rest_route=\/wp\/v2\/posts"}],"about":[{"href":"https:\/\/www.primerbrief.com\/index.php?rest_route=\/wp\/v2\/types\/post"}],"author":[{"embeddable":true,"href":"https:\/\/www.primerbrief.com\/index.php?rest_route=\/wp\/v2\/users\/3"}],"replies":[{"embeddable":true,"href":"https:\/\/www.primerbrief.com\/index.php?rest_route=%2Fwp%2Fv2%2Fcomments&post=18246"}],"version-history":[{"count":1,"href":"https:\/\/www.primerbrief.com\/index.php?rest_route=\/wp\/v2\/posts\/18246\/revisions"}],"predecessor-version":[{"id":18247,"href":"https:\/\/www.primerbrief.com\/index.php?rest_route=\/wp\/v2\/posts\/18246\/revisions\/18247"}],"wp:featuredmedia":[{"embeddable":true,"href":"https:\/\/www.primerbrief.com\/index.php?rest_route=\/wp\/v2\/media\/17932"}],"wp:attachment":[{"href":"https:\/\/www.primerbrief.com\/index.php?rest_route=%2Fwp%2Fv2%2Fmedia&parent=18246"}],"wp:term":[{"taxonomy":"category","embeddable":true,"href":"https:\/\/www.primerbrief.com\/index.php?rest_route=%2Fwp%2Fv2%2Fcategories&post=18246"},{"taxonomy":"post_tag","embeddable":true,"href":"https:\/\/www.primerbrief.com\/index.php?rest_route=%2Fwp%2Fv2%2Ftags&post=18246"}],"curies":[{"name":"wp","href":"https:\/\/api.w.org\/{rel}","templated":true}]}}