{"id":18427,"date":"2013-05-31T03:59:43","date_gmt":"2013-05-31T06:59:43","guid":{"rendered":"http:\/\/www.primerbrief.com\/?p=18427"},"modified":"2013-06-01T11:53:46","modified_gmt":"2013-06-01T14:53:46","slug":"conoce-a-las-ganadoras-del-concurso-para-asistir-al-desachate","status":"publish","type":"post","link":"https:\/\/www.primerbrief.com\/?p=18427","title":{"rendered":"Conoc\u00e9 a las ganadoras del concurso para asistir al Desachate"},"content":{"rendered":"<p><span style=\"font-size: 11pt\"><strong>(URUGUAY) &#8211; Del 12 al 14 de abril se realiz\u00f3 el cl\u00e1sico <a href=\"http:\/\/www.desachate.com\/\" onclick=\"_gaq.push(['_trackEvent', 'outbound-article', 'http:\/\/www.desachate.com\/', 'Desachate']);\" target=\"_blank\">Desachate<\/a>. Dos estudiantes de publicidad ganaron el concurso con un spot radial, que las acredit\u00f3 a participar en el evento de manera gratuita.<\/strong><\/span><\/p>\n<p><a href=\"http:\/\/www.primerbrief.com\/wp-content\/uploads\/2013\/05\/lil-y-fiorella-gr.jpg\" onclick=\"_gaq.push(['_trackEvent', 'outbound-article-int', 'http:\/\/www.primerbrief.com\/wp-content\/uploads\/2013\/05\/lil-y-fiorella-gr.jpg', '']);\" ><img loading=\"lazy\" decoding=\"async\" src=\"http:\/\/www.primerbrief.com\/wp-content\/uploads\/2013\/05\/lil-y-fiorella-ch.jpg\" alt=\"\" title=\"lil-y-fiorella-ch\" width=\"580\" height=\"440\" class=\"alignleft size-full wp-image-18456\" srcset=\"https:\/\/www.primerbrief.com\/wp-content\/uploads\/2013\/05\/lil-y-fiorella-ch.jpg 580w, https:\/\/www.primerbrief.com\/wp-content\/uploads\/2013\/05\/lil-y-fiorella-ch-300x227.jpg 300w\" sizes=\"auto, (max-width: 580px) 100vw, 580px\" \/><\/a><br \/>\n<em>Lil Larroque y Fiorella Frescheri en el hotel Esplendor.<\/em><br \/>\n&nbsp;<br \/>\nLas dos estudiantes se conocieron haciendo el curso de <a href=\"http:\/\/www.montevideo.brotherad.com\/\" onclick=\"_gaq.push(['_trackEvent', 'outbound-article', 'http:\/\/www.montevideo.brotherad.com\/', 'Brother Montevideo']);\" target=\"_blank\">Brother Montevideo<\/a>, pero adem\u00e1s cursan juntas en la <a href=\"http:\/\/www.universidad.edu.uy\/\" onclick=\"_gaq.push(['_trackEvent', 'outbound-article', 'http:\/\/www.universidad.edu.uy\/', 'Universidad de la Rep\u00fablica']);\" target=\"_blank\">Universidad de la Rep\u00fablica<\/a>. En abril participaron en el <a href=\"http:\/\/www.circulopublicidad.com\/actividad\/411_Desachate-Concurso-estudiantes\/\" onclick=\"_gaq.push(['_trackEvent', 'outbound-article', 'http:\/\/www.circulopublicidad.com\/actividad\/411_Desachate-Concurso-estudiantes\/', 'concurso']);\" target=\"_blank\">concurso<\/a> del <a href=\"http:\/\/www.circulopublicidad.com\/\" onclick=\"_gaq.push(['_trackEvent', 'outbound-article', 'http:\/\/www.circulopublicidad.com\/', 'C\u00edrculo Uruguayo de la Publicidad']);\" target=\"_blank\">C\u00edrculo Uruguayo de la Publicidad<\/a>, y ganaron, mediante spots radiales, el pase al Desachate.<br \/>\n&nbsp;<\/p>\n<p><strong>LOS SPOTS GANADORES<\/strong><br \/>\n<!-- Dewplayer Begin--><object type=\"application\/x-shockwave-flash\" data=\"https:\/\/www.primerbrief.com\/wp-content\/plugins\/dewplayer-flash-mp3-player\/dewplayer.swf?mp3=http:\/\/www.primerbrief.com\/wp-content\/themes\/magzimus\/music\/URU-FiorellaYLil-EducarParaElTurismo-Salvavidas.mp3&amp;bgcolor=FFFFFF\" width=\"200\" height=\"20\"><param name=\"bgcolor\" value=\"FFFFFF\" \/><param name=\"movie\" value=\"https:\/\/www.primerbrief.com\/wp-content\/plugins\/dewplayer-flash-mp3-player\/dewplayer.swf?mp3=http:\/\/www.primerbrief.com\/wp-content\/themes\/magzimus\/music\/URU-FiorellaYLil-EducarParaElTurismo-Salvavidas.mp3&amp;bgcolor=FFFFFF\" \/><\/object><!-- Dewplayer End--><br \/>\n<em>\u00abSalvavidas\u00bb.<\/em><\/p>\n<p>&nbsp;<br \/>\n<!-- Dewplayer Begin--><object type=\"application\/x-shockwave-flash\" data=\"https:\/\/www.primerbrief.com\/wp-content\/plugins\/dewplayer-flash-mp3-player\/dewplayer.swf?mp3=http:\/\/www.primerbrief.com\/wp-content\/themes\/magzimus\/music\/URU-FiorellaYLil-EducarParaElTurismo-Tachero.mp3&amp;bgcolor=FFFFFF\" width=\"200\" height=\"20\"><param name=\"bgcolor\" value=\"FFFFFF\" \/><param name=\"movie\" value=\"https:\/\/www.primerbrief.com\/wp-content\/plugins\/dewplayer-flash-mp3-player\/dewplayer.swf?mp3=http:\/\/www.primerbrief.com\/wp-content\/themes\/magzimus\/music\/URU-FiorellaYLil-EducarParaElTurismo-Tachero.mp3&amp;bgcolor=FFFFFF\" \/><\/object><!-- Dewplayer End--><br \/>\n<em>\u00abTachero\u00bb.<\/em><\/p>\n<p>&nbsp;<br \/>\n<!-- Dewplayer Begin--><object type=\"application\/x-shockwave-flash\" data=\"https:\/\/www.primerbrief.com\/wp-content\/plugins\/dewplayer-flash-mp3-player\/dewplayer.swf?mp3=http:\/\/www.primerbrief.com\/wp-content\/themes\/magzimus\/music\/URU-FiorellaYLil-EducarParaElTurismo-Vendedora.mp3&amp;bgcolor=FFFFFF\" width=\"200\" height=\"20\"><param name=\"bgcolor\" value=\"FFFFFF\" \/><param name=\"movie\" value=\"https:\/\/www.primerbrief.com\/wp-content\/plugins\/dewplayer-flash-mp3-player\/dewplayer.swf?mp3=http:\/\/www.primerbrief.com\/wp-content\/themes\/magzimus\/music\/URU-FiorellaYLil-EducarParaElTurismo-Vendedora.mp3&amp;bgcolor=FFFFFF\" \/><\/object><!-- Dewplayer End--><br \/>\n<em>\u00abVendedora\u00bb.<\/em><\/p>\n<p><span style=\"font-size: 11pt\"><strong>ENTREVISTA A FIORELLA FRASCHERI<\/strong><\/span><\/p>\n<p><a href=\"http:\/\/www.primerbrief.com\/wp-content\/uploads\/2013\/05\/fiore-150X150.jpg\" onclick=\"_gaq.push(['_trackEvent', 'outbound-article-int', 'http:\/\/www.primerbrief.com\/wp-content\/uploads\/2013\/05\/fiore-150X150.jpg', '']);\" ><img loading=\"lazy\" decoding=\"async\" src=\"http:\/\/www.primerbrief.com\/wp-content\/uploads\/2013\/05\/fiore-150X150.jpg\" alt=\"\" title=\"fiore-150X150\" width=\"150\" height=\"150\" class=\"alignleft size-full wp-image-18488\" \/><\/a><\/p>\n<p><strong>\u2014\u00bfQu\u00e9 es puntualmente lo que estudi\u00e1s?<\/strong><br \/>\n\u2014Mir\u00e1 te cuento hice Brother en el a\u00f1o 2011 y lo termin\u00e9 (obviamente). El diploma que me dieron dice: Redactora Creativa. Actualmente voy a la universidad p\u00fablica que se llama LICCOM (Licenciatura en Comunicaci\u00f3n) y cuando me reciba (eso espero jaja) el t\u00edtulo ser\u00eda: Licenciada en Comunicaci\u00f3n.<\/p>\n<p><strong>\u2014\u00bfY trabaj\u00e1s o trabajaste alguna vez en una agencia?<\/strong><br \/>\n\u2014Actualemente estoy haciendo una pasant\u00eda en una productora interactiva que se llama <a href=\"http:\/\/innvenio.com\/\" onclick=\"_gaq.push(['_trackEvent', 'outbound-article', 'http:\/\/innvenio.com\/', 'Innvenio']);\" target=\"_blank\">Innvenio<\/a>. El puesto es de community manager, pero en realidad lo que me gusta a mi es la parte de redacci\u00f3n y pensar ideas, no tanto estar pendiente de las redes y eso. Igualmente est\u00e1 muy bueno lo que estoy haciendo porque aprendo mucho, y como experiencia es genial. Pero ahora voy a empezar una pasant\u00eda como redactora en <a href=\"http:\/\/www.grey.com.uy\/\" onclick=\"_gaq.push(['_trackEvent', 'outbound-article', 'http:\/\/www.grey.com.uy\/', 'Grey']);\" target=\"_blank\">Grey<\/a> pero como que es medio secreto porque no est\u00e1 confirmado bien cuando arranco jaja.<strong>*<\/strong> <\/p>\n<p><strong>\u2014\u00bfY a Lil la conociste ahora en esta universidad?<\/strong><br \/>\n\u2014No, la conoc\u00ed cuando curse en Brother. En ese momento cada una ten\u00eda su dupla. Pero despu\u00e9s, cuando finalizamos el curso, nos hicimos muy amigas. Y al ver que ten\u00edamos est\u00e1 oportunidad (de participar para poder ir al Desachate) no dudamos ni dos segundos y nos anotamos como dupla.<\/p>\n<p><strong>\u2014\u00bfQu\u00e9 te pareci\u00f3 el curso de Brother, y por qu\u00e9 elegiste complementar con un estudio universitario?<\/strong><br \/>\n\u2014En realidad fue al rev\u00e9s, la universidad la empec\u00e9 antes. Lo que pasa que como es demasiado te\u00f3rica, decid\u00ed hacer el curso de Brother porque quer\u00eda hacer algo mas pr\u00e1ctico, pensar para una determinada marca, poder hacer una radio, que se yo, esas cosas. Lo que pasa que colgu\u00e9 con la facu y todav\u00eda no la termin\u00e9. Con respecto a Brother me encant\u00f3. Creo que si en alg\u00fan momento tuve la duda de si realmente la publicidad me gustaba o era de lo que quer\u00eda laburar, Brother me la sac\u00f3. Me abri\u00f3 la cabeza. \u00a1Adem\u00e1s conoc\u00ed gente re linda!<\/p>\n<p><strong>\u2014Cuando les avisaron que hab\u00edan ganado la posibilidad de poder participar del Desachate \u00bfcu\u00e1les eran sus expectativas y c\u00f3mo fue el evento?<\/strong><br \/>\n\u2014Creo que no pensaba mucho en como iba a ser porque era como que no ca\u00eda que hab\u00eda ganado el concurso y que me estaba yendo al Desachate. Pero sin duda fue mucho mejor de lo que pod\u00eda imaginarme. Las conferencias son muy motivadoras, conoc\u00e9s gente de muchos pa\u00edses, eso est\u00e1 buen\u00edsimo. Por ejemplo el trabajo de <a href=\"http:\/\/www.circulopublicidad.com\/entrevista\/175_Chris-Lester\/\" onclick=\"_gaq.push(['_trackEvent', 'outbound-article', 'http:\/\/www.circulopublicidad.com\/entrevista\/175_Chris-Lester\/', 'Chris Lester']);\" target=\"_blank\">Chris Lester<\/a> (que fue el primer conferencista del evento) me pareci\u00f3 simple pero hermoso. Una de las cosas que dijo fue: \u00abLas marcas tienen que ser simples para ser comprendidas, cre\u00edbles para ser motivadoras, disciplinadas para mantenerse aut\u00e9nticas, y confiables para que valgan la pena\u00bb. \u00a1Y lo mejor fue que termin\u00e9 compartiendo un almuerzo con \u00e9l! \u00a1Hablando como estoy hablando contigo! De Uruguay, del asado, etc. Y como experiencia fue incre\u00edble. Habl\u00e1s con gente que nunca te imaginaste que podr\u00edas llegar hablar. El \u00fanico inconventiente fue que \u00e9l hablaba todo en ingl\u00e9s, y yo soy medio queso para el ingl\u00e9s, pero nos entendimos, jaja. Al menos eso creo. Por suerte estaba con Lil, que ella entiende mucho m\u00e1s, y me salv\u00f3 de varias.<\/p>\n<p><strong>\u2014\u00bfC\u00f3mo fue que se dio esto de compartir un almuerzo? \u00bfUstedes lo fueron a buscar para decirle algo de su charla?<\/strong><br \/>\n\u2014Se di\u00f3 de casualidad compartir la mesa, y como nos hab\u00edamos quedado copadas con su charla aprovechamos y le preguntamos de todo. Igual es que todos los conferencistas est\u00e1n ah\u00ed en la vuelta, est\u00e1n ah\u00ed contigo, entonces si vos quer\u00edas hacerle una pregunta a alguno o ten\u00edas duda o lo q fuese ibas y se lo dec\u00edas.<\/p>\n<p><strong>\u2014Supongo que le pidieron una foto, \u00bfno?<\/strong><br \/>\n\u2014Jaja, yo quer\u00eda sacarme una foto pero me dio verg\u00fcenza pedirles, \u00bfpod\u00e9s creer? \u00a1Soy una tonta! En cambio, \u00e9l nos saco a nosotras porque sab\u00eda que hab\u00edamos sido las ganadoras del concurso y quer\u00eda llevarse de recuerdo una foto de las \u00abganadoras\u00bb. \u00a1Incre\u00edble! Otra charla que me gusto mucho fue la de <a href=\"http:\/\/www.lanacion.com.ar\/735046-entrevista-a-hernan-casciari\" onclick=\"_gaq.push(['_trackEvent', 'outbound-article', 'http:\/\/www.lanacion.com.ar\/735046-entrevista-a-hernan-casciari', 'Hern\u00e1n Casciari']);\" target=\"_blank\">Hern\u00e1n Casciari<\/a>. \u00a1El loco es un grande! Estaba usando como medio un blog. Un d\u00eda escribi\u00f3 \u201cM\u00e1s respeto que soy tu madre\u201d y nos cont\u00f3 que quer\u00eda acaparar un determinado publico de lectores (a las se\u00f1oras mayores) entonces se le ocurri\u00f3 hace el diario falso de Letizia Ortiz, donde supuestamente la trucha Letizia contaba en primera persona como hab\u00eda sido su compromiso con el heredero de la corona. Cada vez que la falsa Letizia posteaba algo recomendaba leer <a href=\"http:\/\/mujergorda.bitacoras.com\/\" onclick=\"_gaq.push(['_trackEvent', 'outbound-article', 'http:\/\/mujergorda.bitacoras.com\/', '\u201cLos Berttoti\u201d']);\" target=\"_blank\">\u201cLos Berttoti\u201d<\/a> (m\u00e1s respeto que soy tu madre). De ese modo, mediante el diario falso de Letizia, obtuvo nuevos lectores en su blog de \u201cLos Berttoti\u201d. Simplemente con su forma de contar historias logr\u00f3 acaparar la atenci\u00f3n de muchos, y consigui\u00f3 muchos lectores nuevos para su blog (afines a su target). Ese es el claro ejemplo de que no siempre tenemos que pensar en publicidad para hacer algo importante.<\/p>\n<p><strong>\u2014\u00bfQu\u00e9 agencias admir\u00e1s por su forma de trabajar?<\/strong><br \/>\n\u2014Una de las que m\u00e1s admiro es Plut\u00f3n. Me gusta mucho su cabeza (su forma de pensar) y de c\u00f3mo despu\u00e9s plasman esa idea. Se nota que les gusta lo que hacen y eso est\u00e1 bueno. <a href=\"http:\/\/www.gurisa.com.uy\/\" onclick=\"_gaq.push(['_trackEvent', 'outbound-article', 'http:\/\/www.gurisa.com.uy\/', 'Havas Gurisa']);\" target=\"_blank\">Havas Gurisa<\/a>, que sali\u00f3 agencia del a\u00f1o en el Desachate, me parece otra agencia muy inspiradora tambi\u00e9n.<\/p>\n<p><strong>*<\/strong> Al cierre de esta edici\u00f3n a Fiorella le confirmaron que comienza una pasant\u00eda en Grey este lunes 3 de junio: \u00abno me aseguraron que podr\u00eda llegar a quedar efectiva, que era s\u00f3lo una pasant\u00eda, \u00a1pero yo le voy a meter tanto huevo que no les va a quedar otra!\u00bb \u00a1Felicitaciones Fiore, rompela!<\/p>\n<p><a href=\"http:\/\/www.primerbrief.com\/wp-content\/uploads\/2013\/05\/biodiversidad-gr.jpg\" onclick=\"_gaq.push(['_trackEvent', 'outbound-article-int', 'http:\/\/www.primerbrief.com\/wp-content\/uploads\/2013\/05\/biodiversidad-gr.jpg', '']);\" ><img loading=\"lazy\" decoding=\"async\" src=\"http:\/\/www.primerbrief.com\/wp-content\/uploads\/2013\/05\/biodiversidad-ch.jpg\" alt=\"\" title=\"biodiversidad-ch\" width=\"287\" height=\"406\" class=\"alignleft size-full wp-image-18497\" style=\"margin: 0px 6px 0px 0px\" srcset=\"https:\/\/www.primerbrief.com\/wp-content\/uploads\/2013\/05\/biodiversidad-ch.jpg 287w, https:\/\/www.primerbrief.com\/wp-content\/uploads\/2013\/05\/biodiversidad-ch-212x300.jpg 212w\" sizes=\"auto, (max-width: 287px) 100vw, 287px\" \/><\/a><a href=\"http:\/\/www.primerbrief.com\/wp-content\/uploads\/2013\/05\/biodiversidad-2-gr.jpg\" onclick=\"_gaq.push(['_trackEvent', 'outbound-article-int', 'http:\/\/www.primerbrief.com\/wp-content\/uploads\/2013\/05\/biodiversidad-2-gr.jpg', '']);\" ><img loading=\"lazy\" decoding=\"async\" src=\"http:\/\/www.primerbrief.com\/wp-content\/uploads\/2013\/05\/biodiversidad-2-ch.jpg\" alt=\"\" title=\"biodiversidad-2-ch\" width=\"287\" height=\"406\" class=\"alignleft size-full wp-image-18496\" style=\"margin: 0px 0px 0px 0px\" srcset=\"https:\/\/www.primerbrief.com\/wp-content\/uploads\/2013\/05\/biodiversidad-2-ch.jpg 287w, https:\/\/www.primerbrief.com\/wp-content\/uploads\/2013\/05\/biodiversidad-2-ch-212x300.jpg 212w\" sizes=\"auto, (max-width: 287px) 100vw, 287px\" \/><\/a><br \/>\n<em>Campa\u00f1a que realiz\u00f3 Fiore.<\/em><br \/>\n&nbsp;<br \/>\n<span style=\"font-size: 11pt\"><strong>ENTREVISTA A LIL LARROQUE<\/strong><\/span><\/p>\n<p><a href=\"http:\/\/www.primerbrief.com\/wp-content\/uploads\/2013\/05\/lil-150X150.jpg\" onclick=\"_gaq.push(['_trackEvent', 'outbound-article-int', 'http:\/\/www.primerbrief.com\/wp-content\/uploads\/2013\/05\/lil-150X150.jpg', '']);\" ><img loading=\"lazy\" decoding=\"async\" src=\"http:\/\/www.primerbrief.com\/wp-content\/uploads\/2013\/05\/lil-150X150.jpg\" alt=\"\" title=\"lil-150X150\" width=\"150\" height=\"150\" class=\"alignleft size-full wp-image-18495\" \/><\/a><\/p>\n<p><strong>\u2014\u00bfVos cursaste en Brother con Fio?<\/strong><br \/>\n\u2014Si, hicimos Brother juntas en el 2011. Ah\u00ed nos conocimos, pero tambi\u00e9n nos cruzamos en alguna materia de la facultad.<\/p>\n<p><strong>\u2014\u00bfTambi\u00e9n curs\u00e1s la Licenciatura en Comunicaci\u00f3n?<\/strong><br \/>\n\u2014S\u00ed, en la Universidad de la Rep\u00fablica, pero la verdad es que Brohter me adentr\u00f3 m\u00e1s en lo que la publicidad. La facultad no es tan espec\u00edfica hasta el \u00faltimo a\u00f1o.<\/p>\n<p><strong>\u2014Me dijiste que trabaj\u00e1s con el Facebook abierto, \u00bfde qu\u00e9 trabaj\u00e1s?<\/strong><br \/>\n\u2014Trabajo en una empresa de marketing online hace casi 2 a\u00f1os ya. Estoy en el \u00e1rea de implementaci\u00f3n de campa\u00f1as ahora, entr\u00e9 como ejecutiva de cuentas pero no era lo que m\u00e1s me gustaba. Una cosa llev\u00f3 a otra y empec\u00e9 a implementar en las diferentes plataformas.<\/p>\n<p><strong>\u2014\u00bfQu\u00e9 tal el Desachate? \u00bfC\u00f3mo fue haber participado?<\/strong><br \/>\n\u2014El desachate fue muy bueno. \u00a1Marat\u00f3nico! Porque al ser la primer vez que \u00edbamos quer\u00edamos estar presentes en todo, y al ser jornadas de todo el d\u00eda (literalmente hablando) a la premiaci\u00f3n llegamos resfriadas y agotadas. Pero vali\u00f3 la pena. Fue una buena experiencia, la modalidad de mesas redondas que utilizaron este a\u00f1o me pareci\u00f3 genial. Son mucho m\u00e1s ricas las charlas cuando interact\u00faan m\u00e1s de una persona.<\/p>\n<p><strong>\u2014Fiore me cont\u00f3 que compartieron mesa con un conferencista, \u00a1y que \u00e9l les pidi\u00f3 una foto a ustedes! \u00bfC\u00f3mo es eso? \u00bfNo se les pas\u00f3 por la cabeza pedirles una foto ustedes a \u00e9l?<\/strong><br \/>\n\u2014Es que nos pasaron cosas un tanto extra\u00f1as, como este caso, jaja. La verdad que en ese momento, del shock (por as\u00ed decirlo) no se nos ocurri\u00f3 otra reacci\u00f3n m\u00e1s que acceder. Fiore me dec\u00eda \u00ab\u00bfpara qu\u00e9 quiere una foto nuestra? No entiendo nada\u00bb. Fue muy gracioso. Adem\u00e1s uno de ellos hablaba s\u00f3lo en ingl\u00e9s, entonces como que por m\u00e1s que supi\u00e9ramos manejarnos, romper esa barrera de hablar en otro idioma nos constaba. De todas foras terminaron mostr\u00e1ndonos todas las fotos de los lugares que hab\u00edan visitado, y despu\u00e9s nos pusimos en contacto con ellos. Nos contaron qu\u00e9 les gustar\u00eda trabar en Uruguay y muchas otras cosas.<\/p>\n<p><strong>\u2014\u00bfD\u00f3nde te gustar\u00eda trabajar de ac\u00e1 a un tiempo?<\/strong><br \/>\n\u2014La verdad que desde que entr\u00e9 a trabajar en \u00abel mundo digital\u00bb me interes\u00f3 mucho m\u00e1s. Me encanta aprender cosas todo el tiempo y \u00e9ste \u00e1rea se renueva a cada rato. Pero me gusta pila tambi\u00e9n la parte de producci\u00f3n audiovisual.<br \/>\nDe hecho ahora estoy haciendo con Fio y otra amiga de Brother un curso de fotograf\u00eda y post producci\u00f3n de fotograf\u00eda, para adentrarme un poco m\u00e1s en eso. Y bueno, espero de este curso aprender post producci\u00f3n de fotos y la parte de producci\u00f3n de fotos de moda y productos que est\u00e1 incluido para ah\u00ed decidir que hacer despu\u00e9s. Siendo honesta creo que tengo varias cosas por conocer antes de encasillarme en un trabajo o puesto puntual. Me encanta aprender cosas nuevas, me siento \u00fatil y como te dec\u00eda antes, el \u00e1rea digital en la que trabajo me obliga tambi\u00e9n a estar actualizada por lo que me siento c\u00f3moda all\u00ed. Por otro lado soy super detallista, me gusta que todo tenga un \u00abalgo especial\u00bb o ingenioso que lo diferencie de las dem\u00e1s cosas que hay. Me encanta organizar eventos, encuentros, cumplea\u00f1os, lo que fuere. Y que todo salga lo mejor posible. \u00a1Si me toca a m\u00ed organizar una juntada de amigos pobre del que me cambie los planes! Jaja. Me han dicho que ser\u00eda buena trabajando en producci\u00f3n audiovisual, me encantar\u00eda tener la oportunidad de hacerlo la verdad, ojal\u00e1 el d\u00eda de ma\u00f1ana se d\u00e9. <\/p>\n<p><a href=\"http:\/\/www.primerbrief.com\/wp-content\/uploads\/2013\/05\/goes-1-gr.jpg\" onclick=\"_gaq.push(['_trackEvent', 'outbound-article-int', 'http:\/\/www.primerbrief.com\/wp-content\/uploads\/2013\/05\/goes-1-gr.jpg', '']);\" ><img loading=\"lazy\" decoding=\"async\" src=\"http:\/\/www.primerbrief.com\/wp-content\/uploads\/2013\/05\/goes-1-ch.jpg\" alt=\"\" title=\"goes-1-ch\" width=\"190\" height=\"119\" class=\"alignleft size-full wp-image-18489\" style=\"margin: 0px 5px 0px 0px\" \/><\/a><a href=\"http:\/\/www.primerbrief.com\/wp-content\/uploads\/2013\/05\/goes-2-ch.jpg\" onclick=\"_gaq.push(['_trackEvent', 'outbound-article-int', 'http:\/\/www.primerbrief.com\/wp-content\/uploads\/2013\/05\/goes-2-ch.jpg', '']);\" ><img loading=\"lazy\" decoding=\"async\" src=\"http:\/\/www.primerbrief.com\/wp-content\/uploads\/2013\/05\/goes-2-gr.jpg\" alt=\"\" title=\"goes-2-ch\" width=\"190\" height=\"119\" class=\"alignleft size-full wp-image-18491\" style=\"margin: 0px 5px 0px 0px\" \/><\/a><a href=\"http:\/\/www.primerbrief.com\/wp-content\/uploads\/2013\/05\/goes-3-gr.jpg\" onclick=\"_gaq.push(['_trackEvent', 'outbound-article-int', 'http:\/\/www.primerbrief.com\/wp-content\/uploads\/2013\/05\/goes-3-gr.jpg', '']);\" ><img loading=\"lazy\" decoding=\"async\" src=\"http:\/\/www.primerbrief.com\/wp-content\/uploads\/2013\/05\/goes-3-ch.jpg\" alt=\"\" title=\"goes-3-ch\" width=\"190\" height=\"119\" class=\"alignleft size-full wp-image-18493\" style=\"margin: 0px 0px 0px 0px\" \/><\/a><br \/>\n<em>Campa\u00f1a que realiz\u00f3 Lil con otra dupla de Brother.<\/em><br \/>\n&nbsp;<br \/>\n&nbsp;<\/p>\n","protected":false},"excerpt":{"rendered":"<p>(URUGUAY) &#8211; Del 12 al 14 de abril se realiz\u00f3 el cl\u00e1sico Desachate. Dos estudiantes de publicidad ganaron el concurso con un spot radial, que las acredit\u00f3 a participar en el evento de manera gratuita. Lil Larroque y Fiorella Frescheri en el hotel Esplendor. &nbsp; Las dos estudiantes se conocieron haciendo el curso de Brother Montevideo, pero adem\u00e1s cursan juntas [&hellip;]<\/p>\n","protected":false},"author":1,"featured_media":18503,"comment_status":"open","ping_status":"open","sticky":false,"template":"","format":"standard","meta":{"footnotes":""},"categories":[46],"tags":[715,699,290,2562,2406,2560,2563,2561,2407,552,31],"class_list":["post-18427","post","type-post","status-publish","format-standard","has-post-thumbnail","hentry","category-quien-es-quien","tag-brother-escuela-de-creativos","tag-brother-escuela-de-creativos-uruguay","tag-brother-montevideo-uruguay","tag-chris-lester-estados-unidos","tag-fiorella-frascheri-uruguay","tag-havas-gurisa-uruguay","tag-hernan-cascieri-argentina","tag-innvenio-uruguay","tag-lil-larroque-uruguay","tag-pluton-uruguay","tag-uruguay"],"_links":{"self":[{"href":"https:\/\/www.primerbrief.com\/index.php?rest_route=\/wp\/v2\/posts\/18427","targetHints":{"allow":["GET"]}}],"collection":[{"href":"https:\/\/www.primerbrief.com\/index.php?rest_route=\/wp\/v2\/posts"}],"about":[{"href":"https:\/\/www.primerbrief.com\/index.php?rest_route=\/wp\/v2\/types\/post"}],"author":[{"embeddable":true,"href":"https:\/\/www.primerbrief.com\/index.php?rest_route=\/wp\/v2\/users\/1"}],"replies":[{"embeddable":true,"href":"https:\/\/www.primerbrief.com\/index.php?rest_route=%2Fwp%2Fv2%2Fcomments&post=18427"}],"version-history":[{"count":19,"href":"https:\/\/www.primerbrief.com\/index.php?rest_route=\/wp\/v2\/posts\/18427\/revisions"}],"predecessor-version":[{"id":18568,"href":"https:\/\/www.primerbrief.com\/index.php?rest_route=\/wp\/v2\/posts\/18427\/revisions\/18568"}],"wp:featuredmedia":[{"embeddable":true,"href":"https:\/\/www.primerbrief.com\/index.php?rest_route=\/wp\/v2\/media\/18503"}],"wp:attachment":[{"href":"https:\/\/www.primerbrief.com\/index.php?rest_route=%2Fwp%2Fv2%2Fmedia&parent=18427"}],"wp:term":[{"taxonomy":"category","embeddable":true,"href":"https:\/\/www.primerbrief.com\/index.php?rest_route=%2Fwp%2Fv2%2Fcategories&post=18427"},{"taxonomy":"post_tag","embeddable":true,"href":"https:\/\/www.primerbrief.com\/index.php?rest_route=%2Fwp%2Fv2%2Ftags&post=18427"}],"curies":[{"name":"wp","href":"https:\/\/api.w.org\/{rel}","templated":true}]}}