{"id":19023,"date":"2013-06-28T03:59:07","date_gmt":"2013-06-28T06:59:07","guid":{"rendered":"http:\/\/www.primerbrief.com\/?p=19023"},"modified":"2013-06-28T14:06:22","modified_gmt":"2013-06-28T17:06:22","slug":"en-medio-de-las-protestas-chilenas-se-renuevan-centros-de-estudiantes","status":"publish","type":"post","link":"https:\/\/www.primerbrief.com\/?p=19023","title":{"rendered":"En medio de las protestas chilenas, se renuevan centros de estudiantes"},"content":{"rendered":"<p><span style=\"font-size: 11pt\"><strong>(CHILE) &#8211; En relaci\u00f3n con las <a href=\"http:\/\/www.primerbrief.com\/?p=18885\" onclick=\"_gaq.push(['_trackEvent', 'outbound-article-int', 'http:\/\/www.primerbrief.com\/?p=18885', 'manifestaciones chilenas por la reforma educativa']);\" target=\"_blank\">manifestaciones chilenas por la reforma educativa<\/a>, los centros de estudiantes tiene un <a href=\"http:\/\/www.ucentral.cl\/autoridades-ucen-recibieron-a-la-feucen-y-representantes-de-centros-de-estudiantes\/prontus_ucentral2012\/2013-06-21\/183904.html\" onclick=\"_gaq.push(['_trackEvent', 'outbound-article', 'http:\/\/www.ucentral.cl\/autoridades-ucen-recibieron-a-la-feucen-y-representantes-de-centros-de-estudiantes\/prontus_ucentral2012\/2013-06-21\/183904.html', 'rol activo']);\" target=\"_blank\">rol activo<\/a> en el reclamo por dichas modificaciones. En esta oportunidad fue la carrera de Publicidad la que recibi\u00f3 una renovaci\u00f3n de su centro de estudiantes.<\/strong><\/span><\/p>\n<p><a href=\"http:\/\/www.primerbrief.com\/wp-content\/uploads\/2013\/06\/nicollas-barrios-gr.jpg\" onclick=\"_gaq.push(['_trackEvent', 'outbound-article-int', 'http:\/\/www.primerbrief.com\/wp-content\/uploads\/2013\/06\/nicollas-barrios-gr.jpg', '']);\" ><img loading=\"lazy\" decoding=\"async\" src=\"http:\/\/www.primerbrief.com\/wp-content\/uploads\/2013\/06\/nicollas-barrios-ch.jpg\" alt=\"\" title=\"nicollas-barrios-ch\" width=\"580\" height=\"461\" class=\"alignleft size-full wp-image-19039\" srcset=\"https:\/\/www.primerbrief.com\/wp-content\/uploads\/2013\/06\/nicollas-barrios-ch.jpg 580w, https:\/\/www.primerbrief.com\/wp-content\/uploads\/2013\/06\/nicollas-barrios-ch-300x238.jpg 300w\" sizes=\"auto, (max-width: 580px) 100vw, 580px\" \/><\/a><br \/>\n<em>Nicol\u00e1s Barrios, presidente del centro de estudiantes de la Universidad Central.<\/em><\/p>\n<p>&nbsp;<br \/>\nEn la carrera de publicidad de la <a href=\"http:\/\/www.ucentral.cl\/\" onclick=\"_gaq.push(['_trackEvent', 'outbound-article', 'http:\/\/www.ucentral.cl\/', 'Universidad Central']);\" target=\"_blank\">Universidad Central<\/a> hay una nueva conducci\u00f3n de su centro de estudiantes. La \u00fanica lista postulada gan\u00f3 por m\u00e1s del 80 por ciento de los votos. En esta votaci\u00f3n particip\u00f3 el 68 por ciento de los estudiantes. El nuevo Centro de Estudiantes para el per\u00edodo 2013-2014 ser\u00e1 conducido por <a href=\"https:\/\/twitter.com\/NicoBarriosM\" onclick=\"_gaq.push(['_trackEvent', 'outbound-article', 'https:\/\/twitter.com\/NicoBarriosM', 'Nicol\u00e1s Barrios']);\" target=\"_blank\">Nicol\u00e1s Barrios<\/a> y contar\u00e1 con la colaboraci\u00f3n de Hern\u00e1n Albornoz, Tiare Meza, H\u00e9ctor Quijano, Ivor Vera, Jorge \u00c1lvarez y Cristi\u00e1n Brice\u00f1o. De la lista de colaboradores se destaca Hern\u00e1n Albornoz, quien fue presidente del per\u00edodo anterior.<\/p>\n<p><a href=\"http:\/\/www.primerbrief.com\/wp-content\/uploads\/2013\/06\/estatua-de-andres-bello-encapuchada-gr.jpg\" onclick=\"_gaq.push(['_trackEvent', 'outbound-article-int', 'http:\/\/www.primerbrief.com\/wp-content\/uploads\/2013\/06\/estatua-de-andres-bello-encapuchada-gr.jpg', '']);\" ><img loading=\"lazy\" decoding=\"async\" src=\"http:\/\/www.primerbrief.com\/wp-content\/uploads\/2013\/06\/estatua-de-andres-bello-encapuchada-ch.jpg\" alt=\"\" title=\"estatua-de-andres-bello-encapuchada-ch\" width=\"580\" height=\"435\" class=\"alignleft size-full wp-image-19030\" srcset=\"https:\/\/www.primerbrief.com\/wp-content\/uploads\/2013\/06\/estatua-de-andres-bello-encapuchada-ch.jpg 580w, https:\/\/www.primerbrief.com\/wp-content\/uploads\/2013\/06\/estatua-de-andres-bello-encapuchada-ch-300x225.jpg 300w\" sizes=\"auto, (max-width: 580px) 100vw, 580px\" \/><\/a><br \/>\n<em>Estatua de Andr\u00e9s Bello, que fue vestida con un pasamonta\u00f1as para que forme parte de los encapuchados; como se autodefinen los estudiantes manifestantes. Fotos: Wikipedia.<\/em><\/p>\n<p>&nbsp;<br \/>\nAlgunos de los roles que cumplen los representantes de los centros de estudiantes son las de asistir a reuniones con representantes de las distintas universidades, como as\u00ed tambi\u00e9n dialogar con representantes del gobierno chileno. <\/p>\n<p>La reforma educacional buscada no s\u00f3lo apunta a la ense\u00f1anza universitaria, sino tambi\u00e9n a que la educaci\u00f3n p\u00fablica se mejore en nivel primario y secundario (aproximadamente la mitad de los chilenos en edad escolar asisten a establecimientos educativos privados en esas instancias).<\/p>\n<p><a href=\"http:\/\/www.primerbrief.com\/wp-content\/uploads\/2013\/06\/manifestacion-educacion-no-se-vende-ch.jpg\" onclick=\"_gaq.push(['_trackEvent', 'outbound-article-int', 'http:\/\/www.primerbrief.com\/wp-content\/uploads\/2013\/06\/manifestacion-educacion-no-se-vende-ch.jpg', '']);\" ><img loading=\"lazy\" decoding=\"async\" src=\"http:\/\/www.primerbrief.com\/wp-content\/uploads\/2013\/06\/manifestacion-educacion-no-se-vende-ch.jpg\" alt=\"\" title=\"manifestacion-educacion-no-se-vende-ch\" width=\"580\" height=\"388\" class=\"alignleft size-full wp-image-19032\" srcset=\"https:\/\/www.primerbrief.com\/wp-content\/uploads\/2013\/06\/manifestacion-educacion-no-se-vende-ch.jpg 580w, https:\/\/www.primerbrief.com\/wp-content\/uploads\/2013\/06\/manifestacion-educacion-no-se-vende-ch-300x200.jpg 300w\" sizes=\"auto, (max-width: 580px) 100vw, 580px\" \/><\/a><br \/>\n<em>Una de las manifestaciones por la reforma educativa. <\/em><\/p>\n<p>&nbsp;<br \/>\nUna dif\u00edcil tarea tendr\u00e1n los j\u00f3venes que conforman el nuevo centro de estudiantes, ya que ayer mi\u00e9rcoles estuvo programada una marcha estudiantil a la que, adem\u00e1s, sumaron su apoyo trabajadores de la industria minera del cobre, empleados del \u00e1rea portuaria y de la salud.<\/p>\n<p><iframe loading=\"lazy\" width=\"580\" height=\"435\" src=\"http:\/\/www.youtube.com\/embed\/oeEav-wdzbY\" frameborder=\"0\" allowfullscreen><\/iframe><br \/>\n<em>Video de las barricadas propuestas por las manifestaciones estudiantiles. (Foto: Prensa CNN Chile).<\/em><\/p>\n<p>&nbsp;<br \/>\nEl rol de los centros de estudiantes en este conflicto es el de comunicar la posici\u00f3n y las inquietudes de los estudiantes de las distintas carreras. Y seguir sembrando la semilla que plant\u00f3 <a href=\"http:\/\/www.primerbrief.com\/?p=2431\" onclick=\"_gaq.push(['_trackEvent', 'outbound-article-int', 'http:\/\/www.primerbrief.com\/?p=2431', 'Camila Vallejo']);\" target=\"_blank\">Camila Vallejo<\/a>.<br \/>\n&nbsp;<br \/>\n&nbsp;<\/p>\n","protected":false},"excerpt":{"rendered":"<p>(CHILE) &#8211; En relaci\u00f3n con las manifestaciones chilenas por la reforma educativa, los centros de estudiantes tiene un rol activo en el reclamo por dichas modificaciones. En esta oportunidad fue la carrera de Publicidad la que recibi\u00f3 una renovaci\u00f3n de su centro de estudiantes. Nicol\u00e1s Barrios, presidente del centro de estudiantes de la Universidad Central. &nbsp; En la carrera de [&hellip;]<\/p>\n","protected":false},"author":1,"featured_media":19038,"comment_status":"open","ping_status":"open","sticky":false,"template":"","format":"standard","meta":{"footnotes":""},"categories":[16],"tags":[2653,129,2651,2648,2646,2649,2650,2652,2647],"class_list":["post-19023","post","type-post","status-publish","format-standard","has-post-thumbnail","hentry","category-estudiantes","tag-andres-bello-chile","tag-chile","tag-cristian-briceno-chile","tag-hector-quijano-chile","tag-hernan-albornoz-chile","tag-ivor-vera-chile","tag-jorge-alvarez-chile","tag-nicolas-barrios-chile","tag-tiare-meza-chile"],"_links":{"self":[{"href":"https:\/\/www.primerbrief.com\/index.php?rest_route=\/wp\/v2\/posts\/19023","targetHints":{"allow":["GET"]}}],"collection":[{"href":"https:\/\/www.primerbrief.com\/index.php?rest_route=\/wp\/v2\/posts"}],"about":[{"href":"https:\/\/www.primerbrief.com\/index.php?rest_route=\/wp\/v2\/types\/post"}],"author":[{"embeddable":true,"href":"https:\/\/www.primerbrief.com\/index.php?rest_route=\/wp\/v2\/users\/1"}],"replies":[{"embeddable":true,"href":"https:\/\/www.primerbrief.com\/index.php?rest_route=%2Fwp%2Fv2%2Fcomments&post=19023"}],"version-history":[{"count":12,"href":"https:\/\/www.primerbrief.com\/index.php?rest_route=\/wp\/v2\/posts\/19023\/revisions"}],"predecessor-version":[{"id":19087,"href":"https:\/\/www.primerbrief.com\/index.php?rest_route=\/wp\/v2\/posts\/19023\/revisions\/19087"}],"wp:featuredmedia":[{"embeddable":true,"href":"https:\/\/www.primerbrief.com\/index.php?rest_route=\/wp\/v2\/media\/19038"}],"wp:attachment":[{"href":"https:\/\/www.primerbrief.com\/index.php?rest_route=%2Fwp%2Fv2%2Fmedia&parent=19023"}],"wp:term":[{"taxonomy":"category","embeddable":true,"href":"https:\/\/www.primerbrief.com\/index.php?rest_route=%2Fwp%2Fv2%2Fcategories&post=19023"},{"taxonomy":"post_tag","embeddable":true,"href":"https:\/\/www.primerbrief.com\/index.php?rest_route=%2Fwp%2Fv2%2Ftags&post=19023"}],"curies":[{"name":"wp","href":"https:\/\/api.w.org\/{rel}","templated":true}]}}