{"id":19207,"date":"2013-07-05T03:59:30","date_gmt":"2013-07-05T06:59:30","guid":{"rendered":"http:\/\/www.primerbrief.com\/?p=19207"},"modified":"2013-07-05T10:09:02","modified_gmt":"2013-07-05T13:09:02","slug":"dos-creativos-de-young-rubicam-ganaron-el-concurso-lia-conversaciones-creativas","status":"publish","type":"post","link":"https:\/\/www.primerbrief.com\/?p=19207","title":{"rendered":"Dos creativos de Young &#038; Rubicam ganaron el concurso LIA Conversaciones Creativas"},"content":{"rendered":"<p><span style=\"font-size: 11pt\"><strong>(ARGENTINA) &#8211; Carlos Napoli y Santiago Fern\u00e1ndez, de Young &#038; Rubicam Buenos Aires, fueron los elegidos y viajar\u00e1n a Las Vegas para participar de \u201cConversaciones Creativas\u201d, el programa de capacitaci\u00f3n que brindan los <a href=\"http:\/\/www.liaawards.com\/\" onclick=\"_gaq.push(['_trackEvent', 'outbound-article', 'http:\/\/www.liaawards.com\/', 'London International Awards']);\" target=\"_blank\">London International Awards<\/a>.<\/strong><\/span><\/p>\n<p><a href=\"http:\/\/www.primerbrief.com\/wp-content\/uploads\/2013\/07\/Napoli-y-Fernandez-gr.jpg\" onclick=\"_gaq.push(['_trackEvent', 'outbound-article-int', 'http:\/\/www.primerbrief.com\/wp-content\/uploads\/2013\/07\/Napoli-y-Fernandez-gr.jpg', '']);\" ><img loading=\"lazy\" decoding=\"async\" src=\"http:\/\/www.primerbrief.com\/wp-content\/uploads\/2013\/07\/Napoli-y-Fernandez-ch.jpg\" alt=\"\" title=\"Napoli-y-Fernandez-ch\" width=\"580\" height=\"440\" class=\"alignleft size-full wp-image-19209\" srcset=\"https:\/\/www.primerbrief.com\/wp-content\/uploads\/2013\/07\/Napoli-y-Fernandez-ch.jpg 580w, https:\/\/www.primerbrief.com\/wp-content\/uploads\/2013\/07\/Napoli-y-Fernandez-ch-300x227.jpg 300w\" sizes=\"auto, (max-width: 580px) 100vw, 580px\" \/><\/a><br \/>\n<em>Carlos Napoli y Santiago Fern\u00e1ndez, los ganadores del concurso para viajar a las Conversaciones Creativas de LIA.<\/em><\/p>\n<p>&nbsp;<br \/>\nEl redactor <a href=\"http:\/\/ar.linkedin.com\/pub\/carlos-napoli\/20\/8b2\/149\" onclick=\"_gaq.push(['_trackEvent', 'outbound-article', 'http:\/\/ar.linkedin.com\/pub\/carlos-napoli\/20\/8b2\/149', 'Carlos Napoli']);\" target=\"_blank\">Carlos Napoli<\/a> y el director de arte <a href=\"http:\/\/ar.linkedin.com\/pub\/santiago-fern%C3%A1ndez\/69\/988\/19b\" onclick=\"_gaq.push(['_trackEvent', 'outbound-article', 'http:\/\/ar.linkedin.com\/pub\/santiago-fern%C3%A1ndez\/69\/988\/19b', 'Santiago Fern\u00e1ndez']);\" target=\"_blank\">Santiago Fern\u00e1ndez<\/a>, de la agencia Young Rubicam Buenos Aires, ser\u00e1n los representantes argentinos en el programa Conversaciones Creativas que tendr\u00e1 lugar en el Wynn \/ Encore de Las Vegas del 6 al 12 de octubre, durante la semana de juzgamiento de los London International Awards.<\/p>\n<p>El concurso, en el que participaron 19 duplas creativas, tuvo como jurados encargados de evaluar las piezas presentadas a Hern\u00e1n Ponce (Ponce Buenos Aires \/ Fundaci\u00f3n Publicidar), Gast\u00f3n Bigio (C\u00edrculo de Creativos Argentinos) y Marta Gonz\u00e1lez Muguruza (LIA).<\/p>\n<p>En el segundo puesto quedaron Ezequiel De Luca y Tom\u00e1s Megna, de Del Campo Nazca Saatchi &#038; Saatchi, y las menciones fueron para Agust\u00edn Suarez y Sebasti\u00e1n Duccoli (BBDO), Dana Daverio y Felipe Autran (Ogilvy) y Lucas Antunes y Nicol\u00e1s Smith (Ogilvy).<\/p>\n<p><a href=\"http:\/\/www.primerbrief.com\/wp-content\/uploads\/2013\/07\/Exposiciones-concurso-LIA-gr.jpg\" onclick=\"_gaq.push(['_trackEvent', 'outbound-article-int', 'http:\/\/www.primerbrief.com\/wp-content\/uploads\/2013\/07\/Exposiciones-concurso-LIA-gr.jpg', '']);\" ><img loading=\"lazy\" decoding=\"async\" src=\"http:\/\/www.primerbrief.com\/wp-content\/uploads\/2013\/07\/exposiciones-concurso-LIA-circulo-de-creativos-argentinos-gr.jpg\" alt=\"\" title=\"exposiciones-concurso-LIA-circulo-de-creativos-argentinos-gr\" width=\"580\" height=\"435\" class=\"alignleft size-full wp-image-19212\" srcset=\"https:\/\/www.primerbrief.com\/wp-content\/uploads\/2013\/07\/exposiciones-concurso-LIA-circulo-de-creativos-argentinos-gr.jpg 580w, https:\/\/www.primerbrief.com\/wp-content\/uploads\/2013\/07\/exposiciones-concurso-LIA-circulo-de-creativos-argentinos-gr-300x225.jpg 300w\" sizes=\"auto, (max-width: 580px) 100vw, 580px\" \/><\/a><br \/>\n<em>De pie, las duplas finalistas; hincada, la dupla ganadora.<\/em><\/p>\n<p>&nbsp;<br \/>\nLa propuesta del concurso era presentar una idea de bien p\u00fablico para la fundaci\u00f3n Publicidar. La implementaci\u00f3n de la idea ganadora ser\u00e1 responsabilidad de la dupla premiada y la producci\u00f3n correr\u00e1 por cuenta del CCA.<\/p>\n<p>En la edici\u00f3n anterior los representantes argentinos hab\u00edan sido de <a href=\"http:\/\/ar.linkedin.com\/pub\/ignacio-ferioli\/1b\/960\/6aa\" onclick=\"_gaq.push(['_trackEvent', 'outbound-article', 'http:\/\/ar.linkedin.com\/pub\/ignacio-ferioli\/1b\/960\/6aa', 'Ignacio Ferioli']);\" target=\"_blank\">Ignacio Ferioli<\/a> y <a href=\"http:\/\/ar.linkedin.com\/pub\/diego-medvedocky\/28\/781\/aab\" onclick=\"_gaq.push(['_trackEvent', 'outbound-article', 'http:\/\/ar.linkedin.com\/pub\/diego-medvedocky\/28\/781\/aab', 'Diego Medvedocky']);\" target=\"_blank\">Diego Medvedocky<\/a>, la dupla que obtuvo los reconocimientos de Mejor Redactor y Mejor Director de Arte en <a href=\"http:\/\/www.primerbrief.com\/?p=5490\" onclick=\"_gaq.push(['_trackEvent', 'outbound-article-int', 'http:\/\/www.primerbrief.com\/?p=5490', 'la edici\u00f3n 2011 de Diente']);\" target=\"_blank\">la edici\u00f3n 2011 de Diente<\/a>, el premio anual del C\u00edrculo.<\/p>\n<p>LIA, a trav\u00e9s de su programa \u00abConversaciones Creativas\u00bb que comenz\u00f3 el a\u00f1o pasado, invita a dos representantes argentinos a participar del evento que convoca a un grupo de 70 j\u00f3venes creativos de todas partes del mundo para dialogar con grandes figuras de la comunicaci\u00f3n. Es una oportunidad para conectar el talento creativo en todo el mundo en todos los niveles. El objetivo es brindarles a las nuevas generaciones un acceso sin precedentes a la posibilidad de di\u00e1logo directo con algunos de los m\u00e1ximos referentes de la comunicaci\u00f3n y sumarse a una serie de debates y seminarios.<br \/>\n&nbsp;<br \/>\n&nbsp;<\/p>\n","protected":false},"excerpt":{"rendered":"<p>(ARGENTINA) &#8211; Carlos Napoli y Santiago Fern\u00e1ndez, de Young &#038; Rubicam Buenos Aires, fueron los elegidos y viajar\u00e1n a Las Vegas para participar de \u201cConversaciones Creativas\u201d, el programa de capacitaci\u00f3n que brindan los London International Awards. Carlos Napoli y Santiago Fern\u00e1ndez, los ganadores del concurso para viajar a las Conversaciones Creativas de LIA. &nbsp; El redactor Carlos Napoli y el [&hellip;]<\/p>\n","protected":false},"author":1,"featured_media":19261,"comment_status":"open","ping_status":"open","sticky":false,"template":"","format":"standard","meta":{"footnotes":""},"categories":[145],"tags":[26,231,2684,228,2688,2687,2686,233,1726,2685,236],"class_list":["post-19207","post","type-post","status-publish","format-standard","has-post-thumbnail","hentry","category-premios","tag-argentina","tag-bbdo-argentina","tag-carlos-napoli-argentina","tag-circulo-de-creativos-argentinos","tag-del-campo-saatchi-saatchi-argentina","tag-fundacion-publicidar-argentina","tag-lia-conversaciones-creativas","tag-ogilvy-argentina","tag-ponce-buenos-aires-argentina","tag-santiago-fernandez-argentina","tag-young-rubicam-argentina"],"_links":{"self":[{"href":"https:\/\/www.primerbrief.com\/index.php?rest_route=\/wp\/v2\/posts\/19207","targetHints":{"allow":["GET"]}}],"collection":[{"href":"https:\/\/www.primerbrief.com\/index.php?rest_route=\/wp\/v2\/posts"}],"about":[{"href":"https:\/\/www.primerbrief.com\/index.php?rest_route=\/wp\/v2\/types\/post"}],"author":[{"embeddable":true,"href":"https:\/\/www.primerbrief.com\/index.php?rest_route=\/wp\/v2\/users\/1"}],"replies":[{"embeddable":true,"href":"https:\/\/www.primerbrief.com\/index.php?rest_route=%2Fwp%2Fv2%2Fcomments&post=19207"}],"version-history":[{"count":10,"href":"https:\/\/www.primerbrief.com\/index.php?rest_route=\/wp\/v2\/posts\/19207\/revisions"}],"predecessor-version":[{"id":19263,"href":"https:\/\/www.primerbrief.com\/index.php?rest_route=\/wp\/v2\/posts\/19207\/revisions\/19263"}],"wp:featuredmedia":[{"embeddable":true,"href":"https:\/\/www.primerbrief.com\/index.php?rest_route=\/wp\/v2\/media\/19261"}],"wp:attachment":[{"href":"https:\/\/www.primerbrief.com\/index.php?rest_route=%2Fwp%2Fv2%2Fmedia&parent=19207"}],"wp:term":[{"taxonomy":"category","embeddable":true,"href":"https:\/\/www.primerbrief.com\/index.php?rest_route=%2Fwp%2Fv2%2Fcategories&post=19207"},{"taxonomy":"post_tag","embeddable":true,"href":"https:\/\/www.primerbrief.com\/index.php?rest_route=%2Fwp%2Fv2%2Ftags&post=19207"}],"curies":[{"name":"wp","href":"https:\/\/api.w.org\/{rel}","templated":true}]}}