{"id":19665,"date":"2013-08-06T03:59:39","date_gmt":"2013-08-06T06:59:39","guid":{"rendered":"http:\/\/www.primerbrief.com\/?p=19665"},"modified":"2013-08-06T19:19:47","modified_gmt":"2013-08-06T22:19:47","slug":"como-redactamos-contenidos-digitales","status":"publish","type":"post","link":"https:\/\/www.primerbrief.com\/?p=19665","title":{"rendered":"\u00bfSab\u00e9s c\u00f3mo redactar contenidos digitales?"},"content":{"rendered":"<p><span style=\"font-size: 11pt\"><strong>(ARGENTINA) &#8211; La <a href=\"http:\/\/www.essp.com.ar\/\" onclick=\"_gaq.push(['_trackEvent', 'outbound-article', 'http:\/\/www.essp.com.ar\/', 'Escuela Superior de Publicidad']);\" target=\"_blank\">Escuela Superior de Publicidad<\/a> dicta un taller en el que dos especialistas brindar\u00e1n las claves para hacerlo.<\/strong><\/span><\/p>\n<p><a href=\"http:\/\/www.primerbrief.com\/wp-content\/uploads\/2013\/08\/esp-900px.jpg\" onclick=\"_gaq.push(['_trackEvent', 'outbound-article-int', 'http:\/\/www.primerbrief.com\/wp-content\/uploads\/2013\/08\/esp-900px.jpg', '']);\" ><img loading=\"lazy\" decoding=\"async\" src=\"http:\/\/www.primerbrief.com\/wp-content\/uploads\/2013\/08\/esp-580px.jpg\" alt=\"\" title=\"esp-580px\" width=\"580\" height=\"492\" class=\"alignleft size-full wp-image-19670\" srcset=\"https:\/\/www.primerbrief.com\/wp-content\/uploads\/2013\/08\/esp-580px.jpg 580w, https:\/\/www.primerbrief.com\/wp-content\/uploads\/2013\/08\/esp-580px-300x254.jpg 300w\" sizes=\"auto, (max-width: 580px) 100vw, 580px\" \/><\/a><br \/>\n<em>El taller tendr\u00e1 una modalidad te\u00f3rico-pr\u00e1ctica y constar\u00e1 de cinco clases.<\/em><\/p>\n<p>&nbsp;<br \/>\n<a href=\"http:\/\/www.primerbrief.com\/wp-content\/uploads\/2013\/08\/Foto-Marcos-Montenero-60x60px.jpg\" onclick=\"_gaq.push(['_trackEvent', 'outbound-article-int', 'http:\/\/www.primerbrief.com\/wp-content\/uploads\/2013\/08\/Foto-Marcos-Montenero-60x60px.jpg', '']);\" target=\"_blank\"><img loading=\"lazy\" decoding=\"async\" src=\"http:\/\/www.primerbrief.com\/wp-content\/uploads\/2013\/08\/Foto-Marcos-Montenero-60x60px.jpg\" width=\"60\" height=\"60\" class=\"alignleft size-full wp-image-17503\" style=\"margin: 0px 10px 0px 0px\" \/><\/a><strong>POR <a href=\"http:\/\/www.primerbrief.com\/?tag=marcos-montenero-argentina\" onclick=\"_gaq.push(['_trackEvent', 'outbound-article-int', 'http:\/\/www.primerbrief.com\/?tag=marcos-montenero-argentina', 'MARCOS MONTENERO']);\" target=\"_blank\">MARCOS MONTENERO<\/a><\/strong><br \/>\n<em>Especial para PB<\/em><br \/>\n(Texto e imagen de portada)<\/p>\n<p style=\"clear:left;\">\n<p>&nbsp;<br \/>\nPartiendo de la premisa de que escribir para la web es escribir de otra manera, la Escuela Superior de Publicidad propone el taller <em>\u00bfC\u00f3mo @##%&#038; redactamos contenidos digitales?<\/em> A cargo de Vivian Garc\u00eda Hermosi y Eugenia Rombol\u00e1, comenzar\u00e1 el mi\u00e9rcoles 14 de agosto y se dictar\u00e1 de 19 a 21 durante cinco clases te\u00f3rico-pr\u00e1cticas. Los contenidos de cada clase estar\u00e1n distribuidos de la siguiente manera:<\/p>\n<p>\u2022 Clase 1: \u00bfQu\u00e9 esperan de nosotros los lectores de la web? Aprend\u00e9 a redactar: P\u00e1ginas web \u2013 Art\u00edculos para blogs.<br \/>\n\u2022 Clase 2: C\u00f3mo redactar contenidos para Facebook y Twitter. Especificidades de los contenidos en <em>social media<\/em>.<br \/>\n\u2022 Clase 3: Redacci\u00f3n de newsletters, gacetillas y banners. Aprend\u00e9 c\u00f3mo comunicar titulares, bajadas, etc. Redacci\u00f3n de cat\u00e1logos.<br \/>\n\u2022 Clase 4: Medidas para evitar errores de ortograf\u00eda y de tipeo. \u00bfDe qu\u00e9 forma leer a la hora de corregir?<br \/>\n\u2022 Clase 5: Profundizaremos en los conceptos de creatividad, trabajo e inspiraci\u00f3n. Devoluci\u00f3n final.<\/p>\n<p>Para reservas, escribir a <a href=\"mailto:seminarios@essp.com.ar\" onclick=\"_gaq.push(['_trackEvent','mailto','seminarios@essp.com.ar']);\" >seminarios@essp.com.ar<\/a>, y para m\u00e1s informaci\u00f3n, a <a href=\"mailto:info@essp.com.ar\" onclick=\"_gaq.push(['_trackEvent','mailto','info@essp.com.ar']);\" >info@essp.com.ar<\/a> o al tel\u00e9fono (54 11) 4816 2999.<\/p>\n<p>Tuvimos una peque\u00f1a entrevista con las docentes a cargo del taller y nos contaron lo siguiente:<\/p>\n<p><strong>PRIMER BRIEF: A ra\u00edz de que el taller trata sobre c\u00f3mo redactar contenidos digitales, \u00bfcu\u00e1l es su opini\u00f3n acerca de la irrupci\u00f3n de estos medios en la vida de las personas y c\u00f3mo, en publicidad, se deber\u00eda aprovechar los mismos?<\/strong><br \/>\nEugenia Rombol\u00e1: Con la irrupci\u00f3n de internet y las redes sociales a la vida cotidiana de la gente, los contenidos digitales se volvieron una necesidad fundamental para las empresas, pero tambi\u00e9n para los profesionales y emprendedores. Los contenidos permiten un <em>feedback<\/em> con la gente que otros medios no logran. Mucha gente sabe escribir muy bien y le gusta internet, pero la redacci\u00f3n de contenidos digitales es un campo que se est\u00e1 profesionalizando cada d\u00eda m\u00e1s, y con saber escribir no alcanza, hay que aprender sus claves y secretos.<br \/>\nVivian Garc\u00eda Hermosi: Hoy internet es un medio de comunicaci\u00f3n, y quienes trabajamos en \u00e9l tenemos que conocer en detalle sus especificidades. Profesionalizarse en un terreno todav\u00eda muy nuevo es un desaf\u00edo.<\/p>\n<p><strong>PB: \u00bfCu\u00e1l es la importancia del taller, por qu\u00e9 la gente deber\u00eda acercarse y qu\u00e9 esperan de \u00e9l y de los estudiantes?<\/strong><br \/>\nER: Espero poder transmitir todo lo que fui aprendiendo en los \u00faltimos a\u00f1os a trav\u00e9s del estudio, pero sobre todo del oficio. Quiero seguir aprendiendo de quienes participen del taller, porque al dictar un taller se genera un ida y vuelta s\u00faper interesante, donde las inquietudes que presentan los participantes hacen que uno siga investigando, aprendiendo y perfeccion\u00e1ndose.<br \/>\nVGH: Euge (Eugenia Rombol\u00e1) y yo armamos talleres para compartir nuestros conocimientos, pero tambi\u00e9n somos eternas aprendices que buscamos, investigamos y seguimos descubriendo cosas nuevas cada d\u00eda. Lo bueno de estos talleres es que conocemos a gente como nosotras.<\/p>\n<p>&nbsp;<br \/>\n<span style=\"font-size: 11pt\"><strong>SOBRE LAS DOCENTES<\/strong><\/span><\/p>\n<p>Eugenia Rombol\u00e1 se desempe\u00f1a como redactora y correctora <em>freelance<\/em>. Trabaj\u00f3 para diferentes editoriales en la redacci\u00f3n de libros infantles, cat\u00e1logos, folletos y otras piezas publicitarias. Es jefa de edici\u00f3n de la revista Victoria Rolanda, donde tambi\u00e9n escribe rese\u00f1as y diversas notas period\u00edsticas.<\/p>\n<p>Vivian Garc\u00eda Hermosi es periodista y redactora publicitaria. Trabaj\u00f3 como <em>community manager<\/em> para L&#8217;Oreal, Maybelline, San Justo Shopping, Huggies, entre otros. Tambi\u00e9n form\u00f3 parte del equipo de Contenidos de Grupo Clar\u00edn. Dirige la revista digital para mujeres Victoria Rolanda. Hoy en d\u00eda trabaja con Evolution, entre otras agencias.<br \/>\n&nbsp;<br \/>\n&nbsp;<\/p>\n","protected":false},"excerpt":{"rendered":"<p>(ARGENTINA) &#8211; La Escuela Superior de Publicidad dicta un taller en el que dos especialistas brindar\u00e1n las claves para hacerlo. El taller tendr\u00e1 una modalidad te\u00f3rico-pr\u00e1ctica y constar\u00e1 de cinco clases. &nbsp; POR MARCOS MONTENERO Especial para PB (Texto e imagen de portada) &nbsp; Partiendo de la premisa de que escribir para la web es escribir de otra manera, la [&hellip;]<\/p>\n","protected":false},"author":1,"featured_media":19669,"comment_status":"open","ping_status":"open","sticky":false,"template":"","format":"standard","meta":{"footnotes":""},"categories":[5],"tags":[26,91,2778,2777,2779],"class_list":["post-19665","post","type-post","status-publish","format-standard","has-post-thumbnail","hentry","category-lugares-de-estudio","tag-argentina","tag-escuela-superior-de-publicidad-argentina","tag-eugenia-rombola-argentina","tag-marcos-montenero-argentina","tag-vivian-garcia-hermosi-argentina"],"_links":{"self":[{"href":"https:\/\/www.primerbrief.com\/index.php?rest_route=\/wp\/v2\/posts\/19665","targetHints":{"allow":["GET"]}}],"collection":[{"href":"https:\/\/www.primerbrief.com\/index.php?rest_route=\/wp\/v2\/posts"}],"about":[{"href":"https:\/\/www.primerbrief.com\/index.php?rest_route=\/wp\/v2\/types\/post"}],"author":[{"embeddable":true,"href":"https:\/\/www.primerbrief.com\/index.php?rest_route=\/wp\/v2\/users\/1"}],"replies":[{"embeddable":true,"href":"https:\/\/www.primerbrief.com\/index.php?rest_route=%2Fwp%2Fv2%2Fcomments&post=19665"}],"version-history":[{"count":11,"href":"https:\/\/www.primerbrief.com\/index.php?rest_route=\/wp\/v2\/posts\/19665\/revisions"}],"predecessor-version":[{"id":19765,"href":"https:\/\/www.primerbrief.com\/index.php?rest_route=\/wp\/v2\/posts\/19665\/revisions\/19765"}],"wp:featuredmedia":[{"embeddable":true,"href":"https:\/\/www.primerbrief.com\/index.php?rest_route=\/wp\/v2\/media\/19669"}],"wp:attachment":[{"href":"https:\/\/www.primerbrief.com\/index.php?rest_route=%2Fwp%2Fv2%2Fmedia&parent=19665"}],"wp:term":[{"taxonomy":"category","embeddable":true,"href":"https:\/\/www.primerbrief.com\/index.php?rest_route=%2Fwp%2Fv2%2Fcategories&post=19665"},{"taxonomy":"post_tag","embeddable":true,"href":"https:\/\/www.primerbrief.com\/index.php?rest_route=%2Fwp%2Fv2%2Ftags&post=19665"}],"curies":[{"name":"wp","href":"https:\/\/api.w.org\/{rel}","templated":true}]}}