{"id":19703,"date":"2013-08-09T03:59:54","date_gmt":"2013-08-09T06:59:54","guid":{"rendered":"http:\/\/www.primerbrief.com\/?p=19703"},"modified":"2013-08-09T18:33:14","modified_gmt":"2013-08-09T21:33:14","slug":"entre-valores-y-bocados","status":"publish","type":"post","link":"https:\/\/www.primerbrief.com\/?p=19703","title":{"rendered":"Entre valores y bocados: el Centro Cultural Recoleta exhibe trabajos de estudiantes"},"content":{"rendered":"<p><span style=\"font-size: 11pt\"><strong>(ARGENTINA) &#8211;  En el <a href=\"http:\/\/www.centroculturalrecoleta.org\/\" onclick=\"_gaq.push(['_trackEvent', 'outbound-article', 'http:\/\/www.centroculturalrecoleta.org\/', 'Centro Cultural Recoleta']);\" target=\"_blank\">Centro Cultural Recoleta<\/a> se inaugur\u00f3 la muestra <a href=\"http:\/\/www.centroculturalrecoleta.org\/nuevositio\/consejo-publicitario-argentino\/\" onclick=\"_gaq.push(['_trackEvent', 'outbound-article', 'http:\/\/www.centroculturalrecoleta.org\/nuevositio\/consejo-publicitario-argentino\/', 'Valores']);\" target=\"_blank\">Valores<\/a>, organizada por el <a href=\"http:\/\/consejopublicitario.org\/\" onclick=\"_gaq.push(['_trackEvent', 'outbound-article', 'http:\/\/consejopublicitario.org\/', 'Consejo Publicitario Argentino']);\" target=\"_blank\">Consejo Publicitario Argentino<\/a> junto a la <a href=\"http:\/\/www.aapublicidad.org.ar\/\" onclick=\"_gaq.push(['_trackEvent', 'outbound-article', 'http:\/\/www.aapublicidad.org.ar\/', 'Asociaci\u00f3n Argentina de Publicidad']);\" target=\"_blank\">Asociaci\u00f3n Argentina de Publicidad<\/a>, que estar\u00e1 abierta al p\u00fablico hasta el 25 de agosto. \u00bfTe la vas a perder?<\/strong><\/span><\/p>\n<p><a href=\"http:\/\/www.primerbrief.com\/wp-content\/uploads\/2013\/08\/muestra-aap-1366px.jpg\" onclick=\"_gaq.push(['_trackEvent', 'outbound-article-int', 'http:\/\/www.primerbrief.com\/wp-content\/uploads\/2013\/08\/muestra-aap-1366px.jpg', '']);\" ><img loading=\"lazy\" decoding=\"async\" src=\"http:\/\/www.primerbrief.com\/wp-content\/uploads\/2013\/08\/muestra-aap-580px.jpg\" alt=\"\" title=\"muestra-aap-580px\" width=\"580\" height=\"385\" class=\"alignleft size-full wp-image-19707\" srcset=\"https:\/\/www.primerbrief.com\/wp-content\/uploads\/2013\/08\/muestra-aap-580px.jpg 580w, https:\/\/www.primerbrief.com\/wp-content\/uploads\/2013\/08\/muestra-aap-580px-300x199.jpg 300w\" sizes=\"auto, (max-width: 580px) 100vw, 580px\" \/><\/a><br \/>\n<em>Muestra: Entre valores, en el CCR.<\/em><\/p>\n<p>&nbsp;<br \/>\n<a href=\"http:\/\/www.primerbrief.com\/wp-content\/uploads\/2013\/07\/ARG-GuidoLubelBohemio-GR.jpg\" onclick=\"_gaq.push(['_trackEvent', 'outbound-article-int', 'http:\/\/www.primerbrief.com\/wp-content\/uploads\/2013\/07\/ARG-GuidoLubelBohemio-GR.jpg', '']);\" target=\"_blank\"><img loading=\"lazy\" decoding=\"async\" src=\"http:\/\/www.primerbrief.com\/wp-content\/uploads\/2013\/07\/ARG-GuidoLubelBohemio-60x60px.jpg\" width=\"60\" height=\"60\" class=\"alignleft size-full wp-image-17503\" style=\"margin: 0px 2px 0px 0px\" \/><\/a><img loading=\"lazy\" decoding=\"async\" src=\"http:\/\/www.primerbrief.com\/wp-content\/uploads\/2013\/08\/eli-60x60px.jpg\" width=\"60\" height=\"60\" class=\"alignleft size-full wp-image-4110\" style=\"margin: 0px 10px 0px 0px\" \/><\/a><strong>POR <a href=\"http:\/\/www.primerbrief.com\/?tag=guido-lubel-argentina\" onclick=\"_gaq.push(['_trackEvent', 'outbound-article-int', 'http:\/\/www.primerbrief.com\/?tag=guido-lubel-argentina', 'GUIDO LUBEL']);\" target=\"_blank\">GUIDO LUBEL<\/a><\/strong> y <strong><a href=\"http:\/\/www.primerbrief.com\/?tag=eli-latorre-argentina\" onclick=\"_gaq.push(['_trackEvent', 'outbound-article-int', 'http:\/\/www.primerbrief.com\/?tag=eli-latorre-argentina', 'ELI LATORRE']);\" target=\"_blank\">ELI LATORRE<\/a><\/strong><br \/>\nEstudiantes de la Asociaci\u00f3n Argentina de Publicidad<br \/>\n<em>Redacci\u00f3n especial para PB \/ Fotos especiales para PB<\/em><\/p>\n<p style=\"clear:left;\">\n<p>&nbsp;<br \/>\n\u2014Qu\u00e9 buena est\u00e1.<br \/>\n\u2014\u00bfS\u00ed? \u00bfDe qu\u00e9 es?<br \/>\n\u2014De humita.<\/p>\n<p>Una de las primeras cosas que nos advierten a nosotros, los estudiantes de publicidad, cuando arrancamos a estudiar es que hay tantas publicidades que se hace muy dif\u00edcil llamar la atenci\u00f3n de la gente. Hay publicidad donde quiera que uno se encuentre. Siempre, alg\u00fan profesor te tira una estad\u00edstica que dice m\u00e1s o menos as\u00ed (me disculpo de antemano por la inexactitud de las cifras, pues me las repitieron tantas veces que ya me olvid\u00e9): \u00abDesde que un humano nace, est\u00e1 expuesto a 320.156 publicidades por mes\u00bb. En fin, la cuesti\u00f3n es que los profesores nos dicen que, hoy en d\u00eda, donde todo va tan r\u00e1pido, lo m\u00e1s dif\u00edcil del mundo (de la publicidad, mejor dicho, no vamos a ser tan egoc\u00e9ntricos) es destacarse y atraer la atenci\u00f3n de las personas. Error.<\/p>\n<p>Hay algo a\u00fan mucho m\u00e1s dif\u00edcil. Me di cuenta hoy, en la inauguraci\u00f3n de la muestra <em>Valores<\/em> que tuvo lugar en el Centro Cultural Recoleta. Hab\u00eda muchas gr\u00e1ficas publicitarias pero, al principio, la atenci\u00f3n estaba en otro lado. \u00bfD\u00f3nde? En la mesa larga llena de sandwichitos, empanadas, bebidas y dem\u00e1s. Y claro, la muestra empez\u00f3 a la hora del almuerzo. La verdad es que el est\u00f3mago no entiende nada de valores. As\u00ed que, profesores, la primera regla deber\u00eda ser que, si hay comida de por medio, no hay creatividad que valga. Ah, tambi\u00e9n hab\u00eda brownies.<\/p>\n<p>Entre bocados se inaugur\u00f3 la muestra organizada por el Consejo Publicitario Argentino junto a la Asociaci\u00f3n Argentina de Publicidad. La particularidad fue que no s\u00f3lo hubo gr\u00e1ficas publicitarias de las agencias profesionales, sino que tambi\u00e9n hubo un espacio para las gr\u00e1ficas m\u00e1s destacadas de los estudiantes de la AAP.<\/p>\n<p><div id='gallery-1' class='gallery galleryid-19703 gallery-columns-5 gallery-size-theme-gallerysize'><dl class='gallery-item'>\n\t\t\t<dt class='gallery-icon landscape'>\n\t\t\t\t<a href=\"https:\/\/www.primerbrief.com\/wp-content\/uploads\/2013\/08\/muestra-1.jpg\" onclick=\"_gaq.push(['_trackEvent', 'outbound-article-int', 'https:\/\/www.primerbrief.com\/wp-content\/uploads\/2013\/08\/muestra-1.jpg', '']);\" ><img loading=\"lazy\" decoding=\"async\" width=\"120\" height=\"100\" src=\"https:\/\/www.primerbrief.com\/wp-content\/uploads\/2013\/08\/muestra-1-120x100.jpg\" class=\"attachment-theme-gallerysize size-theme-gallerysize\" alt=\"\" \/><\/a>\n\t\t\t<\/dt><\/dl><dl class='gallery-item'>\n\t\t\t<dt class='gallery-icon landscape'>\n\t\t\t\t<a href=\"https:\/\/www.primerbrief.com\/wp-content\/uploads\/2013\/08\/muestra-2.jpg\" onclick=\"_gaq.push(['_trackEvent', 'outbound-article-int', 'https:\/\/www.primerbrief.com\/wp-content\/uploads\/2013\/08\/muestra-2.jpg', '']);\" ><img loading=\"lazy\" decoding=\"async\" width=\"120\" height=\"100\" src=\"https:\/\/www.primerbrief.com\/wp-content\/uploads\/2013\/08\/muestra-2-120x100.jpg\" class=\"attachment-theme-gallerysize size-theme-gallerysize\" alt=\"\" \/><\/a>\n\t\t\t<\/dt><\/dl><dl class='gallery-item'>\n\t\t\t<dt class='gallery-icon landscape'>\n\t\t\t\t<a href=\"https:\/\/www.primerbrief.com\/wp-content\/uploads\/2013\/08\/muestra-3.jpg\" onclick=\"_gaq.push(['_trackEvent', 'outbound-article-int', 'https:\/\/www.primerbrief.com\/wp-content\/uploads\/2013\/08\/muestra-3.jpg', '']);\" ><img loading=\"lazy\" decoding=\"async\" width=\"120\" height=\"100\" src=\"https:\/\/www.primerbrief.com\/wp-content\/uploads\/2013\/08\/muestra-3-120x100.jpg\" class=\"attachment-theme-gallerysize size-theme-gallerysize\" alt=\"\" \/><\/a>\n\t\t\t<\/dt><\/dl><dl class='gallery-item'>\n\t\t\t<dt class='gallery-icon landscape'>\n\t\t\t\t<a href=\"https:\/\/www.primerbrief.com\/wp-content\/uploads\/2013\/08\/muestra-4.jpg\" onclick=\"_gaq.push(['_trackEvent', 'outbound-article-int', 'https:\/\/www.primerbrief.com\/wp-content\/uploads\/2013\/08\/muestra-4.jpg', '']);\" ><img loading=\"lazy\" decoding=\"async\" width=\"120\" height=\"100\" src=\"https:\/\/www.primerbrief.com\/wp-content\/uploads\/2013\/08\/muestra-4-120x100.jpg\" class=\"attachment-theme-gallerysize size-theme-gallerysize\" alt=\"\" \/><\/a>\n\t\t\t<\/dt><\/dl><dl class='gallery-item'>\n\t\t\t<dt class='gallery-icon landscape'>\n\t\t\t\t<a href=\"https:\/\/www.primerbrief.com\/wp-content\/uploads\/2013\/08\/muestra-5.jpg\" onclick=\"_gaq.push(['_trackEvent', 'outbound-article-int', 'https:\/\/www.primerbrief.com\/wp-content\/uploads\/2013\/08\/muestra-5.jpg', '']);\" ><img loading=\"lazy\" decoding=\"async\" width=\"120\" height=\"100\" src=\"https:\/\/www.primerbrief.com\/wp-content\/uploads\/2013\/08\/muestra-5-120x100.jpg\" class=\"attachment-theme-gallerysize size-theme-gallerysize\" alt=\"\" \/><\/a>\n\t\t\t<\/dt><\/dl><br style=\"clear: both\" \/>\n\t\t<\/div>\n<br \/>\n<em>As\u00ed se inaugur\u00f3 la muestra.<\/em><\/p>\n<p>&nbsp;<br \/>\n\u2014Qu\u00e9 buena est\u00e1.<br \/>\n\u2014\u00bfS\u00ed? \u00bfDe qu\u00e9 es?<br \/>\n\u2014De solidaridad.<\/p>\n<p>Ya con las panzas llenas, tanto creativos profesionales como estudiantes empezaron a apreciar las distintas piezas. Para los estudiantes, fue una linda forma de empezar a codearse con el mundo que les espera. Algunos hasta tuvieron la suerte de sacarse fotos y dar sus primeras entrevistas como creativos. Una de las estudiantes dec\u00eda: \u00abEs un orgullo participar en esta muestra. No tanto como una forma de destacarme  sino m\u00e1s bien como un reconocimiento a lo que hacemos en el Instituto. Es como un logro personal, la verdad que es muy lindo\u00bb.<\/p>\n<p>Mariano Pasik, director de la agencia Liebre Amotinada, opinaba: \u00abAlgunas piezas de los alumnos me gustaron mucho, no desentonan para nada con las de las agencias. Igual, hay que decir que para las agencias este es un trabajo m\u00e1s, mientras que para los alumnos es un trabajo muy importante y seguro le dedicaron mucho m\u00e1s tiempo\u00bb. Marcelo Cabot, profe de la AAP y responsable, como docente, de trabajos expuestos creados por sus alumnos, explicaba orgulloso: \u00abLa verdad es que las piezas de los estudiantes est\u00e1n buen\u00edsimas. Que las agencias no le hayan dedicado tanto tiempo como los alumnos no es excusa, todo lo que sale al p\u00fablico con el nombre de la agencia representa a la agencia, lo dem\u00e1s no importa\u00bb. Buena ense\u00f1anza.<\/p>\n<p><div id='gallery-2' class='gallery galleryid-19703 gallery-columns-5 gallery-size-theme-gallerysize'><dl class='gallery-item'>\n\t\t\t<dt class='gallery-icon landscape'>\n\t\t\t\t<a href=\"https:\/\/www.primerbrief.com\/wp-content\/uploads\/2013\/08\/chicos-1.jpg\" onclick=\"_gaq.push(['_trackEvent', 'outbound-article-int', 'https:\/\/www.primerbrief.com\/wp-content\/uploads\/2013\/08\/chicos-1.jpg', '']);\" ><img loading=\"lazy\" decoding=\"async\" width=\"120\" height=\"100\" src=\"https:\/\/www.primerbrief.com\/wp-content\/uploads\/2013\/08\/chicos-1-120x100.jpg\" class=\"attachment-theme-gallerysize size-theme-gallerysize\" alt=\"\" \/><\/a>\n\t\t\t<\/dt><\/dl><dl class='gallery-item'>\n\t\t\t<dt class='gallery-icon landscape'>\n\t\t\t\t<a href=\"https:\/\/www.primerbrief.com\/wp-content\/uploads\/2013\/08\/chicos-2.jpg\" onclick=\"_gaq.push(['_trackEvent', 'outbound-article-int', 'https:\/\/www.primerbrief.com\/wp-content\/uploads\/2013\/08\/chicos-2.jpg', '']);\" ><img loading=\"lazy\" decoding=\"async\" width=\"120\" height=\"100\" src=\"https:\/\/www.primerbrief.com\/wp-content\/uploads\/2013\/08\/chicos-2-120x100.jpg\" class=\"attachment-theme-gallerysize size-theme-gallerysize\" alt=\"\" \/><\/a>\n\t\t\t<\/dt><\/dl><dl class='gallery-item'>\n\t\t\t<dt class='gallery-icon landscape'>\n\t\t\t\t<a href=\"https:\/\/www.primerbrief.com\/wp-content\/uploads\/2013\/08\/chicos-3.jpg\" onclick=\"_gaq.push(['_trackEvent', 'outbound-article-int', 'https:\/\/www.primerbrief.com\/wp-content\/uploads\/2013\/08\/chicos-3.jpg', '']);\" ><img loading=\"lazy\" decoding=\"async\" width=\"120\" height=\"100\" src=\"https:\/\/www.primerbrief.com\/wp-content\/uploads\/2013\/08\/chicos-3-120x100.jpg\" class=\"attachment-theme-gallerysize size-theme-gallerysize\" alt=\"\" \/><\/a>\n\t\t\t<\/dt><\/dl><dl class='gallery-item'>\n\t\t\t<dt class='gallery-icon landscape'>\n\t\t\t\t<a href=\"https:\/\/www.primerbrief.com\/wp-content\/uploads\/2013\/08\/chicos-4.jpg\" onclick=\"_gaq.push(['_trackEvent', 'outbound-article-int', 'https:\/\/www.primerbrief.com\/wp-content\/uploads\/2013\/08\/chicos-4.jpg', '']);\" ><img loading=\"lazy\" decoding=\"async\" width=\"120\" height=\"100\" src=\"https:\/\/www.primerbrief.com\/wp-content\/uploads\/2013\/08\/chicos-4-120x100.jpg\" class=\"attachment-theme-gallerysize size-theme-gallerysize\" alt=\"\" \/><\/a>\n\t\t\t<\/dt><\/dl><dl class='gallery-item'>\n\t\t\t<dt class='gallery-icon landscape'>\n\t\t\t\t<a href=\"https:\/\/www.primerbrief.com\/wp-content\/uploads\/2013\/08\/chicos-5.jpg\" onclick=\"_gaq.push(['_trackEvent', 'outbound-article-int', 'https:\/\/www.primerbrief.com\/wp-content\/uploads\/2013\/08\/chicos-5.jpg', '']);\" ><img loading=\"lazy\" decoding=\"async\" width=\"120\" height=\"100\" src=\"https:\/\/www.primerbrief.com\/wp-content\/uploads\/2013\/08\/chicos-5-120x100.jpg\" class=\"attachment-theme-gallerysize size-theme-gallerysize\" alt=\"\" \/><\/a>\n\t\t\t<\/dt><\/dl><br style=\"clear: both\" \/>\n\t\t<\/div>\n<br \/>\n<em>Algunos espectadores.<\/em><\/p>\n<p>&nbsp;<br \/>\nEn un ambiente de mucha camarader\u00eda, bien distendido e informal, fuimos disfrutando de la muestra y, tambi\u00e9n, pensando un poco en los valores como el respeto, la gratitud o la libertad. Acerca de este tema, Marina von der Heyde, directora ejecutiva del CPA y una de las principales organizadoras del evento, nos contaba: \u00abLo que pasa con los valores es que hay mucha diferencia entre lo que decimos y lo que hacemos. Todos sabemos cu\u00e1les son los valores pero, a veces, los escondemos un poco debajo de la alfombra. Esta muestra sirve para evitar eso, para refrescarnos la importancia que tienen los valores para la sociedad\u00bb. Adem\u00e1s, Marina se mostr\u00f3 muy satisfecha con los trabajos de los alumnos: \u201cPor lo que veo, hay estudiantes muy prometedores, hay trabajos que me movilizaron y, finalmente, es eso lo que se busca en una muestra sobre valores, movilizarnos para reflexionar y actuar. Est\u00e1 buen\u00edsimo darles lugar a los estudiantes, espero que haya sido una linda vidriera para ellos\u00bb.<\/p>\n<p>As\u00ed, entre valores y bocados, nos fuimos. La muestra va a estar abierta al p\u00fablico hasta el 25 de agosto; te recomiendo que vayas. Si lo que te interesa es la publicidad, hay piezas creativas muy interesantes. Si te interesan los valores, est\u00e1 bueno para parar la pelota un ratito y pensar. Y si no te interesa nada, mi consejo es que vayas igual. Busc\u00e1 un d\u00eda lluvioso y nublado y camin\u00e1 por el parque que est\u00e1 ah\u00ed nom\u00e1s, pase\u00e1, and\u00e1 por ah\u00ed, vas a pensar que est\u00e1s en Londres. En la Londres Criolla. Y as\u00ed, de casualidad y como quien no quiere la cosa, tal vez termin\u00e1s entrando a la muestra y logr\u00e1s disfrutar tambi\u00e9n del hermoso Centro Cultural Recoleta.<\/p>\n<p>Eso s\u00ed, sea como sea, and\u00e1 comido.<\/p>\n<div style=\" background-color:#F4F4F4; width:560px; float:left; padding:10px; margin-top:20px; margin-bottom:20px; border-top:solid 10px #CCCCCC; border-bottom:solid 10px #CCCCCC; line-height:16px; font-size:12px\">\n<img decoding=\"async\" style=\"width:560px; border-top:solid 0px; border-right:solid 0px; border-bottom:solid 0px; border-left:solid 0px; margin-bottom:10px; float:left\" src=\"http:\/\/www.primerbrief.com\/wp-content\/uploads\/2011\/07\/PB-RecuadroMasInfo.jpg\" \/><br \/>\n&nbsp;<br \/>\n<span style=\"font-size: 11pt\"><strong>ENTREVISTA A CLAUDIO PATRICIO MASSETTI, DG DEL CENTRO CULTURAL RECOLETA<\/strong><\/span><\/p>\n<p><strong>\u2014\u00bfPor qu\u00e9 una muestra de publicidad en un centro cultural?<\/strong><br \/>\n\u2014Desde este centro creemos que el arte no es algo \u00fanico, que hay muchas maneras de hacer arte. La cultura se abri\u00f3: hoy en d\u00eda, la publicidad forma parte de la cultura. Es m\u00e1s, muchos artistas terminan encontrando su lugar en la publicidad: nunca abandonan el arte tradicional, pero en el d\u00eda a d\u00eda trabajan haciendo publicidades.<\/p>\n<p><strong>\u2014Esta muestra mezcla piezas de profesionales con piezas de estudiantes.<\/strong><br \/>\n\u2014Es que para que haya buena publicidad se necesitan buenos profesionales. Ser\u00eda m\u00e1s f\u00e1cil hacer muestras de los publicistas ya conocidos, de lo que ya est\u00e1 hecho. Pero la idea no es esa: hoy por hoy, la parte que m\u00e1s nos interesa es mostrar y ayudar a los que reci\u00e9n comienzan, ellos son el futuro. Adem\u00e1s, es una forma de mostrarles a los padres que lo que estudian sus hijos no es una p\u00e9rdida de tiempo. A\u00fan hoy permanece ese prejuicio en la carrera de publicidad.\n<\/div>\n<p>&nbsp;<br \/>\n&nbsp;<\/p>\n","protected":false},"excerpt":{"rendered":"<p>(ARGENTINA) &#8211; En el Centro Cultural Recoleta se inaugur\u00f3 la muestra Valores, organizada por el Consejo Publicitario Argentino junto a la Asociaci\u00f3n Argentina de Publicidad, que estar\u00e1 abierta al p\u00fablico hasta el 25 de agosto. \u00bfTe la vas a perder? Muestra: Entre valores, en el CCR. &nbsp; POR GUIDO LUBEL y ELI LATORRE Estudiantes de la Asociaci\u00f3n Argentina de Publicidad [&hellip;]<\/p>\n","protected":false},"author":1,"featured_media":19706,"comment_status":"open","ping_status":"open","sticky":false,"template":"","format":"standard","meta":{"footnotes":""},"categories":[1156],"tags":[26,35,2782,2783,2781,2689],"class_list":["post-19703","post","type-post","status-publish","format-standard","has-post-thumbnail","hentry","category-eventos","tag-argentina","tag-asociacion-argentina-de-publicidad-aap","tag-centro-cultural-recoleta-argentina","tag-consejo-publicitario-argentino","tag-eli-latorre-argentina","tag-guido-lubel-argentina"],"_links":{"self":[{"href":"https:\/\/www.primerbrief.com\/index.php?rest_route=\/wp\/v2\/posts\/19703","targetHints":{"allow":["GET"]}}],"collection":[{"href":"https:\/\/www.primerbrief.com\/index.php?rest_route=\/wp\/v2\/posts"}],"about":[{"href":"https:\/\/www.primerbrief.com\/index.php?rest_route=\/wp\/v2\/types\/post"}],"author":[{"embeddable":true,"href":"https:\/\/www.primerbrief.com\/index.php?rest_route=\/wp\/v2\/users\/1"}],"replies":[{"embeddable":true,"href":"https:\/\/www.primerbrief.com\/index.php?rest_route=%2Fwp%2Fv2%2Fcomments&post=19703"}],"version-history":[{"count":18,"href":"https:\/\/www.primerbrief.com\/index.php?rest_route=\/wp\/v2\/posts\/19703\/revisions"}],"predecessor-version":[{"id":19803,"href":"https:\/\/www.primerbrief.com\/index.php?rest_route=\/wp\/v2\/posts\/19703\/revisions\/19803"}],"wp:featuredmedia":[{"embeddable":true,"href":"https:\/\/www.primerbrief.com\/index.php?rest_route=\/wp\/v2\/media\/19706"}],"wp:attachment":[{"href":"https:\/\/www.primerbrief.com\/index.php?rest_route=%2Fwp%2Fv2%2Fmedia&parent=19703"}],"wp:term":[{"taxonomy":"category","embeddable":true,"href":"https:\/\/www.primerbrief.com\/index.php?rest_route=%2Fwp%2Fv2%2Fcategories&post=19703"},{"taxonomy":"post_tag","embeddable":true,"href":"https:\/\/www.primerbrief.com\/index.php?rest_route=%2Fwp%2Fv2%2Ftags&post=19703"}],"curies":[{"name":"wp","href":"https:\/\/api.w.org\/{rel}","templated":true}]}}