{"id":20152,"date":"2013-09-03T03:59:27","date_gmt":"2013-09-03T06:59:27","guid":{"rendered":"http:\/\/www.primerbrief.com\/?p=20152"},"modified":"2013-09-03T07:32:35","modified_gmt":"2013-09-03T10:32:35","slug":"primer-seminario-regional-de-planificacion-estrategica","status":"publish","type":"post","link":"https:\/\/www.primerbrief.com\/?p=20152","title":{"rendered":"\u00bfQuer\u00e9s saber de planning? Llega a Uruguay el Primer Seminario Regional de Planificaci\u00f3n Estrat\u00e9gica"},"content":{"rendered":"<p><span style=\"font-size: 11pt\"><strong>(URUGUAY) &#8211; El <a href=\"http:\/\/www.circulopublicidad.com\/\" onclick=\"_gaq.push(['_trackEvent', 'outbound-article', 'http:\/\/www.circulopublicidad.com\/', 'Circulo Uruguayo de Publicidad']);\" target=\"_blank\">Circulo Uruguayo de Publicidad<\/a> lanza el primer Seminario de Planificaci\u00f3n Estrategica. Ten\u00e9s nueve d\u00edas para anotarte.<\/strong><\/span><\/p>\n<p><a href=\"http:\/\/www.primerbrief.com\/wp-content\/uploads\/2013\/09\/seminario-1366px.jpg\" onclick=\"_gaq.push(['_trackEvent', 'outbound-article-int', 'http:\/\/www.primerbrief.com\/wp-content\/uploads\/2013\/09\/seminario-1366px.jpg', '']);\" ><img loading=\"lazy\" decoding=\"async\" src=\"http:\/\/www.primerbrief.com\/wp-content\/uploads\/2013\/09\/seminario-580px.jpg\" alt=\"\" title=\"seminario-580px\" width=\"580\" height=\"484\" class=\"alignleft size-full wp-image-20156\" srcset=\"https:\/\/www.primerbrief.com\/wp-content\/uploads\/2013\/09\/seminario-580px.jpg 580w, https:\/\/www.primerbrief.com\/wp-content\/uploads\/2013\/09\/seminario-580px-300x250.jpg 300w, https:\/\/www.primerbrief.com\/wp-content\/uploads\/2013\/09\/seminario-580px-120x100.jpg 120w\" sizes=\"auto, (max-width: 580px) 100vw, 580px\" \/><\/a><br \/>\n<em>El flyer Publicitario.<\/em><\/p>\n<p>&nbsp;<br \/>\nEl mi\u00e9rcoles 11 de septiembre se llevar\u00e1 a cabo el Primer Seminario Regional de Planificaci\u00f3n Estrat\u00e9gica, donde se discutir\u00e1, explorar\u00e1 y sobre todo se escuchar\u00e1 y aprender\u00e1, junto a los mejores exponentes regionales, acerca de planning.<\/p>\n<p>Estar\u00e1n algunos exponentes regionales de planificaci\u00f3n estrat\u00e9gica:<br \/>\n\u2022 <em>Ximena Vega Amat y Le\u00f3n<\/em>: vicepresidenta regional de Planeamiento de <a href=\"http:\/\/www.draftfcb.com\/\u200e\" onclick=\"_gaq.push(['_trackEvent', 'outbound-article', 'http:\/\/www.draftfcb.com\/\u200e', 'DraftFCB']);\" target=\"_blank\">DraftFCB<\/a>, quien particip\u00f3 del desarrollo de la primera v\u00eda p\u00fablica que produce agua potable para UTEC.<br \/>\n\u2022 <em>Mollie Hill<\/em>: directora estrat\u00e9gica de <a href=\"http:\/\/www.ogilvy.com.br\/\u200e\u200e\" onclick=\"_gaq.push(['_trackEvent', 'outbound-article', 'http:\/\/www.ogilvy.com.br\/\u200e\u200e', 'Ogilvy Brasil']);\" target=\"_blank\">Ogilvy Brasil<\/a> que trabaj\u00f3 en la premiad\u00edsima campa\u00f1a <a href=\"http:\/\/www.primerbrief.com\/?p=18971\" onclick=\"_gaq.push(['_trackEvent', 'outbound-article-int', 'http:\/\/www.primerbrief.com\/?p=18971', 'Real Beauty Sketches de Dove']);\" target=\"_blank\">Real Beauty Sketches de Dove<\/a>.<br \/>\n\u2022 <em>Juan Manuel Jofr\u00e9 y Alejandro Gowland<\/em>: director de planificaci\u00f3n estrat\u00e9gica y director general, respectivamente, de <a href=\"http:\/\/www.castroinnovation.com\/\u200e\u200e\u200e\" onclick=\"_gaq.push(['_trackEvent', 'outbound-article', 'http:\/\/www.castroinnovation.com\/\u200e\u200e\u200e', '+Castro Innovation']);\" target=\"_blank\">+Castro Innovation<\/a>. Ambos trabajaron en los casos Beldent Random Fest, Lay&#8217;s Sapmling innovation y \u201cCasa de Idea\u201d.<\/p>\n<p>El seminario ser\u00e1 de 9 a 13 en el Teatro Sol\u00eds. Los cupos son limitados, con un costo de $200 para socios del C\u00edrculo Uruguayo de la Publicidad y $500 para los que no lo sean.<\/p>\n<p>Por m\u00e1s informaci\u00f3n e inscripciones, comunicarse con el CUP al 24082172.<br \/>\n&nbsp;<br \/>\n&nbsp;<\/p>\n","protected":false},"excerpt":{"rendered":"<p>(URUGUAY) &#8211; El Circulo Uruguayo de Publicidad lanza el primer Seminario de Planificaci\u00f3n Estrategica. Ten\u00e9s nueve d\u00edas para anotarte. El flyer Publicitario. &nbsp; El mi\u00e9rcoles 11 de septiembre se llevar\u00e1 a cabo el Primer Seminario Regional de Planificaci\u00f3n Estrat\u00e9gica, donde se discutir\u00e1, explorar\u00e1 y sobre todo se escuchar\u00e1 y aprender\u00e1, junto a los mejores exponentes regionales, acerca de planning. Estar\u00e1n [&hellip;]<\/p>\n","protected":false},"author":1,"featured_media":20155,"comment_status":"open","ping_status":"open","sticky":false,"template":"","format":"standard","meta":{"footnotes":""},"categories":[1156],"tags":[224,31],"class_list":["post-20152","post","type-post","status-publish","format-standard","has-post-thumbnail","hentry","category-eventos","tag-circulo-uruguayo-de-la-publicidad","tag-uruguay"],"_links":{"self":[{"href":"https:\/\/www.primerbrief.com\/index.php?rest_route=\/wp\/v2\/posts\/20152","targetHints":{"allow":["GET"]}}],"collection":[{"href":"https:\/\/www.primerbrief.com\/index.php?rest_route=\/wp\/v2\/posts"}],"about":[{"href":"https:\/\/www.primerbrief.com\/index.php?rest_route=\/wp\/v2\/types\/post"}],"author":[{"embeddable":true,"href":"https:\/\/www.primerbrief.com\/index.php?rest_route=\/wp\/v2\/users\/1"}],"replies":[{"embeddable":true,"href":"https:\/\/www.primerbrief.com\/index.php?rest_route=%2Fwp%2Fv2%2Fcomments&post=20152"}],"version-history":[{"count":10,"href":"https:\/\/www.primerbrief.com\/index.php?rest_route=\/wp\/v2\/posts\/20152\/revisions"}],"predecessor-version":[{"id":20158,"href":"https:\/\/www.primerbrief.com\/index.php?rest_route=\/wp\/v2\/posts\/20152\/revisions\/20158"}],"wp:featuredmedia":[{"embeddable":true,"href":"https:\/\/www.primerbrief.com\/index.php?rest_route=\/wp\/v2\/media\/20155"}],"wp:attachment":[{"href":"https:\/\/www.primerbrief.com\/index.php?rest_route=%2Fwp%2Fv2%2Fmedia&parent=20152"}],"wp:term":[{"taxonomy":"category","embeddable":true,"href":"https:\/\/www.primerbrief.com\/index.php?rest_route=%2Fwp%2Fv2%2Fcategories&post=20152"},{"taxonomy":"post_tag","embeddable":true,"href":"https:\/\/www.primerbrief.com\/index.php?rest_route=%2Fwp%2Fv2%2Ftags&post=20152"}],"curies":[{"name":"wp","href":"https:\/\/api.w.org\/{rel}","templated":true}]}}