{"id":20205,"date":"2013-09-05T03:59:29","date_gmt":"2013-09-05T06:59:29","guid":{"rendered":"http:\/\/www.primerbrief.com\/?p=20205"},"modified":"2013-09-04T17:42:54","modified_gmt":"2013-09-04T20:42:54","slug":"premio-clarin-a-la-creatividad-sub-25-comenzaron-las-charlas-informativas","status":"publish","type":"post","link":"https:\/\/www.primerbrief.com\/?p=20205","title":{"rendered":"Premio Clar\u00edn a la Creatividad Sub 25: comenzaron las charlas informativas"},"content":{"rendered":"<p><span style=\"font-size: 11pt\"><strong>(ARGENTINA) &#8211; El equipo organizador del <a href=\"http:\/\/www.premioscreatividad.com.ar\" onclick=\"_gaq.push(['_trackEvent', 'outbound-article', 'http:\/\/www.premioscreatividad.com.ar', 'Premio Clar\u00edn a la Creatividad']);\" target=\"_blank\">Premio Clar\u00edn a la Creatividad<\/a> inici\u00f3 las charlas informativas sobre la categor\u00eda Sub 25 en diferentes universidades. Los primeros encuentros se realizaron en la <a href=\"http:\/\/www.uces.edu.ar\/\" onclick=\"_gaq.push(['_trackEvent', 'outbound-article', 'http:\/\/www.uces.edu.ar\/', 'UCES']);\" target=\"_blank\">UCES<\/a>. \u00bfVas a participar? \u00a1No te pierdas la pr\u00f3xima charla!<\/strong><\/span><\/p>\n<p><a href=\"http:\/\/www.primerbrief.com\/wp-content\/uploads\/2013\/09\/PremioClarin-900px.jpg\" onclick=\"_gaq.push(['_trackEvent', 'outbound-article-int', 'http:\/\/www.primerbrief.com\/wp-content\/uploads\/2013\/09\/PremioClarin-900px.jpg', '']);\" ><img loading=\"lazy\" decoding=\"async\" src=\"http:\/\/www.primerbrief.com\/wp-content\/uploads\/2013\/09\/PremioClarin-580px.jpg\" alt=\"\" title=\"PremioClarin-580px\" width=\"580\" height=\"298\" class=\"alignleft size-full wp-image-20211\" srcset=\"https:\/\/www.primerbrief.com\/wp-content\/uploads\/2013\/09\/PremioClarin-580px.jpg 580w, https:\/\/www.primerbrief.com\/wp-content\/uploads\/2013\/09\/PremioClarin-580px-300x154.jpg 300w\" sizes=\"auto, (max-width: 580px) 100vw, 580px\" \/><\/a><br \/>\n<em>Las charlas a cargo de Silvina Paladino y Gonzalo Luzza, jefes de producto.<\/em><\/p>\n<p>&nbsp;<br \/>\nEste a\u00f1o, la categor\u00eda <a href=\"http:\/\/premioscreatividad.com.ar\/wp-content\/uploads\/2013\/08\/Brief_Clarin.com_Pcc2013.pdf\" onclick=\"_gaq.push(['_trackEvent','download','http:\/\/premioscreatividad.com.ar\/wp-content\/uploads\/2013\/08\/Brief_Clarin.com_Pcc2013.pdf']);\" target=\"_blank\">Sub 25<\/a> propone el desarrollo de una pieza de comunicaci\u00f3n institucional para <a href=\"http:\/\/www.clarin.com\" onclick=\"_gaq.push(['_trackEvent', 'outbound-article', 'http:\/\/www.clarin.com', 'Clarin.com']);\" target=\"_blank\">Clarin.com<\/a>. <\/p>\n<p>Silvina Paladino y Gonzalo Luzza, jefes de producto, son los que est\u00e1n a cargo de las charlas, que tienen como fin contar sobre la evoluci\u00f3n de la marca y el alcance del producto, para ayudar a que los participantes puedan desarrollar un concepto y una creatividad de alto impacto.<\/p>\n<p>La  posibilidad de sumar a las universidades con esta categor\u00eda espec\u00edfica hace que se potencie la participaci\u00f3n de los j\u00f3venes en un concurso, y da la oportunidad de que sus trabajos sean juzgados por grandes referentes del mercado.<\/p>\n<p>\u201cQueremos que arranquen de cero, que piensen en los gustos de ustedes, de los j\u00f3venes, y que la campa\u00f1a tenga un lenguaje sencillo y concreto\u201d, coment\u00f3 Luzza.<\/p>\n<p>Las pr\u00f3ximas charlas se realizar\u00e1n en la <a href=\"http:\/\/www.uade.edu.ar\/\u200e\" onclick=\"_gaq.push(['_trackEvent', 'outbound-article', 'http:\/\/www.uade.edu.ar\/\u200e', 'UADE']);\" target=\"_blank\">UADE<\/a>, <a href=\"http:\/\/www.uai.edu.ar\/\u200e\u200e\" onclick=\"_gaq.push(['_trackEvent', 'outbound-article', 'http:\/\/www.uai.edu.ar\/\u200e\u200e', 'UAI']);\" target=\"_blank\">UAI<\/a> y en la <a href=\"http:\/\/www.escueladecreativos.com.ar\/\u200e\u200e\u200e\" onclick=\"_gaq.push(['_trackEvent', 'outbound-article', 'http:\/\/www.escueladecreativos.com.ar\/\u200e\u200e\u200e', 'Escuela Superior de Creativos Publicitarios']);\" target=\"_blank\">Escuela Superior de Creativos Publicitarios<\/a>.<\/p>\n<p>Hay tiempo hasta el 30 de septiembre para enviar las propuestas. <\/p>\n<p>Para m\u00e1s informaci\u00f3n, ingres\u00e1 a su <a href=\"http:\/\/premioscreatividad.com.ar\u200e\" onclick=\"_gaq.push(['_trackEvent', 'outbound-article', 'http:\/\/premioscreatividad.com.ar\u200e', 'web']);\" target=\"_blank\">web<\/a>, su <a href=\"http:\/\/www.twitter.com\/PCCreatividad\" onclick=\"_gaq.push(['_trackEvent', 'outbound-article', 'http:\/\/www.twitter.com\/PCCreatividad', 'Twitter']);\" >Twitter<\/a> o su <a href=\"http:\/\/www.facebook.com\/PreciosClar\u00ednCreatividad\" onclick=\"_gaq.push(['_trackEvent', 'outbound-article', 'http:\/\/www.facebook.com\/PreciosClar\u00ednCreatividad', 'Facebook']);\" >Facebook<\/a>.<br \/>\n&nbsp;<br \/>\n&nbsp;<\/p>\n","protected":false},"excerpt":{"rendered":"<p>(ARGENTINA) &#8211; El equipo organizador del Premio Clar\u00edn a la Creatividad inici\u00f3 las charlas informativas sobre la categor\u00eda Sub 25 en diferentes universidades. Los primeros encuentros se realizaron en la UCES. \u00bfVas a participar? \u00a1No te pierdas la pr\u00f3xima charla! Las charlas a cargo de Silvina Paladino y Gonzalo Luzza, jefes de producto. &nbsp; Este a\u00f1o, la categor\u00eda Sub 25 [&hellip;]<\/p>\n","protected":false},"author":1,"featured_media":20207,"comment_status":"open","ping_status":"open","sticky":false,"template":"","format":"standard","meta":{"footnotes":""},"categories":[145],"tags":[26,2841],"class_list":["post-20205","post","type-post","status-publish","format-standard","has-post-thumbnail","hentry","category-premios","tag-argentina","tag-premios-clarin-a-la-creatividad-2013"],"_links":{"self":[{"href":"https:\/\/www.primerbrief.com\/index.php?rest_route=\/wp\/v2\/posts\/20205","targetHints":{"allow":["GET"]}}],"collection":[{"href":"https:\/\/www.primerbrief.com\/index.php?rest_route=\/wp\/v2\/posts"}],"about":[{"href":"https:\/\/www.primerbrief.com\/index.php?rest_route=\/wp\/v2\/types\/post"}],"author":[{"embeddable":true,"href":"https:\/\/www.primerbrief.com\/index.php?rest_route=\/wp\/v2\/users\/1"}],"replies":[{"embeddable":true,"href":"https:\/\/www.primerbrief.com\/index.php?rest_route=%2Fwp%2Fv2%2Fcomments&post=20205"}],"version-history":[{"count":9,"href":"https:\/\/www.primerbrief.com\/index.php?rest_route=\/wp\/v2\/posts\/20205\/revisions"}],"predecessor-version":[{"id":20217,"href":"https:\/\/www.primerbrief.com\/index.php?rest_route=\/wp\/v2\/posts\/20205\/revisions\/20217"}],"wp:featuredmedia":[{"embeddable":true,"href":"https:\/\/www.primerbrief.com\/index.php?rest_route=\/wp\/v2\/media\/20207"}],"wp:attachment":[{"href":"https:\/\/www.primerbrief.com\/index.php?rest_route=%2Fwp%2Fv2%2Fmedia&parent=20205"}],"wp:term":[{"taxonomy":"category","embeddable":true,"href":"https:\/\/www.primerbrief.com\/index.php?rest_route=%2Fwp%2Fv2%2Fcategories&post=20205"},{"taxonomy":"post_tag","embeddable":true,"href":"https:\/\/www.primerbrief.com\/index.php?rest_route=%2Fwp%2Fv2%2Ftags&post=20205"}],"curies":[{"name":"wp","href":"https:\/\/api.w.org\/{rel}","templated":true}]}}