{"id":20259,"date":"2013-09-06T04:00:12","date_gmt":"2013-09-06T07:00:12","guid":{"rendered":"http:\/\/www.primerbrief.com\/?p=20259"},"modified":"2013-09-06T02:01:05","modified_gmt":"2013-09-06T05:01:05","slug":"hoy-primer-brief-inicia-su-tercer-ano-de-vida","status":"publish","type":"post","link":"https:\/\/www.primerbrief.com\/?p=20259","title":{"rendered":"Hoy PRIMER BRIEF inicia su tercer a\u00f1o de vida"},"content":{"rendered":"<p><span style=\"font-size: 11pt\"><strong>(IBEROAM\u00c9RICA) &#8211; Lanzado oficialmente el 5 de septiembre de 2011 con la nota <a href=\"http:\/\/www.primerbrief.com\/?p=2186\" onclick=\"_gaq.push(['_trackEvent', 'outbound-article-int', 'http:\/\/www.primerbrief.com\/?p=2186', 'Se abre una puerta: nace PRIMER BRIEF']);\" target=\"_blank\">Se abre una puerta: nace PRIMER BRIEF<\/a>, este proyecto ya consigui\u00f3 la atenci\u00f3n de m\u00e1s de 10.000 seguidores (sumando Facebook y Twitter) y, por sobre todas las cosas, el agradecimiento eterno de muchos de ellos: porque los ayud\u00f3 a entender algo, a conseguir su primer trabajo, a escuchar en vivo y en directo a alg\u00fan gur\u00fa de la publicidad y la comunicaci\u00f3n que les dieron esas claves que los profes no ense\u00f1an en el aula, a comparar sus ideas y sus creaciones con las de chicos exactamente iguales pero de otras casas de estudio, a conocer pares. Pero eso no es todo: lo m\u00e1s importante es el agradecimiento eterno de PB a todos y cada uno de esos 10.000 seguidores. Gracias gigantescas de parte de todos los que hacemos PB con el entusiasmo del primer d\u00eda.<\/strong><\/span><\/p>\n<p><a href=\"http:\/\/www.primerbrief.com\/wp-content\/uploads\/2013\/09\/ARG-TercerAnoDePB-849x313px.jpg\" onclick=\"_gaq.push(['_trackEvent', 'outbound-article-int', 'http:\/\/www.primerbrief.com\/wp-content\/uploads\/2013\/09\/ARG-TercerAnoDePB-849x313px.jpg', '']);\" ><img loading=\"lazy\" decoding=\"async\" src=\"http:\/\/www.primerbrief.com\/wp-content\/uploads\/2013\/09\/ARG-TercerAnoDePB-580px.jpg\" width=\"580\" height=\"214\" class=\"alignleft size-full wp-image-20262\" srcset=\"https:\/\/www.primerbrief.com\/wp-content\/uploads\/2013\/09\/ARG-TercerAnoDePB-580px.jpg 580w, https:\/\/www.primerbrief.com\/wp-content\/uploads\/2013\/09\/ARG-TercerAnoDePB-580px-300x110.jpg 300w\" sizes=\"auto, (max-width: 580px) 100vw, 580px\" \/><\/a><br \/>\n<em>El segundo aniversario fue ayer, pero en PB nos importa mucho m\u00e1s cu\u00e1l es el pr\u00f3ximo escal\u00f3n de esta aventura.<\/em><br \/>\n&nbsp;<br \/>\n&nbsp;<\/p>\n","protected":false},"excerpt":{"rendered":"<p>(IBEROAM\u00c9RICA) &#8211; Lanzado oficialmente el 5 de septiembre de 2011 con la nota Se abre una puerta: nace PRIMER BRIEF, este proyecto ya consigui\u00f3 la atenci\u00f3n de m\u00e1s de 10.000 seguidores (sumando Facebook y Twitter) y, por sobre todas las cosas, el agradecimiento eterno de muchos de ellos: porque los ayud\u00f3 a entender algo, a conseguir su primer trabajo, a [&hellip;]<\/p>\n","protected":false},"author":3,"featured_media":20260,"comment_status":"open","ping_status":"open","sticky":false,"template":"","format":"standard","meta":{"footnotes":""},"categories":[3],"tags":[104,216,295],"class_list":["post-20259","post","type-post","status-publish","format-standard","has-post-thumbnail","hentry","category-institucional","tag-iberoamerica","tag-pancho-dondo-argentina","tag-primer-brief"],"_links":{"self":[{"href":"https:\/\/www.primerbrief.com\/index.php?rest_route=\/wp\/v2\/posts\/20259","targetHints":{"allow":["GET"]}}],"collection":[{"href":"https:\/\/www.primerbrief.com\/index.php?rest_route=\/wp\/v2\/posts"}],"about":[{"href":"https:\/\/www.primerbrief.com\/index.php?rest_route=\/wp\/v2\/types\/post"}],"author":[{"embeddable":true,"href":"https:\/\/www.primerbrief.com\/index.php?rest_route=\/wp\/v2\/users\/3"}],"replies":[{"embeddable":true,"href":"https:\/\/www.primerbrief.com\/index.php?rest_route=%2Fwp%2Fv2%2Fcomments&post=20259"}],"version-history":[{"count":2,"href":"https:\/\/www.primerbrief.com\/index.php?rest_route=\/wp\/v2\/posts\/20259\/revisions"}],"predecessor-version":[{"id":20265,"href":"https:\/\/www.primerbrief.com\/index.php?rest_route=\/wp\/v2\/posts\/20259\/revisions\/20265"}],"wp:featuredmedia":[{"embeddable":true,"href":"https:\/\/www.primerbrief.com\/index.php?rest_route=\/wp\/v2\/media\/20260"}],"wp:attachment":[{"href":"https:\/\/www.primerbrief.com\/index.php?rest_route=%2Fwp%2Fv2%2Fmedia&parent=20259"}],"wp:term":[{"taxonomy":"category","embeddable":true,"href":"https:\/\/www.primerbrief.com\/index.php?rest_route=%2Fwp%2Fv2%2Fcategories&post=20259"},{"taxonomy":"post_tag","embeddable":true,"href":"https:\/\/www.primerbrief.com\/index.php?rest_route=%2Fwp%2Fv2%2Ftags&post=20259"}],"curies":[{"name":"wp","href":"https:\/\/api.w.org\/{rel}","templated":true}]}}