{"id":20415,"date":"2013-09-17T03:59:41","date_gmt":"2013-09-17T06:59:41","guid":{"rendered":"http:\/\/www.primerbrief.com\/?p=20415"},"modified":"2013-09-17T12:16:44","modified_gmt":"2013-09-17T15:16:44","slug":"el-verano-esta-subestimado-segun-el-director-de-planeamiento-estrategico-de-havas-media","status":"publish","type":"post","link":"https:\/\/www.primerbrief.com\/?p=20415","title":{"rendered":"\u00abEl verano est\u00e1 subestimado\u00bb seg\u00fan el director de planeamiento estrat\u00e9gico de Havas Media"},"content":{"rendered":"<p><span style=\"font-size: 11pt\"><strong>(ARGENTINA) \u2013 En una de las clases del <a href=\"http:\/\/www.aapublicidad.org.ar\/isp\/pdf\/senior_2013.pdf\" onclick=\"_gaq.push(['_trackEvent','download','http:\/\/www.aapublicidad.org.ar\/isp\/pdf\/senior_2013.pdf']);\" target=\"_blank\">Programa Senior de Actualizaci\u00f3n y Pr\u00e1ctica<\/a> que la <a href=\"http:\/\/www.aapublicidad.org.ar\/\" onclick=\"_gaq.push(['_trackEvent', 'outbound-article', 'http:\/\/www.aapublicidad.org.ar\/', 'Asociaci\u00f3n Argentina de Publicidad']);\" target=\"_blank\">Asociaci\u00f3n Argentina de Publicidad<\/a> dicta todos los jueves, el expositor invitado fue Gonzalo Fonseca, director de planeamiento estrat\u00e9gico en <a href=\"http:\/\/www.havasmediaargentina.com\/\u200e\" onclick=\"_gaq.push(['_trackEvent', 'outbound-article', 'http:\/\/www.havasmediaargentina.com\/\u200e', 'Havas Media']);\" target=\"_blank\">Havas Media<\/a>, quien plante\u00f3 el interrogante sobre la eficacia de las acciones de marca que se realizan durante el verano.<\/strong><\/span><\/p>\n<p><a href=\"http:\/\/www.primerbrief.com\/wp-content\/uploads\/2013\/09\/ARG-GonzaloFonsecaEnProgramaSenior-GR.jpg\" onclick=\"_gaq.push(['_trackEvent', 'outbound-article-int', 'http:\/\/www.primerbrief.com\/wp-content\/uploads\/2013\/09\/ARG-GonzaloFonsecaEnProgramaSenior-GR.jpg', '']);\" ><img loading=\"lazy\" decoding=\"async\" src=\"http:\/\/www.primerbrief.com\/wp-content\/uploads\/2013\/09\/ARG-GonzaloFonsecaEnProgramaSenior-580px.jpg\" width=\"580\" height=\"319\" class=\"alignleft size-full wp-image-20434\" srcset=\"https:\/\/www.primerbrief.com\/wp-content\/uploads\/2013\/09\/ARG-GonzaloFonsecaEnProgramaSenior-580px.jpg 580w, https:\/\/www.primerbrief.com\/wp-content\/uploads\/2013\/09\/ARG-GonzaloFonsecaEnProgramaSenior-580px-300x165.jpg 300w\" sizes=\"auto, (max-width: 580px) 100vw, 580px\" \/><\/a><br \/>\n<em>Gonzalo Fonseca el jueves pasado, en el Programa Senior de la AAP.<\/em><\/p>\n<p>&nbsp;<br \/>\n<a href=\"http:\/\/www.primerbrief.com\/wp-content\/uploads\/2013\/09\/luis-dalmedo-60px.jpg\" onclick=\"_gaq.push(['_trackEvent', 'outbound-article-int', 'http:\/\/www.primerbrief.com\/wp-content\/uploads\/2013\/09\/luis-dalmedo-60px.jpg', '']);\" target=\"_blank\"><img loading=\"lazy\" decoding=\"async\" src=\"http:\/\/www.primerbrief.com\/wp-content\/uploads\/2013\/09\/luis-dalmedo-60px.jpg\" width=\"60\" height=\"60\" class=\"alignleft size-full wp-image-4110\" style=\"margin: 0px 10px 0px 0px\" \/><\/a><strong>POR <a href=\"http:\/\/www.primerbrief.com\/?tag=luis-dalmedo-argentina\" onclick=\"_gaq.push(['_trackEvent', 'outbound-article-int', 'http:\/\/www.primerbrief.com\/?tag=luis-dalmedo-argentina', 'LUIS DALMEDO']);\" target=\"_blank\">LUIS DALMEDO<\/a><\/strong><br \/>\nEstudiante de la <a href=\"http:\/\/www.aapublicidad.org.ar\/\" onclick=\"_gaq.push(['_trackEvent', 'outbound-article', 'http:\/\/www.aapublicidad.org.ar\/', 'AAP']);\" target=\"_blank\">AAP<\/a><br \/>\n<em>Redacci\u00f3n especial para PB<\/em><\/p>\n<p style=\"clear:left;\">\n<p>&nbsp;<br \/>\nEl jueves 12, dentro del marco del programa Senior de Actualizaci\u00f3n y Pr\u00e1ctica que ofrece la AAP, se present\u00f3 Gonzalo Fonseca, director de planeamiento estrat\u00e9gico en Havas Media, para poner en cuestionamiento el correcto uso de las acciones de marca que las empresas realizan durante los veranos.<\/p>\n<p>Despu\u00e9s de una peque\u00f1a introducci\u00f3n sobre el rol de la agencia de medios y del planning, Gonzalo propuso una simple pregunta como punto de partida: <em>\u00bfqu\u00e9 es el verano para una empresa?<\/em><\/p>\n<p>\u00abEn primer lugar, pensemos c\u00f3mo se comportan las personas en ese per\u00edodo \u2014remarc\u00f3 quien tambi\u00e9n presidi\u00f3 la APG Argentina, la asociaci\u00f3n de planners, entre 2010 y 2012\u2014. Se movilizan, est\u00e1n m\u00e1s permeables, con mentes m\u00e1s abiertas a escuchar, tentarse, hasta dispuestos a excederse financieramente\u00bb. <\/p>\n<p>Por otro lado, seg\u00fan algunos datos interesantes obtenidos de una encuesta, el 54 por ciento de los argentinos declar\u00f3 haberse ido de vacaciones el verano pasado. De ese porcentaje, el 80 por ciento lo hizo dentro del pa\u00eds. Sin olvidarnos de que hay una gran masa poblacional (46 por ciento) que no sale de su ciudad durante este per\u00edodo, podemos definir al verano como una oportunidad. Una oportunidad de encontrar gente de diferentes lugares en uno solo, de fidelizar y de brindar una experiencia de marca efectiva al consumidor adecuado.<\/p>\n<p>El pensamiento m\u00e1s frecuente y errado de las empresas suele ser siempre el mismo, verano tras verano: \u00abEn ese lugar de la costa estar\u00e1 toda mi competencia, entonces tenemos que estar ah\u00ed\u00bb, sin pensar en una acci\u00f3n estrat\u00e9gica que sea original, justifique la inversi\u00f3n y retribuya a la marca. Algunas razones por las que sucede esto pueden atribuirse a la falta de audacia a la hora de asumir riesgos y a la poca anticipaci\u00f3n con la que se comienzan a planificar las acciones.<\/p>\n<p>\u00bfEs necesario estar s\u00f3lo por el hecho de no faltar?, \u00bfes conveniente buscar la oportunidad donde tambi\u00e9n la buscar\u00e1 toda la competencia? No hay ning\u00fan argumento para pensar que este es el pensamiento correcto.<\/p>\n<p>El objetivo debe ser el de planificar acciones que est\u00e9n ligadas con las estrategias de construcci\u00f3n de marca llevadas a cabo durante todo el a\u00f1o. <\/p>\n<p>No olvidemos que hay algunos aspectos ocultos del verano que se deben tener en cuenta para maximizar la efectividad de una acci\u00f3n. \u00abLas altas probabilidades de brindar mal servicio debido a personal temporario no capacitado, los limitados recursos de los que se dispone, un consumidor m\u00e1s exigente, que tiene el tiempo y la opci\u00f3n de comparar una marca con respecto a lo que ofrece la competencia \u2014dijo Gonzalo\u2014 son buenas razones para pensar un poco mejor en la estrategia. Ah\u00ed es donde entra el planning, para replantearse el prop\u00f3sito de cada marca\u00bb.<\/p>\n<p>Ya terminando, concluy\u00f3 que \u00abel verano est\u00e1 subestimado, no se le da la misma importancia que a un recital o a un Mundial, cuando en realidad requiere el mismo nivel de investigaci\u00f3n y planeamiento\u00bb. Gonzalo se despidi\u00f3, despu\u00e9s de dos horas de c\u00e1tedra, dejando a los presentes con una visi\u00f3n del mercado y de las oportunidades mucho m\u00e1s interesantes.<br \/>\n&nbsp;<br \/>\n&nbsp;<\/p>\n","protected":false},"excerpt":{"rendered":"<p>(ARGENTINA) \u2013 En una de las clases del Programa Senior de Actualizaci\u00f3n y Pr\u00e1ctica que la Asociaci\u00f3n Argentina de Publicidad dicta todos los jueves, el expositor invitado fue Gonzalo Fonseca, director de planeamiento estrat\u00e9gico en Havas Media, quien plante\u00f3 el interrogante sobre la eficacia de las acciones de marca que se realizan durante el verano. Gonzalo Fonseca el jueves pasado, [&hellip;]<\/p>\n","protected":false},"author":1,"featured_media":20432,"comment_status":"open","ping_status":"open","sticky":false,"template":"","format":"standard","meta":{"footnotes":""},"categories":[470],"tags":[26,35,2065,2864,216],"class_list":["post-20415","post","type-post","status-publish","format-standard","has-post-thumbnail","hentry","category-estrategia","tag-argentina","tag-asociacion-argentina-de-publicidad-aap","tag-gonzalo-fonseca-argentina","tag-luis-dalmedo-argentina","tag-pancho-dondo-argentina"],"_links":{"self":[{"href":"https:\/\/www.primerbrief.com\/index.php?rest_route=\/wp\/v2\/posts\/20415","targetHints":{"allow":["GET"]}}],"collection":[{"href":"https:\/\/www.primerbrief.com\/index.php?rest_route=\/wp\/v2\/posts"}],"about":[{"href":"https:\/\/www.primerbrief.com\/index.php?rest_route=\/wp\/v2\/types\/post"}],"author":[{"embeddable":true,"href":"https:\/\/www.primerbrief.com\/index.php?rest_route=\/wp\/v2\/users\/1"}],"replies":[{"embeddable":true,"href":"https:\/\/www.primerbrief.com\/index.php?rest_route=%2Fwp%2Fv2%2Fcomments&post=20415"}],"version-history":[{"count":13,"href":"https:\/\/www.primerbrief.com\/index.php?rest_route=\/wp\/v2\/posts\/20415\/revisions"}],"predecessor-version":[{"id":20429,"href":"https:\/\/www.primerbrief.com\/index.php?rest_route=\/wp\/v2\/posts\/20415\/revisions\/20429"}],"wp:featuredmedia":[{"embeddable":true,"href":"https:\/\/www.primerbrief.com\/index.php?rest_route=\/wp\/v2\/media\/20432"}],"wp:attachment":[{"href":"https:\/\/www.primerbrief.com\/index.php?rest_route=%2Fwp%2Fv2%2Fmedia&parent=20415"}],"wp:term":[{"taxonomy":"category","embeddable":true,"href":"https:\/\/www.primerbrief.com\/index.php?rest_route=%2Fwp%2Fv2%2Fcategories&post=20415"},{"taxonomy":"post_tag","embeddable":true,"href":"https:\/\/www.primerbrief.com\/index.php?rest_route=%2Fwp%2Fv2%2Ftags&post=20415"}],"curies":[{"name":"wp","href":"https:\/\/api.w.org\/{rel}","templated":true}]}}