{"id":20496,"date":"2013-09-23T04:00:48","date_gmt":"2013-09-23T07:00:48","guid":{"rendered":"http:\/\/www.primerbrief.com\/?p=20496"},"modified":"2013-09-23T00:26:51","modified_gmt":"2013-09-23T03:26:51","slug":"la-usal-abrio-las-inscripciones-2014","status":"publish","type":"post","link":"https:\/\/www.primerbrief.com\/?p=20496","title":{"rendered":"La Universidad del Salvador abri\u00f3 las inscripciones 2014"},"content":{"rendered":"<p><span style=\"font-size: 11pt\"><strong>(ARGENTINA) &#8211; La <a href=\"http:\/\/www.usal.edu.ar\/\u200e\" onclick=\"_gaq.push(['_trackEvent', 'outbound-article', 'http:\/\/www.usal.edu.ar\/\u200e', 'Universidad del Salvador']);\" target=\"_blank\">Universidad del Salvador<\/a> ya abri\u00f3 las inscripciones para el a\u00f1o 2014. \u00bfQuer\u00e9s saber cu\u00e1ndo empiezan y c\u00f3mo es el plan de estudios? Mir\u00e1.<\/strong><\/span><\/p>\n<p>&nbsp;<br \/>\n<a href=\"http:\/\/www.primerbrief.com\/wp-content\/uploads\/2013\/09\/usal-flyer-600px.jpg\" onclick=\"_gaq.push(['_trackEvent', 'outbound-article-int', 'http:\/\/www.primerbrief.com\/wp-content\/uploads\/2013\/09\/usal-flyer-600px.jpg', '']);\" ><img loading=\"lazy\" decoding=\"async\" src=\"http:\/\/www.primerbrief.com\/wp-content\/uploads\/2013\/09\/usal-flyer-580px.jpg\" alt=\"\" title=\"usal-flyer-580px\" width=\"580\" height=\"371\" class=\"alignleft size-full wp-image-20498\" srcset=\"https:\/\/www.primerbrief.com\/wp-content\/uploads\/2013\/09\/usal-flyer-580px.jpg 580w, https:\/\/www.primerbrief.com\/wp-content\/uploads\/2013\/09\/usal-flyer-580px-300x191.jpg 300w\" sizes=\"auto, (max-width: 580px) 100vw, 580px\" \/><\/a><br \/>\n<em>Para ver el flyer completo, clique\u00e1 en la imagen.<\/em><\/p>\n<p>&nbsp;<br \/>\nYa est\u00e1n abiertas las inscripciones para el ciclo 2014. Para los que est\u00e9n interesados, la Universidad del Salvador realizar\u00e1 una nueva jornada informativa, el martes 1\u00b0 de octubre en la Av. Callao 835.<\/p>\n<p>Mientras tanto, pod\u00e9s chusmear el <a href=\"http:\/\/fcecs.usal.edu.ar\/carrera\/publicidad#tabs-2\u200e\" onclick=\"_gaq.push(['_trackEvent', 'outbound-article', 'http:\/\/fcecs.usal.edu.ar\/carrera\/publicidad#tabs-2\u200e', 'nuevo plan de estudios (2013)']);\" target=\"_blank\">nuevo plan de estudios (2013)<\/a>, donde ver\u00e1s las materias cuatrimestrales correspondientes a la carrera de cuatro a\u00f1os, con un t\u00edtulo intermedio de Bachiller Universitario en Comunicaci\u00f3n Social con orientaci\u00f3n en Publicidad que se obtiene a los dos a\u00f1os de carrera y el de grado, el de Licenciado en Publicidad, que se obtiene al final de la carrera.<\/p>\n<p>Si te quer\u00e9s incribir en la charla, entr\u00e1 <a href=\"http:\/\/fcecs.usal.edu.ar\/fcecs\/inscripcion-jornada-informativa-comunicacion\" onclick=\"_gaq.push(['_trackEvent', 'outbound-article', 'http:\/\/fcecs.usal.edu.ar\/fcecs\/inscripcion-jornada-informativa-comunicacion', 'ac\u00e1']);\" target=\"_blank\">ac\u00e1<\/a> y anotate.<br \/>\n&nbsp;<br \/>\n&nbsp;<\/p>\n","protected":false},"excerpt":{"rendered":"<p>(ARGENTINA) &#8211; La Universidad del Salvador ya abri\u00f3 las inscripciones para el a\u00f1o 2014. \u00bfQuer\u00e9s saber cu\u00e1ndo empiezan y c\u00f3mo es el plan de estudios? Mir\u00e1. &nbsp; Para ver el flyer completo, clique\u00e1 en la imagen. &nbsp; Ya est\u00e1n abiertas las inscripciones para el ciclo 2014. Para los que est\u00e9n interesados, la Universidad del Salvador realizar\u00e1 una nueva jornada informativa, [&hellip;]<\/p>\n","protected":false},"author":1,"featured_media":20497,"comment_status":"open","ping_status":"open","sticky":false,"template":"","format":"standard","meta":{"footnotes":""},"categories":[5],"tags":[26,794,793],"class_list":["post-20496","post","type-post","status-publish","format-standard","has-post-thumbnail","hentry","category-lugares-de-estudio","tag-argentina","tag-natalio-stecconi-argentina","tag-universidad-del-salvador-argentina"],"_links":{"self":[{"href":"https:\/\/www.primerbrief.com\/index.php?rest_route=\/wp\/v2\/posts\/20496","targetHints":{"allow":["GET"]}}],"collection":[{"href":"https:\/\/www.primerbrief.com\/index.php?rest_route=\/wp\/v2\/posts"}],"about":[{"href":"https:\/\/www.primerbrief.com\/index.php?rest_route=\/wp\/v2\/types\/post"}],"author":[{"embeddable":true,"href":"https:\/\/www.primerbrief.com\/index.php?rest_route=\/wp\/v2\/users\/1"}],"replies":[{"embeddable":true,"href":"https:\/\/www.primerbrief.com\/index.php?rest_route=%2Fwp%2Fv2%2Fcomments&post=20496"}],"version-history":[{"count":11,"href":"https:\/\/www.primerbrief.com\/index.php?rest_route=\/wp\/v2\/posts\/20496\/revisions"}],"predecessor-version":[{"id":20514,"href":"https:\/\/www.primerbrief.com\/index.php?rest_route=\/wp\/v2\/posts\/20496\/revisions\/20514"}],"wp:featuredmedia":[{"embeddable":true,"href":"https:\/\/www.primerbrief.com\/index.php?rest_route=\/wp\/v2\/media\/20497"}],"wp:attachment":[{"href":"https:\/\/www.primerbrief.com\/index.php?rest_route=%2Fwp%2Fv2%2Fmedia&parent=20496"}],"wp:term":[{"taxonomy":"category","embeddable":true,"href":"https:\/\/www.primerbrief.com\/index.php?rest_route=%2Fwp%2Fv2%2Fcategories&post=20496"},{"taxonomy":"post_tag","embeddable":true,"href":"https:\/\/www.primerbrief.com\/index.php?rest_route=%2Fwp%2Fv2%2Ftags&post=20496"}],"curies":[{"name":"wp","href":"https:\/\/api.w.org\/{rel}","templated":true}]}}