{"id":20516,"date":"2013-09-24T03:59:49","date_gmt":"2013-09-24T06:59:49","guid":{"rendered":"http:\/\/www.primerbrief.com\/?p=20516"},"modified":"2013-09-24T11:22:01","modified_gmt":"2013-09-24T14:22:01","slug":"curriculum-por-el-culo-el-nuevo-concurso-de-brother-barcelona-para-becar-alumnos","status":"publish","type":"post","link":"https:\/\/www.primerbrief.com\/?p=20516","title":{"rendered":"Curr\u00edculum por el culo: el concurso de Brother Barcelona para becar alumnos"},"content":{"rendered":"<p><span style=\"font-size: 11pt\"><strong>(ESPA\u00d1A) &#8211; \u00abAlgo pas\u00f3, todo cambi\u00f3 \u2014describe <a href=\"http:\/\/www.brotherad.com\/barcelona\/\u200e\u200e\" onclick=\"_gaq.push(['_trackEvent', 'outbound-article', 'http:\/\/www.brotherad.com\/barcelona\/\u200e\u200e', 'Brother Barcelona']);\" target=\"_blank\">Brother Barcelona<\/a> al presentar su nuevo concurso, <em>Curr\u00edculum por el Culo<\/em>\u2014. El escenario es otro. Un buen curr\u00edculum, una carrera, tres masters, un portfolio, contactos. Las viejas armas ya no te aseguran nada por una simple raz\u00f3n; ya no hay lugar para todos. Cambia tus armas y pelea por el tuyo\u00bb. Con este contundente texto, BB presenta la campa\u00f1a que tiene preparada para lanzar su curso de Creatividad Integral 2013\/14. Su director Mauro Su\u00e1rez, uruguayo y siempre en la vanguardia, lo cuenta para PRIMER BRIEF en esta nota.<\/strong><\/span><\/p>\n<p><a href=\"http:\/\/www.primerbrief.com\/wp-content\/uploads\/2013\/09\/flyer-brother-barc-1300px.jpg\" onclick=\"_gaq.push(['_trackEvent', 'outbound-article-int', 'http:\/\/www.primerbrief.com\/wp-content\/uploads\/2013\/09\/flyer-brother-barc-1300px.jpg', '']);\" ><img loading=\"lazy\" decoding=\"async\" src=\"http:\/\/www.primerbrief.com\/wp-content\/uploads\/2013\/09\/flyer-brother-barc-580px.jpg\" alt=\"\" title=\"flyer-brother-barc-580px\" width=\"580\" height=\"342\" class=\"alignleft size-full wp-image-20522\" srcset=\"https:\/\/www.primerbrief.com\/wp-content\/uploads\/2013\/09\/flyer-brother-barc-580px.jpg 580w, https:\/\/www.primerbrief.com\/wp-content\/uploads\/2013\/09\/flyer-brother-barc-580px-300x176.jpg 300w\" sizes=\"auto, (max-width: 580px) 100vw, 580px\" \/><\/a><br \/>\n<em>El flyer del concurso: cliquear en la imagen para verlo completo.<\/em><\/p>\n<p>&nbsp;<br \/>\n<img loading=\"lazy\" decoding=\"async\" src=\"http:\/\/www.primerbrief.com\/wp-content\/uploads\/2013\/09\/BRO-MauroSuarez-60x60px.jpg\" width=\"60\" height=\"60\" class=\"alignleft size-full wp-image-17503\" style=\"margin: 0px 10px 0px 0px\" \/><\/a><strong>POR <a href=\"http:\/\/www.primerbrief.com\/?tag=mauro-suarez-uruguay\" onclick=\"_gaq.push(['_trackEvent', 'outbound-article-int', 'http:\/\/www.primerbrief.com\/?tag=mauro-suarez-uruguay', 'MAURO SU\u00c1REZ']);\" target=\"_blank\">MAURO SU\u00c1REZ<\/a><\/strong><br \/>\n<em>Director regional de Brother<\/em><\/p>\n<p style=\"clear:left;\">\n<p>&nbsp;<br \/>\n<em>Curr\u00edculum por el Culo<\/em> es un nuevo concurso que sacamos con Brother Barcelona, por un cupo de tres becas para la nueva generaci\u00f3n de su curso \u00fanico de creatividad de siete meses 2013\/2014, que comienza el pr\u00f3ximo 11 de noviembre. En esta ocasi\u00f3n, la idea del concurso nace de una expresi\u00f3n cotidiana que escuchamos asiduamente entre nuestros estudiantes y amigos y, como es nuestra costumbre, queremos aprovechar la oportunidad para generar algo, para decir y que pasen cosas y que no sea s\u00f3lo una <em>promo<\/em> para comunicar un curso.<\/p>\n<p>Como todos sabemos, a nuestros j\u00f3venes cada vez les cuesta m\u00e1s conseguir trabajo, ya no hay lugar para todos, cada vez hay menos oportunidades y a los que se grad\u00faan, desde cualquier carrera y sin experiencia alguna, les es much\u00edsimo m\u00e1s dif\u00edcil a\u00fan. Hacer una carrera es cada vez m\u00e1s caro, m\u00e1s complicado y el tiempo que uno tarda en recibirse hasta comenzar a trabajar es demasiado.<\/p>\n<p>M\u00e1s all\u00e1 de esto, hoy no s\u00f3lo en Espa\u00f1a, sino en todo el mundo pasamos por un gran problema social: no importa la experiencia que se tenga, ni la carrera universitaria que se haya cursado, como tampoco los cientos de cursos o especializaciones internacionales acumulados, o si se tiene diploma o no. La realidad es que cada vez hay menos demanda, y ese curr\u00edculum que los flamantes egresados tienen, tan relleno de nada, la realidad nos muestra que ya no les sirve para nada.<\/p>\n<p>Por eso, para participar del concurso por las becas para Brother Barcelona invitamos a los j\u00f3venes a encontrar la forma m\u00e1s creativa de meterse por el culo ese curr\u00edculum que tanto les ha costado hacer y que no les ha generado nada, a ver si en esto les sirve de algo. La idea es mostrar en un video corto la forma m\u00e1s creativa en c\u00f3mo se lo meten o c\u00f3mo lo llevan. Los dos m\u00e1s creativos tendr\u00e1n una beca del 100 por ciento para nuestro curso de creatividad de siete meses; el segundo m\u00e1s creativo, el 50 por ciento de la beca; y el que salga elegido en tercer lugar, el 30 por ciento.<\/p>\n<p>En total son casi tres cupos totales que ofrecemos, de los 24 con que contamos para el curso, lo que significa para nosotros una gran inversi\u00f3n. Esta es una manera divertida, sana y bonita de evidenciar una situaci\u00f3n con la que convivimos a diario y con la idea de que llegue a aquellos a los que quiz\u00e1s no les interesa concursar por la beca, pero pueden ver aqu\u00ed una oportunidad divertida para manifestarse.<\/p>\n<p>Es un concurso pensado para expresar algo de una forma distinta y con el deseo de que trascienda fronteras, ya que se trata no s\u00f3lo de una realidad que hoy padecen los estudiantes de Espa\u00f1a, sino que afecta por igual a los j\u00f3venes del mundo entero. Y algo de eso se transmite en los videos que preparamos, que son muy divertidos.<\/p>\n<p>&nbsp;<br \/>\n<iframe loading=\"lazy\" style=\"margin: 0px 2px 0px 0px\" width=\"289\" height=\"217\" src=\"\/\/www.youtube.com\/embed\/-Rc2Ttp-cIo\" frameborder=\"0\" allowfullscreen><\/iframe><iframe loading=\"lazy\" style=\"margin: 0px 0px 0px 0px\" width=\"289\" height=\"217\" src=\"\/\/www.youtube.com\/embed\/DdrnAqCtN7o\" frameborder=\"0\" allowfullscreen><\/iframe><br \/>\n<em>Los dos videos que, hasta el momento, Brother Barcelona public\u00f3 para promocionar el concurso: \u00abCurr\u00edculum por el culo\u00bb y \u00abAdulterio\u00bb.<\/em><\/p>\n<p>&nbsp;<br \/>\n<span style=\"font-size: 11pt\"><strong>LA ESCUELA EN FUNCIONAMIENTO<\/strong><\/span><\/p>\n<p><div id='gallery-1' class='gallery galleryid-20516 gallery-columns-4 gallery-size-theme-gallerysize'><dl class='gallery-item'>\n\t\t\t<dt class='gallery-icon landscape'>\n\t\t\t\t<a href=\"https:\/\/www.primerbrief.com\/wp-content\/uploads\/2013\/09\/brother-barcelona-I.jpg\" onclick=\"_gaq.push(['_trackEvent', 'outbound-article-int', 'https:\/\/www.primerbrief.com\/wp-content\/uploads\/2013\/09\/brother-barcelona-I.jpg', '']);\" ><img loading=\"lazy\" decoding=\"async\" width=\"120\" height=\"100\" src=\"https:\/\/www.primerbrief.com\/wp-content\/uploads\/2013\/09\/brother-barcelona-I-120x100.jpg\" class=\"attachment-theme-gallerysize size-theme-gallerysize\" alt=\"\" \/><\/a>\n\t\t\t<\/dt><\/dl><dl class='gallery-item'>\n\t\t\t<dt class='gallery-icon landscape'>\n\t\t\t\t<a href=\"https:\/\/www.primerbrief.com\/wp-content\/uploads\/2013\/09\/brother-barcelona-II.jpg\" onclick=\"_gaq.push(['_trackEvent', 'outbound-article-int', 'https:\/\/www.primerbrief.com\/wp-content\/uploads\/2013\/09\/brother-barcelona-II.jpg', '']);\" ><img loading=\"lazy\" decoding=\"async\" width=\"120\" height=\"100\" src=\"https:\/\/www.primerbrief.com\/wp-content\/uploads\/2013\/09\/brother-barcelona-II-120x100.jpg\" class=\"attachment-theme-gallerysize size-theme-gallerysize\" alt=\"\" \/><\/a>\n\t\t\t<\/dt><\/dl><dl class='gallery-item'>\n\t\t\t<dt class='gallery-icon landscape'>\n\t\t\t\t<a href=\"https:\/\/www.primerbrief.com\/wp-content\/uploads\/2013\/09\/brother-barcelona-III.jpg\" onclick=\"_gaq.push(['_trackEvent', 'outbound-article-int', 'https:\/\/www.primerbrief.com\/wp-content\/uploads\/2013\/09\/brother-barcelona-III.jpg', '']);\" ><img loading=\"lazy\" decoding=\"async\" width=\"120\" height=\"100\" src=\"https:\/\/www.primerbrief.com\/wp-content\/uploads\/2013\/09\/brother-barcelona-III-120x100.jpg\" class=\"attachment-theme-gallerysize size-theme-gallerysize\" alt=\"\" \/><\/a>\n\t\t\t<\/dt><\/dl><dl class='gallery-item'>\n\t\t\t<dt class='gallery-icon landscape'>\n\t\t\t\t<a href=\"https:\/\/www.primerbrief.com\/wp-content\/uploads\/2013\/09\/brother-barcelona-IV.jpg\" onclick=\"_gaq.push(['_trackEvent', 'outbound-article-int', 'https:\/\/www.primerbrief.com\/wp-content\/uploads\/2013\/09\/brother-barcelona-IV.jpg', '']);\" ><img loading=\"lazy\" decoding=\"async\" width=\"120\" height=\"100\" src=\"https:\/\/www.primerbrief.com\/wp-content\/uploads\/2013\/09\/brother-barcelona-IV-120x100.jpg\" class=\"attachment-theme-gallerysize size-theme-gallerysize\" alt=\"\" \/><\/a>\n\t\t\t<\/dt><\/dl><br style=\"clear: both\" \/>\n\t\t<\/div>\n<br \/>\n<em>El d\u00eda a d\u00eda en Brother Barcelona.<\/em><\/p>\n<div style=\" background-color:#F4F4F4; width:560px; float:left; padding:10px; margin-top:20px; margin-bottom:20px; border-top:solid 10px #CCCCCC; border-bottom:solid 10px #CCCCCC; line-height:16px; font-size:12px\">\n<img decoding=\"async\" style=\"width:560px; border-top:solid 0px; border-right:solid 0px; border-bottom:solid 0px; border-left:solid 0px; margin-bottom:10px; float:left\" src=\"http:\/\/www.primerbrief.com\/wp-content\/uploads\/2011\/07\/PB-RecuadroMasInfo.jpg\" \/><br \/>\n&nbsp;<br \/>\n<span style=\"font-size: 11pt\"><strong>C\u00d3MO PARTICIPAR<\/strong><\/span><\/p>\n<p>\u2022 Para participar, envi\u00e1 un video mostrando qu\u00e9 has hecho con tu curr\u00edculum a <a href=\"mailto:cxc@brotherad.com\" onclick=\"_gaq.push(['_trackEvent','mailto','cxc@brotherad.com']);\" >cxc@brotherad.com<\/a>.<br \/>\n\u2022 Hay tiempo hasta el 17 de octubre.<br \/>\n\u2022 El inicio de clases en Brother Barcelona est\u00e1 previsto para el 11 de noviembre y el curso se extiende durante siete meses hasta el 10 de junio de 2014.<br \/>\n\u2022 Los cupos son limitados.<br \/>\n\u2022 Para m\u00e1s informaci\u00f3n, entr\u00e1 a <a href=\"http:\/\/www.brotherad.com\/barcelona\" onclick=\"_gaq.push(['_trackEvent', 'outbound-article', 'http:\/\/www.brotherad.com\/barcelona', 'Brother Barcelona']);\" target=\"_blank\">Brother Barcelona<\/a>, llam\u00e1 al 932661859, escrib\u00ed a <a href=\"mailto:barcelona@brotherad.com\" onclick=\"_gaq.push(['_trackEvent','mailto','barcelona@brotherad.com']);\" >barcelona@brotherad.com<\/a> o pas\u00e1 por <a href=\"http:\/\/www.paloaltobcn.org\" onclick=\"_gaq.push(['_trackEvent', 'outbound-article', 'http:\/\/www.paloaltobcn.org', 'Palo Alto']);\" target=\"_blank\">Palo Alto<\/a>, el sitio donde se encuentra la escuela.\n<\/div>\n<p>&nbsp;<br \/>\n&nbsp;<\/p>\n","protected":false},"excerpt":{"rendered":"<p>(ESPA\u00d1A) &#8211; \u00abAlgo pas\u00f3, todo cambi\u00f3 \u2014describe Brother Barcelona al presentar su nuevo concurso, Curr\u00edculum por el Culo\u2014. El escenario es otro. Un buen curr\u00edculum, una carrera, tres masters, un portfolio, contactos. Las viejas armas ya no te aseguran nada por una simple raz\u00f3n; ya no hay lugar para todos. Cambia tus armas y pelea por el tuyo\u00bb. Con este [&hellip;]<\/p>\n","protected":false},"author":1,"featured_media":20531,"comment_status":"open","ping_status":"open","sticky":false,"template":"","format":"standard","meta":{"footnotes":""},"categories":[5],"tags":[1879,48,128],"class_list":["post-20516","post","type-post","status-publish","format-standard","has-post-thumbnail","hentry","category-lugares-de-estudio","tag-brother-barcelona-espana","tag-espana","tag-mauro-suarez-uruguay"],"_links":{"self":[{"href":"https:\/\/www.primerbrief.com\/index.php?rest_route=\/wp\/v2\/posts\/20516","targetHints":{"allow":["GET"]}}],"collection":[{"href":"https:\/\/www.primerbrief.com\/index.php?rest_route=\/wp\/v2\/posts"}],"about":[{"href":"https:\/\/www.primerbrief.com\/index.php?rest_route=\/wp\/v2\/types\/post"}],"author":[{"embeddable":true,"href":"https:\/\/www.primerbrief.com\/index.php?rest_route=\/wp\/v2\/users\/1"}],"replies":[{"embeddable":true,"href":"https:\/\/www.primerbrief.com\/index.php?rest_route=%2Fwp%2Fv2%2Fcomments&post=20516"}],"version-history":[{"count":10,"href":"https:\/\/www.primerbrief.com\/index.php?rest_route=\/wp\/v2\/posts\/20516\/revisions"}],"predecessor-version":[{"id":20537,"href":"https:\/\/www.primerbrief.com\/index.php?rest_route=\/wp\/v2\/posts\/20516\/revisions\/20537"}],"wp:featuredmedia":[{"embeddable":true,"href":"https:\/\/www.primerbrief.com\/index.php?rest_route=\/wp\/v2\/media\/20531"}],"wp:attachment":[{"href":"https:\/\/www.primerbrief.com\/index.php?rest_route=%2Fwp%2Fv2%2Fmedia&parent=20516"}],"wp:term":[{"taxonomy":"category","embeddable":true,"href":"https:\/\/www.primerbrief.com\/index.php?rest_route=%2Fwp%2Fv2%2Fcategories&post=20516"},{"taxonomy":"post_tag","embeddable":true,"href":"https:\/\/www.primerbrief.com\/index.php?rest_route=%2Fwp%2Fv2%2Ftags&post=20516"}],"curies":[{"name":"wp","href":"https:\/\/api.w.org\/{rel}","templated":true}]}}