{"id":20690,"date":"2013-10-02T03:59:03","date_gmt":"2013-10-02T06:59:03","guid":{"rendered":"http:\/\/www.primerbrief.com\/?p=20690"},"modified":"2013-10-02T00:06:38","modified_gmt":"2013-10-02T03:06:38","slug":"muy-lindo-la-champana-ratto-y-la-biela-por-mariano-augugliaro","status":"publish","type":"post","link":"https:\/\/www.primerbrief.com\/?p=20690","title":{"rendered":"Muy lindos la champa\u00f1a, Ratto y La Biela, por Mariano Augugliaro"},"content":{"rendered":"<p><span style=\"font-size: 11pt\"><strong>(ARGENTINA) &#8211; \u00a1Sientan!, fundamenta Mariano Augugliaro (*) en su tercera columna, en la que comparte en sus textos <em>autoilustrados<\/em> la direcci\u00f3n de cuentas, la creatividad, el arte, el dibujo, la publicidad en general y, en realidad, la vida misma.<\/strong><\/span><\/p>\n<p><a href=\"http:\/\/www.primerbrief.com\/wp-content\/uploads\/2013\/10\/mariano-augugliaro-III-1366p.jpg\" onclick=\"_gaq.push(['_trackEvent', 'outbound-article-int', 'http:\/\/www.primerbrief.com\/wp-content\/uploads\/2013\/10\/mariano-augugliaro-III-1366p.jpg', '']);\" ><img loading=\"lazy\" decoding=\"async\" src=\"http:\/\/www.primerbrief.com\/wp-content\/uploads\/2013\/10\/mariano-augugliaro-III-580p.jpg\" alt=\"\" title=\"mariano-augugliaro-III-580p\" width=\"580\" height=\"386\" class=\"alignleft size-full wp-image-20694\" srcset=\"https:\/\/www.primerbrief.com\/wp-content\/uploads\/2013\/10\/mariano-augugliaro-III-580p.jpg 580w, https:\/\/www.primerbrief.com\/wp-content\/uploads\/2013\/10\/mariano-augugliaro-III-580p-300x199.jpg 300w\" sizes=\"auto, (max-width: 580px) 100vw, 580px\" \/><\/a><br \/>\n<em>Ilustraci\u00f3n realizada por Mariano Augugliaro en 2012: tela collage con acr\u00edlico y tintas.<\/em><\/p>\n<p>&nbsp;<br \/>\n<a href=\"http:\/\/www.primerbrief.com\/wp-content\/uploads\/2013\/08\/mariano-augugliaro-60px.jpg\" onclick=\"_gaq.push(['_trackEvent', 'outbound-article-int', 'http:\/\/www.primerbrief.com\/wp-content\/uploads\/2013\/08\/mariano-augugliaro-60px.jpg', '']);\" target=\"_blank\"><img loading=\"lazy\" decoding=\"async\" src=\"http:\/\/www.primerbrief.com\/wp-content\/uploads\/2013\/08\/mariano-augugliaro-60px.jpg\" width=\"60\" height=\"60\" class=\"alignleft size-full wp-image-17503\" style=\"margin: 0px 10px 0px 0px\" \/><\/a><strong>POR <a href=\"http:\/\/www.primerbrief.com\/?tag=mariano-augugliaro-argentina\" onclick=\"_gaq.push(['_trackEvent', 'outbound-article-int', 'http:\/\/www.primerbrief.com\/?tag=mariano-augugliaro-argentina', 'MARIANO AUGUGLIARO']);\" target=\"_blank\">MARIANO AUGUGLIARO<\/a><\/strong><br \/>\n<em>Profesor y coordinador de la orientaci\u00f3n de Atenci\u00f3n de Cuentas en la <a href=\"http:\/\/www.isp.aapublicidad.org.ar\/\" onclick=\"_gaq.push(['_trackEvent', 'outbound-article', 'http:\/\/www.isp.aapublicidad.org.ar\/', 'AAP']);\" target=\"_blank\">AAP<\/a> \/ Director general en <a href=\"https:\/\/www.facebook.com\/macobuenosaires\" onclick=\"_gaq.push(['_trackEvent', 'outbound-article', 'https:\/\/www.facebook.com\/macobuenosaires', 'Macomunicaci\u00f3n']);\" target=\"_blank\">Macomunicaci\u00f3n<\/a><\/em><br \/>\nRedacci\u00f3n especial para PB<\/p>\n<p style=\"clear:left;\">\n<p>&nbsp;<br \/>\nMe siento a escribir mi tercera nota para el portal y, como lo hice y lo hago siempre, miro los ojos celestes de mi mujer y s\u00e9 que es momento de buscar una melod\u00eda que llame a las musas. No s\u00e9 si te coment\u00e9: el jazz y un mont\u00f3n de cosas son mis pasiones. Busco el significado de <em>pasi\u00f3n<\/em> y encuentro:<\/p>\n<p><strong>Pasi\u00f3n s. f.<\/strong><br \/>\n<strong>1:<\/strong> Sentimiento muy intenso que domina la voluntad y puede perturbar la raz\u00f3n, como el amor, el odio, los celos o la ira.<br \/>\n<strong>2:<\/strong> Sentimiento de amor muy intenso manifestado con gran deseo sexual.<br \/>\n<strong>3:<\/strong> Afici\u00f3n o inclinaci\u00f3n viva por alguien o algo: <em>pasi\u00f3n por la lectura<\/em>.<br \/>\n<strong>4:<\/strong> Persona o cosa por las que se muestra afici\u00f3n o inclinaci\u00f3n viva: <em>el cine es su gran pasi\u00f3n<\/em>.<br \/>\n<strong>5:<\/strong> Entusiasmo que se pone en algo que se hace o se defiende: <em>los fans aplauden a sus \u00eddolos con pasi\u00f3n; discut\u00eda con excesiva pasi\u00f3n<\/em>.<br \/>\n<strong>6:<\/strong> Sufrimiento muy intenso, especialmente el de Jesucristo desde su detenci\u00f3n por parte de las autoridades romanas hasta su muerte en la cruz, narrado en el Evangelio: <em>en Semana Santa se conmemoran la pasi\u00f3n, muerte y resurrecci\u00f3n de Jes\u00fas<\/em>.<br \/>\n<strong>Nota:<\/strong> Con may\u00fascula inicial cuando hace referencia a la pasi\u00f3n de Cristo.<br \/>\n<strong>7:<\/strong> Representaci\u00f3n art\u00edstica o narraci\u00f3n del padecimiento de Jesucristo en la cruz que est\u00e1 inspirada en el Evangelio.<\/p>\n<p>Miro las definiciones, las leo y las releo varias veces y me acuerdo de cuando comenc\u00e9 a estudiar publicidad: realmente me gustaba, y mucho, pero nunca pens\u00e9 que iba a trabajar y ganar dinero con una actividad que me da mucho placer y por la que nunca dej\u00e9 de sentir tanta pasi\u00f3n. A veces he sufrido y seguir\u00e9 sufriendo por esta ingrata profesi\u00f3n, pero entra en la definici\u00f3n n\u00famero 6 de este diccionario.<\/p>\n<p>Recuerdo las veces que no dorm\u00ed por un titular o me levant\u00e9 a la madrugada caminando apurado en la mitad de la noche a un quiosco de diarios a ver si hab\u00eda salido un aviso en la p\u00e1gina que hab\u00edamos entregado o \u00a1escuchar un programa de radio entero s\u00f3lo por veinte segundos de un queso crema! \u00a1Carajo!, \u00bfeso no es m\u00e1s pasi\u00f3n que la de los hinchas de f\u00fatbol? Cosa que no s\u00e9 si importa mucho, pero no me gusta el f\u00fatbol, ni jugarlo, ni verlo, ni nada. \u00bfEntra en alguna definici\u00f3n?<\/p>\n<p>Una pasi\u00f3n que viv\u00ed cuando trabajaba en varias agencias que no eran la m\u00eda, y por razones que me excede saber por qu\u00e9: iba los viernes cuando terminaba la semana a tomar algo en alg\u00fan bar de Buenos Aires, pero iba SOLO. Era algo m\u00edo: como trabajaba para grandes agencias y la locura no era s\u00f3lo m\u00eda, me tomaba un tiempo para m\u00ed.<\/p>\n<p>No hablamos de almorzar en el microcentro o tomar un cafecito con un libro: digo llegar a un bar, ya ca\u00eddo el sol y terminada la semana de originales, avisos y dem\u00e1s cosas, acodarse en la barra y pedirse algo espirituoso, sin aclarar \u00abespero a alguien\u00bb ni poner cara de estar de paso. No se hace, a menos que uno sea un alcoh\u00f3lico asumido. Aqu\u00ed vengo a hacer apolog\u00eda: desde que me anim\u00e9 a ir de bares, me resulta una costumbre san\u00edsima, para calmar el esp\u00edritu y renovar las historias de comerciales de TV, radio o avisos de gr\u00e1fica que a uno le tocar\u00e1 vivir. Pero claro, hay lugares m\u00e1s y menos amigables para sentarse en soledad. Recuerdo uno con mucha pasi\u00f3n y alegr\u00eda: a dos cuadras de la vieja agencia Ratto BBDO est\u00e1 La Biela, un lugar muy lugar en plena Recoleta \u2014\u00a1mejor dicho en Avenida Quintana, bol\u00fa!\u2014, donde me sentaba en la barra, ped\u00eda una copa de champa\u00f1a nacional (era director de cuentas, reci\u00e9n casado, gracias que ped\u00eda nacional y champa\u00f1a). Recuerdo que los mozos me ve\u00edan llegar y hasta cre\u00eda que me reconoc\u00edan y reconoc\u00edan mi pasi\u00f3n por la publicidad y por la vida. La verdad, cre\u00edan que les iba a dejar una buena propina (era director de cuentas y no de <em>Mad Men<\/em>). \u00a1Olv\u00eddate de las buenas propinas, Sam!<\/p>\n<p>Fue un excelente lugar para empezar en una barra y tambi\u00e9n el final de esa \u00e9poca. \u00bfPor qu\u00e9? F\u00e1cil, porque nadie me miraba raro. Nadie se daba cuenta de mi pasi\u00f3n por lo que hab\u00eda elegido, era uno m\u00e1s, no hablaba con nadie, s\u00f3lo dejaba pasar un rato de la semana, me escuchaba a m\u00ed y no miraba a nadie.<\/p>\n<p>Esa etapa se termin\u00f3, pero no la pasi\u00f3n por tantas cosas. Cuando paso por La Biela me acuerdo de Ratto, de esas noches cortas tomando una copa en soledad, y s\u00e9 que no volver\u00e1n, porque no quiero que vuelvan. Es otro momento de mi vida, algunas canas \u2014por no decir muchas\u2014 se han instalado en mi cabeza y, cuando miro mi futuro, siento m\u00e1s pasi\u00f3n que antes por la vida, por la profesi\u00f3n, por los alumnos y por la publicidad.<\/p>\n<p>Si se me ocurre ir o pasar por La Biela, no puedo entrar sin la compa\u00f1\u00eda de mi amada, para as\u00ed poder mirar a la cantidad de tipos que se sientan a la barra a tomar un trago y vivirlo con pasi\u00f3n. O tal vez sin ella.<\/p>\n<p>Te pido perd\u00f3n, tengo que dejar de escribir, tengo el Campari que me prepararon antes de cenar y de so\u00f1ar con los angelitos.<\/p>\n<p>Vermouth con papas fritas y \u00a1good show!, como le dec\u00eda Tato Bores a su Berta.<\/p>\n<div style=\" background-color:#F4F4F4; width:560px; float:left; padding:10px; margin-top:20px; margin-bottom:20px; border-top:solid 10px #CCCCCC; border-bottom:solid 10px #CCCCCC; line-height:16px; font-size:12px\">\n<img decoding=\"async\" style=\"width:560px; border-top:solid 0px; border-right:solid 0px; border-bottom:solid 0px; border-left:solid 0px; margin-bottom:10px; float:left\" src=\"http:\/\/www.primerbrief.com\/wp-content\/uploads\/2011\/07\/PB-RecuadroMasInfo.jpg\" \/><br \/>\n&nbsp;<br \/>\n<span style=\"font-size: 11pt\"><strong>(*) \u00bfQUI\u00c9N SOY?<\/strong><\/span><\/p>\n<p><a href=\"http:\/\/www.primerbrief.com\/wp-content\/uploads\/2013\/08\/ARG-MarianoAugugliaro-ConChicos-GR.jpg\" onclick=\"_gaq.push(['_trackEvent', 'outbound-article-int', 'http:\/\/www.primerbrief.com\/wp-content\/uploads\/2013\/08\/ARG-MarianoAugugliaro-ConChicos-GR.jpg', '']);\" ><img loading=\"lazy\" decoding=\"async\" src=\"http:\/\/www.primerbrief.com\/wp-content\/uploads\/2013\/08\/ARG-MarianoAugugliaro-ConChicos-560px.jpg\" width=\"560\" height=\"316\" class=\"alignleft size-full wp-image-19757\" srcset=\"https:\/\/www.primerbrief.com\/wp-content\/uploads\/2013\/08\/ARG-MarianoAugugliaro-ConChicos-560px.jpg 560w, https:\/\/www.primerbrief.com\/wp-content\/uploads\/2013\/08\/ARG-MarianoAugugliaro-ConChicos-560px-300x169.jpg 300w\" sizes=\"auto, (max-width: 560px) 100vw, 560px\" \/><\/a><br \/>\n<em>\u00bfPero qui\u00e9n soy? Director de cuentas, padre, marido, dibujante, escritor, cocinero, coordinador de Atenci\u00f3n de Cuentas en la AAP, profesor, amigo, etc\u00e9tera.<\/em>\n<\/div>\n<p>&nbsp;<br \/>\n&nbsp;<\/p>\n","protected":false},"excerpt":{"rendered":"<p>(ARGENTINA) &#8211; \u00a1Sientan!, fundamenta Mariano Augugliaro (*) en su tercera columna, en la que comparte en sus textos autoilustrados la direcci\u00f3n de cuentas, la creatividad, el arte, el dibujo, la publicidad en general y, en realidad, la vida misma. Ilustraci\u00f3n realizada por Mariano Augugliaro en 2012: tela collage con acr\u00edlico y tintas. &nbsp; POR MARIANO AUGUGLIARO Profesor y coordinador de [&hellip;]<\/p>\n","protected":false},"author":1,"featured_media":20705,"comment_status":"open","ping_status":"open","sticky":false,"template":"","format":"standard","meta":{"footnotes":""},"categories":[410],"tags":[26,35,2902,294,1654,530],"class_list":["post-20690","post","type-post","status-publish","format-standard","has-post-thumbnail","hentry","category-miradas","tag-argentina","tag-asociacion-argentina-de-publicidad-aap","tag-la-biela-buenos-aires-argentina","tag-macomunicacion-argentina","tag-mariano-augugliaro-argentina","tag-ratto-bbdo-argentina"],"_links":{"self":[{"href":"https:\/\/www.primerbrief.com\/index.php?rest_route=\/wp\/v2\/posts\/20690","targetHints":{"allow":["GET"]}}],"collection":[{"href":"https:\/\/www.primerbrief.com\/index.php?rest_route=\/wp\/v2\/posts"}],"about":[{"href":"https:\/\/www.primerbrief.com\/index.php?rest_route=\/wp\/v2\/types\/post"}],"author":[{"embeddable":true,"href":"https:\/\/www.primerbrief.com\/index.php?rest_route=\/wp\/v2\/users\/1"}],"replies":[{"embeddable":true,"href":"https:\/\/www.primerbrief.com\/index.php?rest_route=%2Fwp%2Fv2%2Fcomments&post=20690"}],"version-history":[{"count":10,"href":"https:\/\/www.primerbrief.com\/index.php?rest_route=\/wp\/v2\/posts\/20690\/revisions"}],"predecessor-version":[{"id":20706,"href":"https:\/\/www.primerbrief.com\/index.php?rest_route=\/wp\/v2\/posts\/20690\/revisions\/20706"}],"wp:featuredmedia":[{"embeddable":true,"href":"https:\/\/www.primerbrief.com\/index.php?rest_route=\/wp\/v2\/media\/20705"}],"wp:attachment":[{"href":"https:\/\/www.primerbrief.com\/index.php?rest_route=%2Fwp%2Fv2%2Fmedia&parent=20690"}],"wp:term":[{"taxonomy":"category","embeddable":true,"href":"https:\/\/www.primerbrief.com\/index.php?rest_route=%2Fwp%2Fv2%2Fcategories&post=20690"},{"taxonomy":"post_tag","embeddable":true,"href":"https:\/\/www.primerbrief.com\/index.php?rest_route=%2Fwp%2Fv2%2Ftags&post=20690"}],"curies":[{"name":"wp","href":"https:\/\/api.w.org\/{rel}","templated":true}]}}