{"id":2131,"date":"2011-09-02T15:45:45","date_gmt":"2011-09-02T15:45:45","guid":{"rendered":"http:\/\/www.primerbrief.com\/?p=2131"},"modified":"2011-09-02T15:52:23","modified_gmt":"2011-09-02T15:52:23","slug":"brother-montevideo-presenta-su-primer-curso-digital","status":"publish","type":"post","link":"https:\/\/www.primerbrief.com\/?p=2131","title":{"rendered":"Brother Montevideo presenta su primer curso digital"},"content":{"rendered":"<p><span style=\"font-size: 11pt\"><strong>(URUGUAY) &#8211; El martes 6, en la sede montevideana de la escuela regional de creativos, se presenta Digital Brother, un programa programa \u00abinspirador, generador de nuevos sue\u00f1os para nuevos talentos que ser\u00e1n cien por ciento nativos desde la creatividad digital\u00bb.<\/strong><\/span><\/p>\n<p><a href=\"http:\/\/www.primerbrief.com\/wp-content\/uploads\/2011\/09\/URU-DigitalBrother2011-GR.jpg\" onclick=\"_gaq.push(['_trackEvent', 'outbound-article-int', 'http:\/\/www.primerbrief.com\/wp-content\/uploads\/2011\/09\/URU-DigitalBrother2011-GR.jpg', '']);\" ><img loading=\"lazy\" decoding=\"async\" src=\"http:\/\/www.primerbrief.com\/wp-content\/uploads\/2011\/09\/URU-DigitalBrother2011-580px.jpg\" alt=\"\" title=\"URU-DigitalBrother2011-580px\" width=\"580\" height=\"447\" class=\"alignleft size-full wp-image-2133\" srcset=\"https:\/\/www.primerbrief.com\/wp-content\/uploads\/2011\/09\/URU-DigitalBrother2011-580px.jpg 580w, https:\/\/www.primerbrief.com\/wp-content\/uploads\/2011\/09\/URU-DigitalBrother2011-580px-300x231.jpg 300w\" sizes=\"auto, (max-width: 580px) 100vw, 580px\" \/><\/a><br \/>\n<em>El afiche del curso y la imagen futurista con que la escuela lo presenta en sociedad.<\/em><\/p>\n<p>La sede montevideana de la escuela de creativos Brother desarroll\u00f3 un programa \u00abinspirador, generador de nuevos sue\u00f1os para nuevos talentos que ser\u00e1n cien por ciento nativos desde la creatividad digital \u2014seg\u00fan ellos mismos lo presentan, y agregan\u2014: El alcance de las nuevas maneras de hacer publicidad y su impacto es indiscutible. Montevideo es una ciudad con ritmo \u00e1gil en el sector, de empresas muy destacadas que trabajan mucho en lo local y muy bien para el exterior cumpliendo con una gran performance. Pero hasta ahora no exist\u00eda un lugar o espacio que preparase nuevos talentos para esta escena\u00bb.<\/p>\n<p>Por todo esto es que este martes 6 de septiembre, a las 7 de la tarde, el uruguayo Juan Ignacio <em>Chiape<\/em> Ciapessoni (The Electric Factory) y el argentino Mart\u00edn Barnola (LOND&#038;M) brindar\u00e1n en Brother Montevideo una charla-lanzamiento de Digital Brother, el primer curso del pa\u00eds de creatividad aplicada a las nuevas tecnolog\u00edas.<\/p>\n<p>Mauro Su\u00e1rez, director regional de Brother Latina, afirm\u00f3 al hacer el anuncio: \u00abSer los primeros en implementar el curso de creatividad digital en el pa\u00eds, adem\u00e1s de ser una gran responsabilidad y dar a los estudiantes grandes posibilidades de inserci\u00f3n en el mercado de las Ideas y las experiencias digitales, nos posibilita posicionarnos a\u00fan m\u00e1s como la escuela de creativos mas innovadora y de mayor proyecci\u00f3n para reclutar nuevos talentos creativos, ahora tambi\u00e9n nativos desde la creatividad digital\u00bb. <\/p>\n<p>La esencia del curso, de acuerdo a lo que explican sus organizadores, ser\u00e1 \u00abaplicar proyectos creativos como m\u00e9todo de ense\u00f1anza de las herramientas digitales, generando que los j\u00f3venes creativos potencien sus ideas usando la tecnolog\u00eda disponible como fuente de vinculaci\u00f3n\u00bb. La condici\u00f3n <em>sine qua non<\/em> del utilizamiento de la tecnolog\u00eda llev\u00f3 a Brother a plantearse un curso destinado exclusivamente a estudiantes que tengan un ADN digital: deben ser nativos digitales. Un proceso en el que, por otra parte, tanto las marcas como los usuarios est\u00e1n metidos de cabeza hace tiempo.<\/p>\n<p>La capacidad de recursos de la regi\u00f3n en general y de Uruguay en particular es lo que buscar\u00e1 aprovechar Digital Brother, a partir de un argumento simple y contundente: \u00abLa comunicaci\u00f3n, tal como la conoc\u00edamos hasta hace unos a\u00f1os, cambi\u00f3; por lo tanto, nosotros debemos cambiar\u00bb. <\/p>\n<p>Los equipos de trabajo involucrados en el curso, finalmente, ser\u00e1n multidisciplinarios, como un modo de asegurar el mejor resultado en todos los proyectos.<\/p>\n<p>El curso durar\u00e1 tres meses y se dictar\u00e1 en Miguel Barreiro 3039, apartamento 2. Para pedir m\u00e1s informaci\u00f3n o para reservar un lugar para la charla, llam\u00e1 a Brother al (598 2) 27090307 o escrib\u00ed a <a href=\"mailto:Montevideo@brotherad.com\" onclick=\"_gaq.push(['_trackEvent','mailto','Montevideo@brotherad.com']);\" >Montevideo@brotherad.com<\/a>. Brother informa que los cupos son limitados.<\/p>\n","protected":false},"excerpt":{"rendered":"<p>(URUGUAY) &#8211; El martes 6, en la sede montevideana de la escuela regional de creativos, se presenta Digital Brother, un programa programa \u00abinspirador, generador de nuevos sue\u00f1os para nuevos talentos que ser\u00e1n cien por ciento nativos desde la creatividad digital\u00bb. El afiche del curso y la imagen futurista con que la escuela lo presenta en sociedad. La sede montevideana de [&hellip;]<\/p>\n","protected":false},"author":3,"featured_media":2132,"comment_status":"open","ping_status":"open","sticky":false,"template":"","format":"standard","meta":{"footnotes":""},"categories":[5],"tags":[290,128,226,31],"class_list":["post-2131","post","type-post","status-publish","format-standard","has-post-thumbnail","hentry","category-lugares-de-estudio","tag-brother-montevideo-uruguay","tag-mauro-suarez-uruguay","tag-montevideo","tag-uruguay"],"_links":{"self":[{"href":"https:\/\/www.primerbrief.com\/index.php?rest_route=\/wp\/v2\/posts\/2131","targetHints":{"allow":["GET"]}}],"collection":[{"href":"https:\/\/www.primerbrief.com\/index.php?rest_route=\/wp\/v2\/posts"}],"about":[{"href":"https:\/\/www.primerbrief.com\/index.php?rest_route=\/wp\/v2\/types\/post"}],"author":[{"embeddable":true,"href":"https:\/\/www.primerbrief.com\/index.php?rest_route=\/wp\/v2\/users\/3"}],"replies":[{"embeddable":true,"href":"https:\/\/www.primerbrief.com\/index.php?rest_route=%2Fwp%2Fv2%2Fcomments&post=2131"}],"version-history":[{"count":2,"href":"https:\/\/www.primerbrief.com\/index.php?rest_route=\/wp\/v2\/posts\/2131\/revisions"}],"predecessor-version":[{"id":2136,"href":"https:\/\/www.primerbrief.com\/index.php?rest_route=\/wp\/v2\/posts\/2131\/revisions\/2136"}],"wp:featuredmedia":[{"embeddable":true,"href":"https:\/\/www.primerbrief.com\/index.php?rest_route=\/wp\/v2\/media\/2132"}],"wp:attachment":[{"href":"https:\/\/www.primerbrief.com\/index.php?rest_route=%2Fwp%2Fv2%2Fmedia&parent=2131"}],"wp:term":[{"taxonomy":"category","embeddable":true,"href":"https:\/\/www.primerbrief.com\/index.php?rest_route=%2Fwp%2Fv2%2Fcategories&post=2131"},{"taxonomy":"post_tag","embeddable":true,"href":"https:\/\/www.primerbrief.com\/index.php?rest_route=%2Fwp%2Fv2%2Ftags&post=2131"}],"curies":[{"name":"wp","href":"https:\/\/api.w.org\/{rel}","templated":true}]}}