{"id":21358,"date":"2013-11-04T04:01:37","date_gmt":"2013-11-04T07:01:37","guid":{"rendered":"http:\/\/www.primerbrief.com\/?p=21358"},"modified":"2013-11-04T12:14:06","modified_gmt":"2013-11-04T15:14:06","slug":"imperdible-concursa-para-estar-nueves-horas-escuchando-a-fernando-vega-olmos","status":"publish","type":"post","link":"https:\/\/www.primerbrief.com\/?p=21358","title":{"rendered":"Imperdible: \u00a1concurs\u00e1 para tener nueve horas de clase con Fernando Vega Olmos!"},"content":{"rendered":"<p><span style=\"font-size: 11pt\"><strong>(ARGENTINA) \u2013 \u00abNo es un ascenso. Es otro mundo\u00bb: con esa frase se presenta el curso \u00abDe creativo a director creativo\u00bb, que ofrece <a href=\"http:\/\/www.miamiadschool.com.ar\/de-creativo-a-director-creativo\/\" onclick=\"_gaq.push(['_trackEvent', 'outbound-article', 'http:\/\/www.miamiadschool.com.ar\/de-creativo-a-director-creativo\/', 'Miami Ad School Pro']);\" target=\"_blank\">Miami Ad School Pro<\/a>, dictado por Fernando Vega Olmos los d\u00edas 11, 13 y 15 de noviembre. Y lo que propone PRIMER BRIEF hoy es un concurso para ganarte una beca y asistir GRATIS al curso. \u00a1Ingres\u00e1 el c\u00f3digo QR y ya est\u00e1s participando!<\/strong><\/span><\/p>\n<p><a href=\"http:\/\/www.primerbrief.com\/wp-content\/uploads\/2013\/11\/ARG-MiamiAdSchoolPRO-FernandoVegaOlmos-GR.jpg\" onclick=\"_gaq.push(['_trackEvent', 'outbound-article-int', 'http:\/\/www.primerbrief.com\/wp-content\/uploads\/2013\/11\/ARG-MiamiAdSchoolPRO-FernandoVegaOlmos-GR.jpg', '']);\" ><img loading=\"lazy\" decoding=\"async\" src=\"http:\/\/www.primerbrief.com\/wp-content\/uploads\/2013\/11\/ARG-MiamiAdSchoolPRO-FernandoVegaOlmos-580px.jpg\" width=\"580\" height=\"347\" class=\"alignleft size-full wp-image-21418\" srcset=\"https:\/\/www.primerbrief.com\/wp-content\/uploads\/2013\/11\/ARG-MiamiAdSchoolPRO-FernandoVegaOlmos-580px.jpg 580w, https:\/\/www.primerbrief.com\/wp-content\/uploads\/2013\/11\/ARG-MiamiAdSchoolPRO-FernandoVegaOlmos-580px-300x179.jpg 300w\" sizes=\"auto, (max-width: 580px) 100vw, 580px\" \/><\/a><br \/>\n<em>Fernando Vega Olmos ya fue varias veces jurado del Festival Internacional de Creatividad de Cannes, y en una ocasi\u00f3n presidi\u00f3 uno de sus jurados, el de V\u00eda P\u00fablica.<\/em><\/p>\n<p>&nbsp;<br \/>\n<a href=\"https:\/\/a.pgtb.me\/dbW8\" onclick=\"_gaq.push(['_trackEvent', 'outbound-article', 'https:\/\/a.pgtb.me\/dbW8', '']);\" target=\"_blank\"><img loading=\"lazy\" decoding=\"async\" src=\"http:\/\/www.primerbrief.com\/wp-content\/uploads\/2013\/11\/ARG-MiamiAdSchoolPRO-FVO-CodigoQR-200px.jpg\" width=\"200\" height=\"200\" class=\"alignleft size-full wp-image-21416\" style=\"margin: 0px 10px 0px 0px\" srcset=\"https:\/\/www.primerbrief.com\/wp-content\/uploads\/2013\/11\/ARG-MiamiAdSchoolPRO-FVO-CodigoQR-200px.jpg 200w, https:\/\/www.primerbrief.com\/wp-content\/uploads\/2013\/11\/ARG-MiamiAdSchoolPRO-FVO-CodigoQR-200px-150x150.jpg 150w\" sizes=\"auto, (max-width: 200px) 100vw, 200px\" \/><\/a>Todo creativo quiere transformarse en director creativo, o por lo menos ac\u00e1 en la Argentina; pero entre estas dos posiciones hay mucho m\u00e1s que un simple ascenso.<\/p>\n<p>\u00bfEn qu\u00e9 se parecen y en qu\u00e9 difieren ambos roles? \u00bfQu\u00e9 hay que olvidar y qu\u00e9 hay que tratar de conservar al dar el paso? El director creativo \u00bfes el due\u00f1o de la primera idea o de la \u00faltima palabra? \u00bfC\u00f3mo manejar conceptos como colaboraci\u00f3n, conducci\u00f3n, acompa\u00f1amiento, estilo, organizaci\u00f3n? \u00bfC\u00f3mo interactuar con el cliente y las otras \u00e1reas de la agencia?<\/p>\n<p>Fernando Vega Olmos, referente ineludible de la creatividad argentina, ha ejercido la direcci\u00f3n creativa de agencias propias y ajenas, en su pa\u00eds y en el exterior, y escal\u00f3 desde responsabilidades locales hasta la direcci\u00f3n creativa mundial de <a href=\"http:\/\/www.jwt.com\" onclick=\"_gaq.push(['_trackEvent', 'outbound-article', 'http:\/\/www.jwt.com', 'JWT']);\" target=\"_blank\">JWT<\/a>.<\/p>\n<p><a href=\"http:\/\/www.primerbrief.com\/wp-content\/uploads\/2013\/10\/MAS-VegaOlmos-580px.jpg\" onclick=\"_gaq.push(['_trackEvent', 'outbound-article-int', 'http:\/\/www.primerbrief.com\/wp-content\/uploads\/2013\/10\/MAS-VegaOlmos-580px.jpg', '']);\" ><img loading=\"lazy\" decoding=\"async\" src=\"http:\/\/www.primerbrief.com\/wp-content\/uploads\/2013\/10\/MAS-VegaOlmos-580px.jpg\" alt=\"\" title=\"MAS-VegaOlmos-580px\" width=\"580\" height=\"226\" class=\"alignleft size-full wp-image-21360\" srcset=\"https:\/\/www.primerbrief.com\/wp-content\/uploads\/2013\/10\/MAS-VegaOlmos-580px.jpg 580w, https:\/\/www.primerbrief.com\/wp-content\/uploads\/2013\/10\/MAS-VegaOlmos-580px-300x116.jpg 300w\" sizes=\"auto, (max-width: 580px) 100vw, 580px\" \/><\/a><br \/>\n<em>Nueve horas divididas en tres ma\u00f1anas: todas se desarrollar\u00e1n en Munich 1735, la sede de Miami Ad School Buenos Aires.<\/em><\/p>\n<p>&nbsp;<br \/>\nEl curso, ofrecido en la modalidad Miami Ad School PRO, tendr\u00e1 lugar el lunes 11, el mi\u00e9rcoles 13 y y el viernes 15 de noviembre. Como dice el flyer de arriba, 9 horas en 3 ma\u00f1anas. Para consultar vacantes y reservar tu lugar, envi\u00e1 un email a <a href=\"mailto:jorge@miamiadschool.com\" onclick=\"_gaq.push(['_trackEvent','mailto','jorge@miamiadschool.com']);\" >jorge@miamiadschool.com<\/a>.<\/p>\n<p>Y para enterarte de los pr\u00f3ximos cursos, <a href=\"http:\/\/miamiadschool.us5.list-manage1.com\/subscribe?u=7b193eca19387242b05d9cada&#038;id=1d0bc5c873\" onclick=\"_gaq.push(['_trackEvent', 'outbound-article', 'http:\/\/miamiadschool.us5.list-manage1.com\/subscribe?u=7b193eca19387242b05d9cada&#038;id=1d0bc5c873', 'registrate ac\u00e1']);\" target=\"_blank\">registrate ac\u00e1<\/a>.<\/p>\n<p><iframe loading=\"lazy\" width=\"580\" height=\"435\" src=\"\/\/www.youtube.com\/embed\/mEfztKwKGVc\" frameborder=\"0\" allowfullscreen><\/iframe><br \/>\n<em>Para que \u00abpesques\u00bb m\u00e1s cabalmente qui\u00e9n es Fernando Vega Olmos, mir\u00e1 este video: pertenece a una serie con que Cannes Lions present\u00f3 en 2011 a varios de los creativos prestigiosos del mundo dando sus claves para ganar premios en ese festival.<\/em><br \/>\n&nbsp;<br \/>\n&nbsp;<\/p>\n","protected":false},"excerpt":{"rendered":"<p>(ARGENTINA) \u2013 \u00abNo es un ascenso. Es otro mundo\u00bb: con esa frase se presenta el curso \u00abDe creativo a director creativo\u00bb, que ofrece Miami Ad School Pro, dictado por Fernando Vega Olmos los d\u00edas 11, 13 y 15 de noviembre. Y lo que propone PRIMER BRIEF hoy es un concurso para ganarte una beca y asistir GRATIS al curso. \u00a1Ingres\u00e1 [&hellip;]<\/p>\n","protected":false},"author":1,"featured_media":21359,"comment_status":"open","ping_status":"open","sticky":false,"template":"","format":"standard","meta":{"footnotes":""},"categories":[5],"tags":[26,1275,1418,2967],"class_list":["post-21358","post","type-post","status-publish","format-standard","has-post-thumbnail","hentry","category-lugares-de-estudio","tag-argentina","tag-fernando-vega-olmos-argentina","tag-miami-ad-school-buenos-aires-argentina","tag-miami-ad-school-pro"],"_links":{"self":[{"href":"https:\/\/www.primerbrief.com\/index.php?rest_route=\/wp\/v2\/posts\/21358","targetHints":{"allow":["GET"]}}],"collection":[{"href":"https:\/\/www.primerbrief.com\/index.php?rest_route=\/wp\/v2\/posts"}],"about":[{"href":"https:\/\/www.primerbrief.com\/index.php?rest_route=\/wp\/v2\/types\/post"}],"author":[{"embeddable":true,"href":"https:\/\/www.primerbrief.com\/index.php?rest_route=\/wp\/v2\/users\/1"}],"replies":[{"embeddable":true,"href":"https:\/\/www.primerbrief.com\/index.php?rest_route=%2Fwp%2Fv2%2Fcomments&post=21358"}],"version-history":[{"count":7,"href":"https:\/\/www.primerbrief.com\/index.php?rest_route=\/wp\/v2\/posts\/21358\/revisions"}],"predecessor-version":[{"id":21428,"href":"https:\/\/www.primerbrief.com\/index.php?rest_route=\/wp\/v2\/posts\/21358\/revisions\/21428"}],"wp:featuredmedia":[{"embeddable":true,"href":"https:\/\/www.primerbrief.com\/index.php?rest_route=\/wp\/v2\/media\/21359"}],"wp:attachment":[{"href":"https:\/\/www.primerbrief.com\/index.php?rest_route=%2Fwp%2Fv2%2Fmedia&parent=21358"}],"wp:term":[{"taxonomy":"category","embeddable":true,"href":"https:\/\/www.primerbrief.com\/index.php?rest_route=%2Fwp%2Fv2%2Fcategories&post=21358"},{"taxonomy":"post_tag","embeddable":true,"href":"https:\/\/www.primerbrief.com\/index.php?rest_route=%2Fwp%2Fv2%2Ftags&post=21358"}],"curies":[{"name":"wp","href":"https:\/\/api.w.org\/{rel}","templated":true}]}}