{"id":21799,"date":"2013-11-19T03:59:58","date_gmt":"2013-11-19T06:59:58","guid":{"rendered":"http:\/\/www.primerbrief.com\/?p=21799"},"modified":"2013-11-19T00:13:13","modified_gmt":"2013-11-19T03:13:13","slug":"club-de-creativos-dia-a","status":"publish","type":"post","link":"https:\/\/www.primerbrief.com\/?p=21799","title":{"rendered":"Club de Creativos de Espa\u00f1a: llega el D\u00eda A"},"content":{"rendered":"<p><span style=\"font-size: 11pt\"><strong>(ESPA\u00d1A) \u2013 El D\u00eda A: la quinta edici\u00f3n del encuentro entre creativos y anunciantes que organiza el <a href=\"http:\/\/www.clubdecreativos.com\/\" onclick=\"_gaq.push(['_trackEvent', 'outbound-article', 'http:\/\/www.clubdecreativos.com\/', 'Club de Creativos de Espa\u00f1a']);\" target=\"_blank\">Club de Creativos de Espa\u00f1a<\/a>, titulada \u201cLa marca \u00fatil\u201d, intentar\u00e1, como en ediciones anteriores, ser una jornada eminentemente pr\u00e1ctica que ayude a directores de marketing, de publicidad y de comunicaci\u00f3n y a creativos en su trabajo diario. Se celebrar\u00e1 en Torrelodones el 21 y 22 de noviembre.<\/strong><\/span><\/p>\n<p><a href=\"http:\/\/www.primerbrief.com\/wp-content\/uploads\/2013\/11\/cdec-dia-a-580px.jpg\" onclick=\"_gaq.push(['_trackEvent', 'outbound-article-int', 'http:\/\/www.primerbrief.com\/wp-content\/uploads\/2013\/11\/cdec-dia-a-580px.jpg', '']);\" ><img loading=\"lazy\" decoding=\"async\" src=\"http:\/\/www.primerbrief.com\/wp-content\/uploads\/2013\/11\/cdec-dia-a-580px.jpg\" alt=\"\" title=\"cdec-dia-a-580px\" width=\"580\" height=\"303\" class=\"alignleft size-full wp-image-21802\" srcset=\"https:\/\/www.primerbrief.com\/wp-content\/uploads\/2013\/11\/cdec-dia-a-580px.jpg 580w, https:\/\/www.primerbrief.com\/wp-content\/uploads\/2013\/11\/cdec-dia-a-580px-300x156.jpg 300w\" sizes=\"auto, (max-width: 580px) 100vw, 580px\" \/><\/a><br \/>\n<em>CdeC: se acerca el D\u00eda A.<\/em><\/p>\n<p>&nbsp;<br \/>\nEntre este jueves y este viernes se hablar\u00e1 de la utilidad de la marca o del esfuerzo de las marcas por satisfacer gustos y necesidades de sus consumidores m\u00e1s all\u00e1 de la funcionalidad intr\u00ednseca del producto, como para incrementar el valor de la marca de forma que se convierta en presencia relevante para los consumidores.<\/p>\n<p>El encuentro es una combinaci\u00f3n de ponencias, exposici\u00f3n de casos y mesas de trabajo. La ma\u00f1ana del 21 de noviembre se iniciar\u00e1 con la intervenci\u00f3n de cinco ponentes que llevan a\u00f1os trabajando en la utilidad de las marcas, como son los planificadores estrat\u00e9gicos Alex Pallete y Gem Romero; el director de comunicaci\u00f3n integrada de Coca Cola, Ismael Pascual; la que ha sido hasta muy recientemente consejera delegada de Ing Direct, Carina Szpilka; y el creativo Daniel Calabuig.<\/p>\n<p>Para esta edici\u00f3n se contar\u00e1 con entre 30-35 anunciantes de las principales compa\u00f1\u00edas que operan en Espa\u00f1a e igual n\u00famero de directores creativos, socios del CdeC. Estos 70 profesionales ser\u00e1n los que conformen las mesas de trabajo que en la tarde del 21 de noviembre hallar\u00e1n nuevas utilidades para los productos propuestos.<\/p>\n<p>Mir\u00e1 el <a href=\"http:\/\/www.clubdecreativos.com\/descargas\/Clients\/\/DiaA_Graficas\/ProgramadiaA.pdf\" onclick=\"_gaq.push(['_trackEvent','download','http:\/\/www.clubdecreativos.com\/descargas\/Clients\/\/DiaA_Graficas\/ProgramadiaA.pdf']);\" target=\"_blank\">programa<\/a> y observ\u00e1 la agenda de los dos d\u00edas. <\/p>\n<p>&nbsp;<br \/>\n<strong>CONCLUSIONES EN ABIERTO<\/strong><\/p>\n<p>En la ma\u00f1ana del 22 de noviembre, el D\u00eda A continuar\u00e1 con una sesi\u00f3n abierta al p\u00fablico en la que participar\u00e1 el fundador y responsable de la consultora Ideas for Change, Javier Creus, y en la que un portavoz de cada una de las mesas expondr\u00e1 cu\u00e1les han sido las conclusiones de los trabajos.<\/p>\n<p>Para acudir a esta sesi\u00f3n, que se celebrar\u00e1 en la Casa de la Cultura de Torrelodones, es imprescindible inscribirse mediante el siguiente <a href=\"http:\/\/www.clubdecreativos.com\/noticias\/v-dia-a-la-marca-util?utm_medium=email&#038;utm_campaign=%7C+El+D%C3%ADa+que+las+marcas+hablan+tu+mismo+...&#038;utm_source=NAVIDAD&#038;utm_term=hey6_06video_3.png\" onclick=\"_gaq.push(['_trackEvent', 'outbound-article', 'http:\/\/www.clubdecreativos.com\/noticias\/v-dia-a-la-marca-util?utm_medium=email&#038;utm_campaign=%7C+El+D%C3%ADa+que+las+marcas+hablan+tu+mismo+...&#038;utm_source=NAVIDAD&#038;utm_term=hey6_06video_3.png', 'formulario']);\" target=\"_blank\">formulario<\/a>.<br \/>\n&nbsp;<br \/>\n&nbsp;<\/p>\n","protected":false},"excerpt":{"rendered":"<p>(ESPA\u00d1A) \u2013 El D\u00eda A: la quinta edici\u00f3n del encuentro entre creativos y anunciantes que organiza el Club de Creativos de Espa\u00f1a, titulada \u201cLa marca \u00fatil\u201d, intentar\u00e1, como en ediciones anteriores, ser una jornada eminentemente pr\u00e1ctica que ayude a directores de marketing, de publicidad y de comunicaci\u00f3n y a creativos en su trabajo diario. Se celebrar\u00e1 en Torrelodones el 21 [&hellip;]<\/p>\n","protected":false},"author":1,"featured_media":21801,"comment_status":"open","ping_status":"open","sticky":false,"template":"","format":"standard","meta":{"footnotes":""},"categories":[1156],"tags":[1003,48],"class_list":["post-21799","post","type-post","status-publish","format-standard","has-post-thumbnail","hentry","category-eventos","tag-club-de-creativos-de-espana","tag-espana"],"_links":{"self":[{"href":"https:\/\/www.primerbrief.com\/index.php?rest_route=\/wp\/v2\/posts\/21799","targetHints":{"allow":["GET"]}}],"collection":[{"href":"https:\/\/www.primerbrief.com\/index.php?rest_route=\/wp\/v2\/posts"}],"about":[{"href":"https:\/\/www.primerbrief.com\/index.php?rest_route=\/wp\/v2\/types\/post"}],"author":[{"embeddable":true,"href":"https:\/\/www.primerbrief.com\/index.php?rest_route=\/wp\/v2\/users\/1"}],"replies":[{"embeddable":true,"href":"https:\/\/www.primerbrief.com\/index.php?rest_route=%2Fwp%2Fv2%2Fcomments&post=21799"}],"version-history":[{"count":6,"href":"https:\/\/www.primerbrief.com\/index.php?rest_route=\/wp\/v2\/posts\/21799\/revisions"}],"predecessor-version":[{"id":21806,"href":"https:\/\/www.primerbrief.com\/index.php?rest_route=\/wp\/v2\/posts\/21799\/revisions\/21806"}],"wp:featuredmedia":[{"embeddable":true,"href":"https:\/\/www.primerbrief.com\/index.php?rest_route=\/wp\/v2\/media\/21801"}],"wp:attachment":[{"href":"https:\/\/www.primerbrief.com\/index.php?rest_route=%2Fwp%2Fv2%2Fmedia&parent=21799"}],"wp:term":[{"taxonomy":"category","embeddable":true,"href":"https:\/\/www.primerbrief.com\/index.php?rest_route=%2Fwp%2Fv2%2Fcategories&post=21799"},{"taxonomy":"post_tag","embeddable":true,"href":"https:\/\/www.primerbrief.com\/index.php?rest_route=%2Fwp%2Fv2%2Ftags&post=21799"}],"curies":[{"name":"wp","href":"https:\/\/api.w.org\/{rel}","templated":true}]}}