{"id":21857,"date":"2013-11-19T03:58:39","date_gmt":"2013-11-19T06:58:39","guid":{"rendered":"http:\/\/www.primerbrief.com\/?p=21857"},"modified":"2013-11-18T23:47:15","modified_gmt":"2013-11-19T02:47:15","slug":"el-almacen-de-miradas-pasado-manana-en-la-uai-rosario","status":"publish","type":"post","link":"https:\/\/www.primerbrief.com\/?p=21857","title":{"rendered":"El Almac\u00e9n de Miradas, pasado ma\u00f1ana en la UAI Rosario"},"content":{"rendered":"<p><span style=\"font-size: 11pt\"><strong>(ARGENTINA) \u2013 Este jueves 21 de noviembre, desde las 10 de la ma\u00f1ana en el Aula Magna de la <a href=\"http:\/\/http:\/\/www.uai.edu.ar\/\" onclick=\"_gaq.push(['_trackEvent', 'outbound-article', 'http:\/\/http:\/\/www.uai.edu.ar\/', 'UAI Sede Rosario']);\" target=\"_blank\">UAI Sede Rosario<\/a>, se realizar\u00e1 el Almac\u00e9n de Miradas. \u00bfQuer\u00e9s ver el programa?<\/strong><\/span><\/p>\n<p><a href=\"http:\/\/www.primerbrief.com\/wp-content\/uploads\/2013\/11\/uai-rosario-800px.jpg\" onclick=\"_gaq.push(['_trackEvent', 'outbound-article-int', 'http:\/\/www.primerbrief.com\/wp-content\/uploads\/2013\/11\/uai-rosario-800px.jpg', '']);\" ><img loading=\"lazy\" decoding=\"async\" src=\"http:\/\/www.primerbrief.com\/wp-content\/uploads\/2013\/11\/uai-rosario-580px.jpg\" alt=\"\" title=\"uai-rosario-580px\" width=\"580\" height=\"326\" class=\"alignleft size-full wp-image-21859\" srcset=\"https:\/\/www.primerbrief.com\/wp-content\/uploads\/2013\/11\/uai-rosario-580px.jpg 580w, https:\/\/www.primerbrief.com\/wp-content\/uploads\/2013\/11\/uai-rosario-580px-300x168.jpg 300w\" sizes=\"auto, (max-width: 580px) 100vw, 580px\" \/><\/a><br \/>\n<em>Para ver el cronograma completo, hac\u00e9 clic en la imagen.<\/em><\/p>\n<p>&nbsp;<br \/>\nEl Almac\u00e9n de Miradas es la muestra anual de trabajos realizados por alumnos de la UAI Rosario.<\/p>\n<p>Este jueves 21, a las 10 de la ma\u00f1ana, el evento comenzar\u00e1 con la presentaci\u00f3n de Natalia Carrara, redactora en <a href=\"http:\/\/www.ddbargentina.com\/\" onclick=\"_gaq.push(['_trackEvent', 'outbound-article', 'http:\/\/www.ddbargentina.com\/', 'DDB Buenos Aires']);\" target=\"_blank\">DDB Buenos Aires<\/a>, junto a Manuela Charre, directora de arte en <a href=\"http:\/\/www.leoburnettargentina.com\" onclick=\"_gaq.push(['_trackEvent', 'outbound-article', 'http:\/\/www.leoburnettargentina.com', 'Leo Burnett']);\" target=\"_blank\">Leo Burnett<\/a>. Tras ellas llegar\u00e1, a las 11.30, el local Carlos Bartolom\u00e9, de su propia agencia, <a href=\"http:\/\/www.cbartolome.com.ar\" onclick=\"_gaq.push(['_trackEvent', 'outbound-article', 'http:\/\/www.cbartolome.com.ar', 'Bartolom\u00e9']);\" target=\"_blank\">Bartolom\u00e9<\/a>.<\/p>\n<p>A las 14 ser\u00e1 la segunda parte, con Luis Nazer, presidente de la agencia <a href=\"http:\/\/www.nzrsa.com.ar\/\u200e\" onclick=\"_gaq.push(['_trackEvent', 'outbound-article', 'http:\/\/www.nzrsa.com.ar\/\u200e', 'NZR\u200e']);\" target=\"_blank\">NZR\u200e<\/a>, y el programa finalizar\u00e1 con Ruben Martines, de la agencia <a href=\"http:\/\/www.tandempublicidad.com\/\u200e\" onclick=\"_gaq.push(['_trackEvent', 'outbound-article', 'http:\/\/www.tandempublicidad.com\/\u200e', 'T\u00e1ndem']);\" target=\"_blank\">T\u00e1ndem<\/a>.<\/p>\n<p>Para tener m\u00e1s informaci\u00f3n y saber las novedades, segu\u00ed el evento en <a href=\"http:\/\/www.facebook.com\/AlmacenDeMiradas\" onclick=\"_gaq.push(['_trackEvent', 'outbound-article', 'http:\/\/www.facebook.com\/AlmacenDeMiradas', 'Facebook']);\" target=\"_blank\">Facebook<\/a>.<br \/>\n&nbsp;<br \/>\n&nbsp;<\/p>\n","protected":false},"excerpt":{"rendered":"<p>(ARGENTINA) \u2013 Este jueves 21 de noviembre, desde las 10 de la ma\u00f1ana en el Aula Magna de la UAI Sede Rosario, se realizar\u00e1 el Almac\u00e9n de Miradas. \u00bfQuer\u00e9s ver el programa? Para ver el cronograma completo, hac\u00e9 clic en la imagen. &nbsp; El Almac\u00e9n de Miradas es la muestra anual de trabajos realizados por alumnos de la UAI Rosario. [&hellip;]<\/p>\n","protected":false},"author":1,"featured_media":21858,"comment_status":"open","ping_status":"open","sticky":false,"template":"","format":"standard","meta":{"footnotes":""},"categories":[1156],"tags":[3038,26,3036,3035,3034,3033,3037,2669],"class_list":["post-21857","post","type-post","status-publish","format-standard","has-post-thumbnail","hentry","category-eventos","tag-almacen-de-miradas","tag-argentina","tag-carlos-bartolome-argentina","tag-luis-nazer-argentina","tag-manuela-charre-argentina","tag-natalia-carrara-argentina","tag-ruben-martines-argentina","tag-universidad-abierta-interamericana-rosario-argentina"],"_links":{"self":[{"href":"https:\/\/www.primerbrief.com\/index.php?rest_route=\/wp\/v2\/posts\/21857","targetHints":{"allow":["GET"]}}],"collection":[{"href":"https:\/\/www.primerbrief.com\/index.php?rest_route=\/wp\/v2\/posts"}],"about":[{"href":"https:\/\/www.primerbrief.com\/index.php?rest_route=\/wp\/v2\/types\/post"}],"author":[{"embeddable":true,"href":"https:\/\/www.primerbrief.com\/index.php?rest_route=\/wp\/v2\/users\/1"}],"replies":[{"embeddable":true,"href":"https:\/\/www.primerbrief.com\/index.php?rest_route=%2Fwp%2Fv2%2Fcomments&post=21857"}],"version-history":[{"count":7,"href":"https:\/\/www.primerbrief.com\/index.php?rest_route=\/wp\/v2\/posts\/21857\/revisions"}],"predecessor-version":[{"id":21867,"href":"https:\/\/www.primerbrief.com\/index.php?rest_route=\/wp\/v2\/posts\/21857\/revisions\/21867"}],"wp:featuredmedia":[{"embeddable":true,"href":"https:\/\/www.primerbrief.com\/index.php?rest_route=\/wp\/v2\/media\/21858"}],"wp:attachment":[{"href":"https:\/\/www.primerbrief.com\/index.php?rest_route=%2Fwp%2Fv2%2Fmedia&parent=21857"}],"wp:term":[{"taxonomy":"category","embeddable":true,"href":"https:\/\/www.primerbrief.com\/index.php?rest_route=%2Fwp%2Fv2%2Fcategories&post=21857"},{"taxonomy":"post_tag","embeddable":true,"href":"https:\/\/www.primerbrief.com\/index.php?rest_route=%2Fwp%2Fv2%2Ftags&post=21857"}],"curies":[{"name":"wp","href":"https:\/\/api.w.org\/{rel}","templated":true}]}}