{"id":21971,"date":"2013-11-22T04:00:17","date_gmt":"2013-11-22T07:00:17","guid":{"rendered":"http:\/\/www.primerbrief.com\/?p=21971"},"modified":"2013-11-22T01:03:46","modified_gmt":"2013-11-22T04:03:46","slug":"diente-2013-el-jurado-de-grafica-ya-juzgo-las-83-inscripciones-de-estudiantes","status":"publish","type":"post","link":"https:\/\/www.primerbrief.com\/?p=21971","title":{"rendered":"Diente 2013: el jurado de Gr\u00e1fica ya juzg\u00f3 las 83 inscripciones de Estudiantes"},"content":{"rendered":"<p><span style=\"font-size: 11pt\"><strong>(ARGENTINA) \u2013 Los 15 jurados que en la edici\u00f3n 2013 del <a href=\"http:\/\/www.creativosargentinos.org\/site\/?page_id=1402\" onclick=\"_gaq.push(['_trackEvent', 'outbound-article', 'http:\/\/www.creativosargentinos.org\/site\/?page_id=1402', 'Diente']);\" target=\"_blank\">Diente<\/a>, el premio del <a href=\"http:\/\/www.creativosargentinos.org\" onclick=\"_gaq.push(['_trackEvent', 'outbound-article', 'http:\/\/www.creativosargentinos.org', 'C\u00edrculo de Creativos Argentinos']);\" target=\"_blank\">C\u00edrculo de Creativos Argentinos<\/a>, juzgaban tanto la categor\u00eda Gr\u00e1fica profesional como la de los Estudiantes realizaron ayer su trabajo en las oficinas de Google Argentina. El martes pr\u00f3ximo se conocer\u00e1n los finalistas y el mi\u00e9rcoles ser\u00e1 la entrega anual de premios, en el aula magna de la Facultad de Derecho de la UBA. \u00bfLa excelente noticia del a\u00f1o? \u00a1Que el n\u00famero de inscripciones de la categor\u00eda se duplic\u00f3, ya que se pas\u00f3 de las 40 de 2012 a las 83 de 2013!<\/strong><\/span><\/p>\n<p><a href=\"http:\/\/www.primerbrief.com\/wp-content\/uploads\/2013\/11\/ARG-JuzgamientoDiente2013-Estudiantes-Foto1-GR.jpg\" onclick=\"_gaq.push(['_trackEvent', 'outbound-article-int', 'http:\/\/www.primerbrief.com\/wp-content\/uploads\/2013\/11\/ARG-JuzgamientoDiente2013-Estudiantes-Foto1-GR.jpg', '']);\" ><img loading=\"lazy\" decoding=\"async\" src=\"http:\/\/www.primerbrief.com\/wp-content\/uploads\/2013\/11\/ARG-JuzgamientoDiente2013-Estudiantes-Foto1-580px.jpg\" width=\"580\" height=\"330\" class=\"alignleft size-full wp-image-21974\" srcset=\"https:\/\/www.primerbrief.com\/wp-content\/uploads\/2013\/11\/ARG-JuzgamientoDiente2013-Estudiantes-Foto1-580px.jpg 580w, https:\/\/www.primerbrief.com\/wp-content\/uploads\/2013\/11\/ARG-JuzgamientoDiente2013-Estudiantes-Foto1-580px-300x170.jpg 300w\" sizes=\"auto, (max-width: 580px) 100vw, 580px\" \/><\/a><br \/>\n<em>Los jurados de Gr\u00e1fica y de Estudiantes en plena tarea. (Foto: Prensa CCA \/ Ignacio Cangelo)<\/em><\/p>\n<p>&nbsp;<br \/>\nNo fueron s\u00f3lo las categor\u00edas de Gr\u00e1fica y de Estudiantes las que se juzgaron ayer: pr\u00e1cticamente toda la selecci\u00f3n creativa del Diente 2013 est\u00e1 hecha, para ansiedad e intriga de toda la industria publicitaria argentina, que deber\u00e1 esperar hasta la noche del mi\u00e9rcoles 27 de este mes para saber qui\u00e9nes son los grandes ganadores del a\u00f1o para el C\u00edrculo.<\/p>\n<p>Lo que s\u00ed puede anunciarse ya es que, as\u00ed como el a\u00f1o pasado los grandes homenajeados por su carrera fueron Ramiro Agulla y Carlos Baccetti y en 2011 hab\u00eda sido Ernesto Savaglio, en 2013 le lleg\u00f3 el turno a Hern\u00e1n Ponce. \u00abA todos los que formamos parte de la Comisi\u00f3n del CCA nos enorgullece celebrar a Hern\u00e1n Ponce y todo lo que su trabajo hizo y hace por nuestra industria\u00bb, afirm\u00f3 Gast\u00f3n Bigio, presidente del CCA.<\/p>\n<p>Por otra parte, el C\u00edrculo tambi\u00e9n dio a conocer los nombres de quienes recibir\u00e1n este a\u00f1o los premios Creativo Argentino (que no pueden ser publicitarios): ser\u00e1n Emiliano Kargiem\u00e1n, creador del nano sat\u00e9lite Capit\u00e1n Beto; Manuel Lozano, creador de la Fundaci\u00f3n S\u00ed; Estanislao Bachrach, creador del libro <em>\u00c1gilmente<\/em>; y Mario Pergolini, por V\u00f3rterix.<\/p>\n<p>&nbsp;<br \/>\n<a href=\"http:\/\/www.primerbrief.com\/wp-content\/uploads\/2013\/11\/ARG-JuzgamientoDiente2013-Estudiantes-Foto2-GR.jpg\" onclick=\"_gaq.push(['_trackEvent', 'outbound-article-int', 'http:\/\/www.primerbrief.com\/wp-content\/uploads\/2013\/11\/ARG-JuzgamientoDiente2013-Estudiantes-Foto2-GR.jpg', '']);\" ><img loading=\"lazy\" decoding=\"async\" src=\"http:\/\/www.primerbrief.com\/wp-content\/uploads\/2013\/11\/ARG-JuzgamientoDiente2013-Estudiantes-Foto2-580px.jpg\" width=\"580\" height=\"330\" class=\"alignleft size-full wp-image-21976\" srcset=\"https:\/\/www.primerbrief.com\/wp-content\/uploads\/2013\/11\/ARG-JuzgamientoDiente2013-Estudiantes-Foto2-580px.jpg 580w, https:\/\/www.primerbrief.com\/wp-content\/uploads\/2013\/11\/ARG-JuzgamientoDiente2013-Estudiantes-Foto2-580px-300x170.jpg 300w\" sizes=\"auto, (max-width: 580px) 100vw, 580px\" \/><\/a><br \/>\n<em>Los jurados escuchando indicaciones. (Foto: Prensa CCA \/ Ignacio Cangelo)<\/em><\/p>\n<p>&nbsp;<br \/>\n<a href=\"http:\/\/www.primerbrief.com\/wp-content\/uploads\/2013\/11\/ARG-JuzgamientoDiente2013-Estudiantes-Foto3-GR.jpg\" onclick=\"_gaq.push(['_trackEvent', 'outbound-article-int', 'http:\/\/www.primerbrief.com\/wp-content\/uploads\/2013\/11\/ARG-JuzgamientoDiente2013-Estudiantes-Foto3-GR.jpg', '']);\" ><img loading=\"lazy\" decoding=\"async\" src=\"http:\/\/www.primerbrief.com\/wp-content\/uploads\/2013\/11\/ARG-JuzgamientoDiente2013-Estudiantes-Foto3-580px.jpg\" width=\"580\" height=\"330\" class=\"alignleft size-full wp-image-21978\" srcset=\"https:\/\/www.primerbrief.com\/wp-content\/uploads\/2013\/11\/ARG-JuzgamientoDiente2013-Estudiantes-Foto3-580px.jpg 580w, https:\/\/www.primerbrief.com\/wp-content\/uploads\/2013\/11\/ARG-JuzgamientoDiente2013-Estudiantes-Foto3-580px-300x170.jpg 300w\" sizes=\"auto, (max-width: 580px) 100vw, 580px\" \/><\/a><br \/>\n<em>El presidente de las categor\u00edas Gr\u00e1fica y Estudiantes, Marcelo Vergara (Publicis), junto a los catorce jurados: Ale Barredo (Fischer America), Charlie Lan\u00fas (Del Campo S&#038;S), Diego Correa (Savaglio Studio), Diego Tuya (Young &#038; Rubicam), Facundo Ardila (DraftFCB), Fernando Serra (TBWA), Fernando Zagales (JWT), Gast\u00f3n G\u00e1ndara (ADN), Joaqu\u00edn Campins (BBDO), Juan Ignacio Etchanique (Santo), Lisandro Cardozo (Grey), Luciano D\u2019Amelio (Leo Burnett), Maximiliano Maddalena (Ogilvy) y Nicolas Larroquet (La Comunidad). (Foto: Prensa CCA \/ Ignacio Cangelo)<\/em><br \/>\n&nbsp;<br \/>\n&nbsp;<\/p>\n","protected":false},"excerpt":{"rendered":"<p>(ARGENTINA) \u2013 Los 15 jurados que en la edici\u00f3n 2013 del Diente, el premio del C\u00edrculo de Creativos Argentinos, juzgaban tanto la categor\u00eda Gr\u00e1fica profesional como la de los Estudiantes realizaron ayer su trabajo en las oficinas de Google Argentina. El martes pr\u00f3ximo se conocer\u00e1n los finalistas y el mi\u00e9rcoles ser\u00e1 la entrega anual de premios, en el aula magna [&hellip;]<\/p>\n","protected":false},"author":3,"featured_media":21972,"comment_status":"open","ping_status":"open","sticky":false,"template":"","format":"standard","meta":{"footnotes":""},"categories":[145],"tags":[26,228,2916,2974],"class_list":["post-21971","post","type-post","status-publish","format-standard","has-post-thumbnail","hentry","category-premios","tag-argentina","tag-circulo-de-creativos-argentinos","tag-diente-2013","tag-marcelo-vergara-argentina"],"_links":{"self":[{"href":"https:\/\/www.primerbrief.com\/index.php?rest_route=\/wp\/v2\/posts\/21971","targetHints":{"allow":["GET"]}}],"collection":[{"href":"https:\/\/www.primerbrief.com\/index.php?rest_route=\/wp\/v2\/posts"}],"about":[{"href":"https:\/\/www.primerbrief.com\/index.php?rest_route=\/wp\/v2\/types\/post"}],"author":[{"embeddable":true,"href":"https:\/\/www.primerbrief.com\/index.php?rest_route=\/wp\/v2\/users\/3"}],"replies":[{"embeddable":true,"href":"https:\/\/www.primerbrief.com\/index.php?rest_route=%2Fwp%2Fv2%2Fcomments&post=21971"}],"version-history":[{"count":3,"href":"https:\/\/www.primerbrief.com\/index.php?rest_route=\/wp\/v2\/posts\/21971\/revisions"}],"predecessor-version":[{"id":21982,"href":"https:\/\/www.primerbrief.com\/index.php?rest_route=\/wp\/v2\/posts\/21971\/revisions\/21982"}],"wp:featuredmedia":[{"embeddable":true,"href":"https:\/\/www.primerbrief.com\/index.php?rest_route=\/wp\/v2\/media\/21972"}],"wp:attachment":[{"href":"https:\/\/www.primerbrief.com\/index.php?rest_route=%2Fwp%2Fv2%2Fmedia&parent=21971"}],"wp:term":[{"taxonomy":"category","embeddable":true,"href":"https:\/\/www.primerbrief.com\/index.php?rest_route=%2Fwp%2Fv2%2Fcategories&post=21971"},{"taxonomy":"post_tag","embeddable":true,"href":"https:\/\/www.primerbrief.com\/index.php?rest_route=%2Fwp%2Fv2%2Ftags&post=21971"}],"curies":[{"name":"wp","href":"https:\/\/api.w.org\/{rel}","templated":true}]}}