{"id":22012,"date":"2013-11-27T03:59:12","date_gmt":"2013-11-27T06:59:12","guid":{"rendered":"http:\/\/www.primerbrief.com\/?p=22012"},"modified":"2013-12-16T17:18:04","modified_gmt":"2013-12-16T20:18:04","slug":"hay-muchos-carlos-perez-pero-ninguno-como-este","status":"publish","type":"post","link":"https:\/\/www.primerbrief.com\/?p=22012","title":{"rendered":"Se presenta ma\u00f1ana en Uruguay: \u00abHay muchos Carlos P\u00e9rez, pero ninguno como este\u00bb"},"content":{"rendered":"<p><span style=\"font-size: 11pt\"><strong>(URUGUAY) &#8211; El <a href=\"http:\/\/www.circulopublicidad.com\" onclick=\"_gaq.push(['_trackEvent', 'outbound-article', 'http:\/\/www.circulopublicidad.com', 'C\u00edrculo Uruguayo de la Publicidad']);\" target=\"_blank\">C\u00edrculo Uruguayo de la Publicidad<\/a> cierra el a\u00f1o con un evento imperdible. Acercate este jueves 28 de noviembre a la Plaza Manuel Aza\u00f1a de Montevideo, conocida como \u201cla Placita Williman\u201d, y conoc\u00e9 al presidente de BBDO Argentina hablando de los procesos detr\u00e1s de la publicidad en una charla para todo p\u00fablico.<\/strong><\/span><\/p>\n<p><a href=\"http:\/\/www.primerbrief.com\/wp-content\/uploads\/2013\/11\/carlos-perez-700px.jpg\" onclick=\"_gaq.push(['_trackEvent', 'outbound-article-int', 'http:\/\/www.primerbrief.com\/wp-content\/uploads\/2013\/11\/carlos-perez-700px.jpg', '']);\" ><img loading=\"lazy\" decoding=\"async\" src=\"http:\/\/www.primerbrief.com\/wp-content\/uploads\/2013\/11\/carlos-perez-580px.jpg\" alt=\"\" title=\"carlos-perez-580px\" width=\"580\" height=\"399\" class=\"alignleft size-full wp-image-22014\" srcset=\"https:\/\/www.primerbrief.com\/wp-content\/uploads\/2013\/11\/carlos-perez-580px.jpg 580w, https:\/\/www.primerbrief.com\/wp-content\/uploads\/2013\/11\/carlos-perez-580px-300x206.jpg 300w\" sizes=\"auto, (max-width: 580px) 100vw, 580px\" \/><\/a><br \/>\n<em>Carlos P\u00e9rez seg\u00fan el afiche que presenta la charla (clique\u00e1 la imagen para ver el flyer completo).<\/em><\/p>\n<p>&nbsp;<br \/>\nCarlos P\u00e9rez, presidente de la agencia de publicidad <a href=\"http:\/\/www.bbdo.com\" onclick=\"_gaq.push(['_trackEvent', 'outbound-article', 'http:\/\/www.bbdo.com', 'BBDO Argentina']);\" target=\"_blank\">BBDO Argentina<\/a>, responsable de campa\u00f1as para Doritos, Lay&#8217;s, H2O o Nike, dar\u00e1 una charla abierta a todo p\u00fablico titulada <em>Signos de los tiempos, sentido y narrativa<\/em>, con motivo del cierre de cursos de la escuela de publicidad <a href=\"http:\/\/www.ellaboratorio.edu.uy\" onclick=\"_gaq.push(['_trackEvent', 'outbound-article', 'http:\/\/www.ellaboratorio.edu.uy', 'El Laboratorio']);\" target=\"_blank\">El Laboratorio<\/a>.<\/p>\n<p>Es una iniciativa del <a href=\"http:\/\/www.circulopublicidad.com\" onclick=\"_gaq.push(['_trackEvent', 'outbound-article', 'http:\/\/www.circulopublicidad.com', 'C\u00edrculo Uruguayo de la Publicidad']);\" target=\"_blank\">C\u00edrculo Uruguayo de la Publicidad<\/a> y una invitaci\u00f3n a que todos puedan acercarse a conocer un poco m\u00e1s acerca del pensamiento detr\u00e1s de la publicidad. <\/p>\n<p>El <a href=\"http:\/\/www.facebook.com\/events\/211404499032685\/\" onclick=\"_gaq.push(['_trackEvent', 'outbound-article', 'http:\/\/www.facebook.com\/events\/211404499032685\/', 'evento']);\" target=\"_blank\">evento<\/a> ser\u00e1 este jueves 28 a las 20. \u00a1No te lo pierdas!<br \/>\n&nbsp;<br \/>\n&nbsp;<\/p>\n","protected":false},"excerpt":{"rendered":"<p>(URUGUAY) &#8211; El C\u00edrculo Uruguayo de la Publicidad cierra el a\u00f1o con un evento imperdible. Acercate este jueves 28 de noviembre a la Plaza Manuel Aza\u00f1a de Montevideo, conocida como \u201cla Placita Williman\u201d, y conoc\u00e9 al presidente de BBDO Argentina hablando de los procesos detr\u00e1s de la publicidad en una charla para todo p\u00fablico. Carlos P\u00e9rez seg\u00fan el afiche que [&hellip;]<\/p>\n","protected":false},"author":1,"featured_media":22013,"comment_status":"open","ping_status":"open","sticky":false,"template":"","format":"standard","meta":{"footnotes":""},"categories":[1156],"tags":[1272,224,223,31],"class_list":["post-22012","post","type-post","status-publish","format-standard","has-post-thumbnail","hentry","category-eventos","tag-carlos-perez-argentina","tag-circulo-uruguayo-de-la-publicidad","tag-el-laboratorio-uruguay","tag-uruguay"],"_links":{"self":[{"href":"https:\/\/www.primerbrief.com\/index.php?rest_route=\/wp\/v2\/posts\/22012","targetHints":{"allow":["GET"]}}],"collection":[{"href":"https:\/\/www.primerbrief.com\/index.php?rest_route=\/wp\/v2\/posts"}],"about":[{"href":"https:\/\/www.primerbrief.com\/index.php?rest_route=\/wp\/v2\/types\/post"}],"author":[{"embeddable":true,"href":"https:\/\/www.primerbrief.com\/index.php?rest_route=\/wp\/v2\/users\/1"}],"replies":[{"embeddable":true,"href":"https:\/\/www.primerbrief.com\/index.php?rest_route=%2Fwp%2Fv2%2Fcomments&post=22012"}],"version-history":[{"count":11,"href":"https:\/\/www.primerbrief.com\/index.php?rest_route=\/wp\/v2\/posts\/22012\/revisions"}],"predecessor-version":[{"id":22809,"href":"https:\/\/www.primerbrief.com\/index.php?rest_route=\/wp\/v2\/posts\/22012\/revisions\/22809"}],"wp:featuredmedia":[{"embeddable":true,"href":"https:\/\/www.primerbrief.com\/index.php?rest_route=\/wp\/v2\/media\/22013"}],"wp:attachment":[{"href":"https:\/\/www.primerbrief.com\/index.php?rest_route=%2Fwp%2Fv2%2Fmedia&parent=22012"}],"wp:term":[{"taxonomy":"category","embeddable":true,"href":"https:\/\/www.primerbrief.com\/index.php?rest_route=%2Fwp%2Fv2%2Fcategories&post=22012"},{"taxonomy":"post_tag","embeddable":true,"href":"https:\/\/www.primerbrief.com\/index.php?rest_route=%2Fwp%2Fv2%2Ftags&post=22012"}],"curies":[{"name":"wp","href":"https:\/\/api.w.org\/{rel}","templated":true}]}}